{"id":56791,"date":"2024-01-25T21:29:36","date_gmt":"2024-01-25T21:29:36","guid":{"rendered":"https:\/\/blog.corretoraideal.com.br\/?p=56791"},"modified":"2024-01-25T21:29:36","modified_gmt":"2024-01-25T21:29:36","slug":"gol-entra-com-pedido-de-recuperacao-judicial-nos-estados-unidos-economia-g1","status":"publish","type":"post","link":"https:\/\/blog.corretoraideal.com.br\/index.php\/2024\/01\/25\/gol-entra-com-pedido-de-recuperacao-judicial-nos-estados-unidos-economia-g1\/","title":{"rendered":"Gol entra com pedido de recupera\u00e7\u00e3o judicial nos Estados Unidos | Economia | G1"},"content":{"rendered":"<br \/>\n<h1>Gol entra com pedido de recupera\u00e7\u00e3o judicial nos Estados Unidos<\/h1>\n<h2>Segundo a companhia a\u00e9rea, todos os voos est\u00e3o operando conforme programado e todas as passagens a\u00e9reas e reservas permanecem em vigor.<\/h2>\n<p> Por <a class=\"multi_signatures\" href=\"https:\/\/g1.globo.com\/autores\/andre-catto\/\">Andr\u00e9 Catto<\/a>, g1 <\/p>\n<p>  25\/01\/2024 17h38    Atualizado  25\/01\/2024    <\/p>\n<p>                   1 de 1&#013;Avi\u00e3o da Gol se prepara para pousar no aeroporto Santos Dumont, no Rio de Janeiro. \u2014 Foto: Reuters\/Sergio Moraes    <\/p>\n<p> Avi\u00e3o da Gol se prepara para pousar no aeroporto Santos Dumont, no Rio de Janeiro. \u2014 Foto: Reuters\/Sergio Moraes <\/p>\n<p> A Gol anunciou nesta quinta-feira (25) que entrou com pedido de recupera\u00e7\u00e3o judicial nos <a class href=\"https:\/\/g1.globo.com\/tudo-sobre\/estados-unidos\/\">Estados Unidos<\/a>. A medida vale para a companhia e suas subsidi\u00e1rias. <\/p>\n<p> De acordo com a empresa, o objetivo do processo \u00e9 reestruturar suas obriga\u00e7\u00f5es financeiras de curto prazo e &quot;fortalecer sua estrutura de capital para ter sustentabilidade no longo prazo&quot;. <\/p>\n<p> Em nota divulgada \u00e0 imprensa, a companhia a\u00e9rea informou que <strong>todos os voos est\u00e3o operando conforme programado e todas as passagens a\u00e9reas e reservas permanecem em vigor<\/strong><strong>. <\/strong> <\/p>\n<p> &quot;A Gol seguir\u00e1 oferecendo servi\u00e7os de viagens a\u00e9reas seguras, confi\u00e1veis e a baixo custo, proporcionando a melhor experi\u00eancia aos clientes, que poder\u00e3o organizar suas viagens da forma que sempre fizeram&quot;, informou a companhia. <\/p>\n<p> Ainda segundo a Gol, o programa Smiles n\u00e3o ter\u00e1 altera\u00e7\u00f5es e continuar\u00e1 dispon\u00edvel. <\/p>\n<p> Na pr\u00e1tica, a empresa acionou um instrumento legal nos EUA conhecido como &quot;Chapter 11&quot;, que \u00e9 utilizado pelas empresas para suspender a execu\u00e7\u00e3o de d\u00edvidas e aplicar uma reestrutura\u00e7\u00e3o financeira e operacional. Mesmo com a medida, a companhia pode operar normalmente. <\/p>\n<p> A Gol tamb\u00e9m informou que garantiu <strong>US$ 950 milh\u00f5es<\/strong> em financiamento para apoiar os neg\u00f3cios, na modalidade debtor-in-possession (devedor em posse, na tradu\u00e7\u00e3o livre) \u2014 uma esp\u00e9cie de empr\u00e9stimo feito em ambiente de recupera\u00e7\u00e3o judicial. <\/p>\n<p> &quot;A companhia buscar\u00e1 acesso a esse financiamento como parte da audi\u00eancia do Primeiro Dia com o Tribunal dos EUA, prevista para os pr\u00f3ximos dias&quot;, disse a Gol, em nota. O financiamento est\u00e1 sujeito a aprova\u00e7\u00e3o judicial. <\/p>\n<p> &quot;Juntamente com o caixa gerado pelas opera\u00e7\u00f5es em curso, [o financiamento] fornecer\u00e1 liquidez substancial para apoiar as opera\u00e7\u00f5es, que seguem normalmente, durante o processo de reestrutura\u00e7\u00e3o financeira&quot;, continuou a companhia a\u00e9rea. <\/p>\n<p> Esta reportagem est\u00e1 em atualiza\u00e7\u00e3o. <\/p>\n<ul>\n<li> <a href=\"https:\/\/g1.globo.com\/tudo-sobre\/estados-unidos\/\" class=\"entities__list-itemLink\" data-track-click=\"Estados Unidos\"> Estados Unidos <\/a> <\/li>\n<\/ul>\n<h3> <a id=\"js-next-article-desktop-link\" class=\"next-article-desktop-link\"><\/a> <\/h3>\n<h3> <a id=\"js-next-article-smart-link\" class=\"next-article-smart-link\"><\/a> <\/h3>\n<p>Veja tamb\u00e9m<\/p>\n<\/p>\n<\/p>\n<p>       Anterior   Pr\u00f3ximo     <\/p>\n","protected":false},"excerpt":{"rendered":"<p>Gol entra com pedido de recupera\u00e7\u00e3o judicial nos Estados Unidos Segundo a companhia a\u00e9rea, todos os voos est\u00e3o operando conforme programado e todas as passagens a\u00e9reas e reservas permanecem em vigor. Por Andr\u00e9 Catto, g1 25\/01\/2024 17h38 Atualizado 25\/01\/2024 1 de 1&#013;Avi\u00e3o da Gol se prepara para pousar no aeroporto Santos Dumont, no Rio de [&hellip;]<\/p>\n","protected":false},"author":1,"featured_media":0,"comment_status":"closed","ping_status":"closed","sticky":false,"template":"","format":"standard","meta":{"footnotes":""},"categories":[],"tags":[],"class_list":["post-56791","post","type-post","status-publish","format-standard","hentry"],"_links":{"self":[{"href":"https:\/\/blog.corretoraideal.com.br\/index.php\/wp-json\/wp\/v2\/posts\/56791","targetHints":{"allow":["GET"]}}],"collection":[{"href":"https:\/\/blog.corretoraideal.com.br\/index.php\/wp-json\/wp\/v2\/posts"}],"about":[{"href":"https:\/\/blog.corretoraideal.com.br\/index.php\/wp-json\/wp\/v2\/types\/post"}],"author":[{"embeddable":true,"href":"https:\/\/blog.corretoraideal.com.br\/index.php\/wp-json\/wp\/v2\/users\/1"}],"replies":[{"embeddable":true,"href":"https:\/\/blog.corretoraideal.com.br\/index.php\/wp-json\/wp\/v2\/comments?post=56791"}],"version-history":[{"count":1,"href":"https:\/\/blog.corretoraideal.com.br\/index.php\/wp-json\/wp\/v2\/posts\/56791\/revisions"}],"predecessor-version":[{"id":56793,"href":"https:\/\/blog.corretoraideal.com.br\/index.php\/wp-json\/wp\/v2\/posts\/56791\/revisions\/56793"}],"wp:attachment":[{"href":"https:\/\/blog.corretoraideal.com.br\/index.php\/wp-json\/wp\/v2\/media?parent=56791"}],"wp:term":[{"taxonomy":"category","embeddable":true,"href":"https:\/\/blog.corretoraideal.com.br\/index.php\/wp-json\/wp\/v2\/categories?post=56791"},{"taxonomy":"post_tag","embeddable":true,"href":"https:\/\/blog.corretoraideal.com.br\/index.php\/wp-json\/wp\/v2\/tags?post=56791"}],"curies":[{"name":"wp","href":"https:\/\/api.w.org\/{rel}","templated":true}]}}