{"id":56800,"date":"2024-01-26T00:29:43","date_gmt":"2024-01-26T00:29:43","guid":{"rendered":"https:\/\/blog.corretoraideal.com.br\/?p=56800"},"modified":"2024-01-26T00:29:43","modified_gmt":"2024-01-26T00:29:43","slug":"encontro-pedagogico-em-sao-francisco-de-itabapoana-rj-recebe-inscricoes-ate-esta-sexta-norte-fluminense-g1","status":"publish","type":"post","link":"https:\/\/blog.corretoraideal.com.br\/index.php\/2024\/01\/26\/encontro-pedagogico-em-sao-francisco-de-itabapoana-rj-recebe-inscricoes-ate-esta-sexta-norte-fluminense-g1\/","title":{"rendered":"Encontro Pedag\u00f3gico em S\u00e3o Francisco de Itabapoana, RJ, recebe inscri\u00e7\u00f5es at\u00e9 esta sexta | Norte Fluminense | G1"},"content":{"rendered":"<br \/>\n<h1>Encontro Pedag\u00f3gico em S\u00e3o Francisco de Itabapoana, RJ, recebe inscri\u00e7\u00f5es at\u00e9 esta sexta<\/h1>\n<h2>Evento \u00e9 voltado para gestores e educadores e abordar\u00e1 a compet\u00eancia socioemocional no ambiente escolar.<\/h2>\n<p> Por g1 &mdash; Norte Fluminense <\/p>\n<p>  25\/01\/2024 14h38    Atualizado  25\/01\/2024    <\/p>\n<p>                      1 de 1&#013;Encontro Pedag\u00f3gico em S\u00e3o Francisco do Itabapoana recebe inscri\u00e7\u00f5es gratuitas at\u00e9 esta sexta \u2014 Foto: Prefeitura de S\u00e3o Francisco do Itabapoana\/Divulga\u00e7\u00e3o    <\/p>\n<p> Encontro Pedag\u00f3gico em S\u00e3o Francisco do Itabapoana recebe inscri\u00e7\u00f5es gratuitas at\u00e9 esta sexta \u2014 Foto: Prefeitura de S\u00e3o Francisco do Itabapoana\/Divulga\u00e7\u00e3o <\/p>\n<p> Profissionais da rede municipal de ensino em S\u00e3o Francisco de Itabapoana, no Norte Fluminense, t\u00eam at\u00e9 esta sexta-feira (26) para se inscrever para o Encontro Pedag\u00f3gico 2024. <\/p>\n<p> O evento, programado para o dia 1\u00ba de fevereiro, vai ocorrer no Sal\u00e3o Felicit\u00e0 e abordar\u00e1 o tema &quot;Compet\u00eancia socioemocional no ambiente escolar&quot;. <\/p>\n<p> As inscri\u00e7\u00f5es s\u00e3o gratuitas <a class href=\"https:\/\/docs.google.com\/forms\/d\/e\/1FAIpQLSfUizkVPENA7bsO2pwpv-FBovOp2q4TpBXdlyig6i8Ka98CMA\/viewform\" target=\"_blank\" rel=\"noopener noreferrer\">e podem ser feitas pela internet<\/a>. Ao se inscrever, os servidores t\u00eam a op\u00e7\u00e3o de escolher entre os turnos da manh\u00e3 e da tarde, ambos incluindo atra\u00e7\u00f5es culturais e uma palestra conduzida por Paula Alexandrisky. <\/p>\n<p> A a\u00e7\u00e3o busca preparar gestores e professores para o in\u00edcio do ano letivo, previsto para 5 de fevereiro. <\/p>\n<p> Os participantes podem realizar suas inscri\u00e7\u00f5es de forma gratuita acessando o formul\u00e1rio dispon\u00edvel clicando aqui. Ao se inscrever, os servidores t\u00eam a op\u00e7\u00e3o de escolher entre os turnos da manh\u00e3 e da tarde. A programa\u00e7\u00e3o inclui atra\u00e7\u00f5es culturais e uma palestra conduzida por Paula Alexandrisky, p\u00f3s-graduada em Gest\u00e3o de Pessoas e em Orienta\u00e7\u00e3o Profissional, al\u00e9m de ser coaching de carreiras. <\/p>\n<p> O secret\u00e1rio municipal de Educa\u00e7\u00e3o e Cultura, Robson Santana, explica que a tem\u00e1tica \u00e9 muito importante, pois &quot;envolve desde a autoconsci\u00eancia at\u00e9 a tomada de decis\u00f5es respons\u00e1veis, seja no ambiente escolar ou na vida cotidiana&quot;, contribuindo para o desenvolvimento da educa\u00e7\u00e3o. <\/p>\n<p> O encontro tamb\u00e9m \u00e9 uma oportunidade para os profissionais compartilharem experi\u00eancias, conforme ressaltou a subsecret\u00e1ria da pasta, Marcely Barreto. <\/p>\n<ul>\n<li> <a href=\"https:\/\/g1.globo.com\/rj\/norte-fluminense\/cidade\/sao-francisco-de-itabapoana\/\" class=\"entities__list-itemLink\" data-track-click=\"S\u00e3o Francisco de Itabapoana\"> S\u00e3o Francisco de Itabapoana <\/a> <\/li>\n<\/ul>\n<h3> <a id=\"js-next-article-desktop-link\" class=\"next-article-desktop-link\"><\/a> <\/h3>\n<h3> <a id=\"js-next-article-smart-link\" class=\"next-article-smart-link\"><\/a> <\/h3>\n<p>Veja tamb\u00e9m<\/p>\n<\/p>\n<\/p>\n<p>       Anterior   Pr\u00f3ximo     <\/p>\n","protected":false},"excerpt":{"rendered":"<p>Encontro Pedag\u00f3gico em S\u00e3o Francisco de Itabapoana, RJ, recebe inscri\u00e7\u00f5es at\u00e9 esta sexta Evento \u00e9 voltado para gestores e educadores e abordar\u00e1 a compet\u00eancia socioemocional no ambiente escolar. Por g1 &mdash; Norte Fluminense 25\/01\/2024 14h38 Atualizado 25\/01\/2024 1 de 1&#013;Encontro Pedag\u00f3gico em S\u00e3o Francisco do Itabapoana recebe inscri\u00e7\u00f5es gratuitas at\u00e9 esta sexta \u2014 Foto: Prefeitura [&hellip;]<\/p>\n","protected":false},"author":1,"featured_media":0,"comment_status":"closed","ping_status":"closed","sticky":false,"template":"","format":"standard","meta":{"footnotes":""},"categories":[],"tags":[],"class_list":["post-56800","post","type-post","status-publish","format-standard","hentry"],"_links":{"self":[{"href":"https:\/\/blog.corretoraideal.com.br\/index.php\/wp-json\/wp\/v2\/posts\/56800","targetHints":{"allow":["GET"]}}],"collection":[{"href":"https:\/\/blog.corretoraideal.com.br\/index.php\/wp-json\/wp\/v2\/posts"}],"about":[{"href":"https:\/\/blog.corretoraideal.com.br\/index.php\/wp-json\/wp\/v2\/types\/post"}],"author":[{"embeddable":true,"href":"https:\/\/blog.corretoraideal.com.br\/index.php\/wp-json\/wp\/v2\/users\/1"}],"replies":[{"embeddable":true,"href":"https:\/\/blog.corretoraideal.com.br\/index.php\/wp-json\/wp\/v2\/comments?post=56800"}],"version-history":[{"count":1,"href":"https:\/\/blog.corretoraideal.com.br\/index.php\/wp-json\/wp\/v2\/posts\/56800\/revisions"}],"predecessor-version":[{"id":56802,"href":"https:\/\/blog.corretoraideal.com.br\/index.php\/wp-json\/wp\/v2\/posts\/56800\/revisions\/56802"}],"wp:attachment":[{"href":"https:\/\/blog.corretoraideal.com.br\/index.php\/wp-json\/wp\/v2\/media?parent=56800"}],"wp:term":[{"taxonomy":"category","embeddable":true,"href":"https:\/\/blog.corretoraideal.com.br\/index.php\/wp-json\/wp\/v2\/categories?post=56800"},{"taxonomy":"post_tag","embeddable":true,"href":"https:\/\/blog.corretoraideal.com.br\/index.php\/wp-json\/wp\/v2\/tags?post=56800"}],"curies":[{"name":"wp","href":"https:\/\/api.w.org\/{rel}","templated":true}]}}