{"id":56807,"date":"2024-01-26T07:29:48","date_gmt":"2024-01-26T07:29:48","guid":{"rendered":"https:\/\/blog.corretoraideal.com.br\/?p=56807"},"modified":"2024-01-26T07:29:48","modified_gmt":"2024-01-26T07:29:48","slug":"para-emplacar-mantega-na-vale-lula-convoca-reuniao-com-mme-bb-e-previ-na-proxima-terca-blog-ana-flor-g1","status":"publish","type":"post","link":"https:\/\/blog.corretoraideal.com.br\/index.php\/2024\/01\/26\/para-emplacar-mantega-na-vale-lula-convoca-reuniao-com-mme-bb-e-previ-na-proxima-terca-blog-ana-flor-g1\/","title":{"rendered":"Para emplacar Mantega na Vale, Lula convoca reuni\u00e3o com MME, BB e Previ na pr\u00f3xima ter\u00e7a | Blog Ana Flor | G1"},"content":{"rendered":"\n<p> Por Ana Flor <\/p>\n<p> Jornalista e comentarista da GloboNews.<\/p>\n<h1>Para emplacar Mantega na Vale, Lula convoca reuni\u00e3o com MME, BB e Previ na pr\u00f3xima ter\u00e7a<\/h1>\n<\/p>\n<p>  25\/01\/2024 16h03    Atualizado  25\/01\/2024    <\/p>\n<p>                    1 de 1&#013;Guido Mantega, ex-ministro da Fazenda \u2014 Foto: Reprodu\u00e7\u00e3o\/GloboNews    <\/p>\n<p> Guido Mantega, ex-ministro da Fazenda \u2014 Foto: Reprodu\u00e7\u00e3o\/GloboNews <\/p>\n<p> O presidente <a class href=\"https:\/\/g1.globo.com\/politica\/politico\/lula\/\">Lula<\/a> marcou uma reuni\u00e3o para a pr\u00f3xima ter\u00e7a-feira (30) tratar da mineradora Vale com o <a class href=\"https:\/\/g1.globo.com\/tudo-sobre\/ministerio-de-minas-e-energia\/\">Minist\u00e9rio de Minas e Energia<\/a>, o <a class href=\"https:\/\/g1.globo.com\/tudo-sobre\/banco-do-brasil\/\">Banco do Brasil<\/a> e a Caixa de Previd\u00eancia dos Funcion\u00e1rios do BB (Previ), em um claro sinal de que n\u00e3o desistiu de abrir um espa\u00e7o na empresa para seu ex-ministro da Fazenda <a class href=\"https:\/\/g1.globo.com\/tudo-sobre\/guido-mantega\/\">Guido Mantega<\/a>. <\/p>\n<p> O Conselho de Administra\u00e7\u00e3o da Vale se re\u00fane no dia seguinte, 31 de janeiro. A Previ tem dois dos 13 assentos no conselho, que decide n\u00e3o apenas quem comanda o conselho em si, mas tamb\u00e9m quem \u00e9 o presidente da mineradora. <\/p>\n<p> O governo federal n\u00e3o det\u00e9m mais a maioria do conselho, porque a venda de a\u00e7\u00f5es da vale na gest\u00e3o de <a class href=\"https:\/\/g1.globo.com\/tudo-sobre\/paulo-guedes\/\">Paulo Guedes<\/a> na Economia fez da Vale uma Corporation, isto \u00e9, com a\u00e7\u00f5es pulverizadas e sem um bloco de controle acion\u00e1rio \u2013 uma situa\u00e7\u00e3o bem diferente daquela dos governos Lula 1 e 2, quando o presidente da Rep\u00fablica tinha influencia e podia escolher o CEO da empresa. <\/p>\n<p>                   <img loading=\"lazy\" decoding=\"async\" class=\"aligncenter size-full wp-image-56809\" src=\"https:\/\/blog.corretoraideal.com.br\/wp-content\/uploads\/2024\/01\/imagem26-01-2024-07-01-47.jpeg\" alt=\"imagem26-01-2024-07-01-47\" width=\"800\" height=\"400\" \/>       <\/p>\n<p> &#8216;O Banco Central quer controlar a pol\u00edtica fiscal&#8217;, diz Guido Mantega <\/p>\n<p> Desde o in\u00edcio do ano, Lula determinou ao ministro das Minas e Energia, Alexandre Silveira, que conversasse com outros s\u00f3cios para fazer de Mantega o CEO da empresa. <\/p>\n<p> A resposta dos acionistas n\u00e3o tem sido boa. O <strong>blog <\/strong>ouviu conselheiros, integrantes do governo e interlocutores de acionistas, e a percep\u00e7\u00e3o geral \u00e9 que as chances de Lula fazer o novo presidente da empresa s\u00e3o muito baixas, assim como interferir na defini\u00e7\u00e3o do presidente do Conselho de Administra\u00e7\u00e3o. <\/p>\n<p> A possibilidade maior \u00e9 a de haver um acordo com outros acionistas para abrir uma vaga de membro do Conselho para Mantega. <\/p>\n<p> Em \u00faltimo caso, Lula poderia determinar \u00e0 Previ \u2013 fundo de previd\u00eancia de servidores do banco do Brasil \u2013 que ceda uma de suas duas vagas no Conselho para Mantega. Na reuni\u00e3o da pr\u00f3xima ter\u00e7a-feira no Planalto, Lula deve ouvir os auxiliares e bater o martelo sobre o destino do seu ex-ministro. <\/p>\n<ul>\n<li> <a href=\"https:\/\/g1.globo.com\/tudo-sobre\/banco-do-brasil\/\" class=\"entities__list-itemLink\" data-track-click=\"Banco do Brasil\"> Banco do Brasil <\/a> <\/li>\n<li> <a href=\"https:\/\/g1.globo.com\/tudo-sobre\/guido-mantega\/\" class=\"entities__list-itemLink\" data-track-click=\"Guido Mantega\"> Guido Mantega <\/a> <\/li>\n<li> <a href=\"https:\/\/g1.globo.com\/politica\/politico\/lula\/\" class=\"entities__list-itemLink\" data-track-click=\"Lula\"> Lula <\/a> <\/li>\n<li> <a href=\"https:\/\/g1.globo.com\/tudo-sobre\/ministerio-de-minas-e-energia\/\" class=\"entities__list-itemLink\" data-track-click=\"Minist\u00e9rio de Minas e Energia\"> Minist\u00e9rio de Minas e Energia <\/a> <\/li>\n<li> <a href=\"https:\/\/g1.globo.com\/tudo-sobre\/paulo-guedes\/\" class=\"entities__list-itemLink\" data-track-click=\"Paulo Guedes\"> Paulo Guedes <\/a> <\/li>\n<\/ul>\n<h3> <a id=\"js-next-article-desktop-link\" class=\"next-article-desktop-link\"><\/a> <\/h3>\n<h3> <a id=\"js-next-article-smart-link\" class=\"next-article-smart-link\"><\/a> <\/h3>\n<p>Veja tamb\u00e9m<\/p>\n<\/p>\n<\/p>\n<p>       Anterior   Pr\u00f3ximo     <\/p>\n","protected":false},"excerpt":{"rendered":"<p>Por Ana Flor Jornalista e comentarista da GloboNews. Para emplacar Mantega na Vale, Lula convoca reuni\u00e3o com MME, BB e Previ na pr\u00f3xima ter\u00e7a 25\/01\/2024 16h03 Atualizado 25\/01\/2024 1 de 1&#013;Guido Mantega, ex-ministro da Fazenda \u2014 Foto: Reprodu\u00e7\u00e3o\/GloboNews Guido Mantega, ex-ministro da Fazenda \u2014 Foto: Reprodu\u00e7\u00e3o\/GloboNews O presidente Lula marcou uma reuni\u00e3o para a pr\u00f3xima [&hellip;]<\/p>\n","protected":false},"author":1,"featured_media":0,"comment_status":"closed","ping_status":"closed","sticky":false,"template":"","format":"standard","meta":{"footnotes":""},"categories":[],"tags":[],"class_list":["post-56807","post","type-post","status-publish","format-standard","hentry"],"_links":{"self":[{"href":"https:\/\/blog.corretoraideal.com.br\/index.php\/wp-json\/wp\/v2\/posts\/56807","targetHints":{"allow":["GET"]}}],"collection":[{"href":"https:\/\/blog.corretoraideal.com.br\/index.php\/wp-json\/wp\/v2\/posts"}],"about":[{"href":"https:\/\/blog.corretoraideal.com.br\/index.php\/wp-json\/wp\/v2\/types\/post"}],"author":[{"embeddable":true,"href":"https:\/\/blog.corretoraideal.com.br\/index.php\/wp-json\/wp\/v2\/users\/1"}],"replies":[{"embeddable":true,"href":"https:\/\/blog.corretoraideal.com.br\/index.php\/wp-json\/wp\/v2\/comments?post=56807"}],"version-history":[{"count":1,"href":"https:\/\/blog.corretoraideal.com.br\/index.php\/wp-json\/wp\/v2\/posts\/56807\/revisions"}],"predecessor-version":[{"id":56810,"href":"https:\/\/blog.corretoraideal.com.br\/index.php\/wp-json\/wp\/v2\/posts\/56807\/revisions\/56810"}],"wp:attachment":[{"href":"https:\/\/blog.corretoraideal.com.br\/index.php\/wp-json\/wp\/v2\/media?parent=56807"}],"wp:term":[{"taxonomy":"category","embeddable":true,"href":"https:\/\/blog.corretoraideal.com.br\/index.php\/wp-json\/wp\/v2\/categories?post=56807"},{"taxonomy":"post_tag","embeddable":true,"href":"https:\/\/blog.corretoraideal.com.br\/index.php\/wp-json\/wp\/v2\/tags?post=56807"}],"curies":[{"name":"wp","href":"https:\/\/api.w.org\/{rel}","templated":true}]}}