{"id":56811,"date":"2024-01-26T12:29:40","date_gmt":"2024-01-26T12:29:40","guid":{"rendered":"https:\/\/blog.corretoraideal.com.br\/?p=56811"},"modified":"2024-01-26T12:29:40","modified_gmt":"2024-01-26T12:29:40","slug":"ipca-15-previa-da-inflacao-tem-alta-de-031-nos-precos-em-janeiro-puxados-pelos-alimentos-economia-g1","status":"publish","type":"post","link":"https:\/\/blog.corretoraideal.com.br\/index.php\/2024\/01\/26\/ipca-15-previa-da-inflacao-tem-alta-de-031-nos-precos-em-janeiro-puxados-pelos-alimentos-economia-g1\/","title":{"rendered":"IPCA-15: pr\u00e9via da infla\u00e7\u00e3o tem alta de 0,31% nos pre\u00e7os em janeiro, puxados pelos alimentos | Economia | G1"},"content":{"rendered":"<br \/>\n<h1>IPCA-15: pr\u00e9via da infla\u00e7\u00e3o tem alta de 0,31% nos pre\u00e7os em janeiro, puxados pelos alimentos<\/h1>\n<h2>Com os resultados, o IPCA-15 acumulou 4,47% na janela de 12 meses. Destaque absoluto foi o grupo de Alimenta\u00e7\u00e3o e bebidas, que subiu 1,53% no m\u00eas.<\/h2>\n<p> Por <a class=\"multi_signatures\" href=\"https:\/\/g1.globo.com\/autores\/raphael-martins\/\">Raphael Martins<\/a>, g1 <\/p>\n<p>  26\/01\/2024 09h00    Atualizado  26\/01\/2024    <\/p>\n<p> O \u00cdndice Nacional de Pre\u00e7os ao Consumidor Amplo 15 (IPCA-15) \u2014 considerado a pr\u00e9via da infla\u00e7\u00e3o oficial do pa\u00eds \u2014 <strong>registrou uma alta de 0,31% nos pre\u00e7os em janeiro<\/strong>, informou nesta sexta-feira (26) o Instituto Brasileiro de Geografia e Estat\u00edstica (<a class href=\"https:\/\/g1.globo.com\/tudo-sobre\/ibge\/\">IBGE<\/a>). <\/p>\n<p> O \u00edndice teve uma leve desacelera\u00e7\u00e3o de 0,09 ponto percentual (p.p.) na compara\u00e7\u00e3o com o m\u00eas anterior, quando teve alta de 0,40% para dezembro. Em janeiro de 2023, o IPCA-15 foi de 0,55%. <\/p>\n<p> Com os resultados, <strong>o IPCA-15 acumulou 4,47% na janela de 12 meses.<\/strong> <\/p>\n<p> O \u00edndice ficou abaixo da expectativa do mercado financeiro, que esperava alta de 0,47% no m\u00eas. <\/p>\n<p> Dos nove grupos pesquisados pelo IBGE, sete tiveram alta em janeiro. <strong>O destaque absoluto foi o grupo de Alimenta\u00e7\u00e3o e bebidas, que subiu 1,53% no m\u00eas.<\/strong> Houve uma forte acelera\u00e7\u00e3o contra o m\u00eas anterior (0,54%), o que trouxe impacto no \u00edndice geral de 0,32 ponto percentual (p.p.). <\/p>\n<p> A Alimenta\u00e7\u00e3o no domic\u00edlio, subgrupo que mede os pre\u00e7os de alimentos in natura, teve uma alta expressiva no m\u00eas, de 2,04%, contra 0,55% em dezembro. Batata-inglesa (25,95%), tomate (11,19%), arroz (5,85%), frutas (5,45%) e carnes (0,94%) foram os destaques de alta. <\/p>\n<p> J\u00e1 a Alimenta\u00e7\u00e3o fora do domic\u00edlio teve uma desacelera\u00e7\u00e3o, de 0,53% em dezembro para 0,24% neste m\u00eas. A refei\u00e7\u00e3o subiu 0,32%, enquanto o lanche teve alta de 0,16%. <\/p>\n<p><h2>Veja abaixo a varia\u00e7\u00e3o dos grupos em janeiro<\/h2>\n<\/p>\n<ul>\n<li>Alimenta\u00e7\u00e3o e bebidas: 1,53%;<\/li>\n<li>Habita\u00e7\u00e3o: 0,33%;<\/li>\n<li>Artigos de resid\u00eancia: 0,26%;<\/li>\n<li>Vestu\u00e1rio: 0,22%;<\/li>\n<li>Transportes: -1,13%;<\/li>\n<li>Sa\u00fade e cuidados pessoais: 0,56%;<\/li>\n<li>Despesas pessoais: 0,56%;<\/li>\n<li>Educa\u00e7\u00e3o: 0,39%;<\/li>\n<li>Comunica\u00e7\u00e3o: -0,03%.<\/li>\n<\/ul>\n<p><h2>Transportes com a maior defla\u00e7\u00e3o<\/h2>\n<\/p>\n<p> O grupo Transportes registrou defla\u00e7\u00e3o em janeiro, com al\u00edvio no pre\u00e7o das passagens a\u00e9reas e combust\u00edveis. O grupo registrou queda de 1,13% no m\u00eas, e teve contribui\u00e7\u00e3o negativa no \u00edndice geral, de -0,24 p.p. <\/p>\n<p> As passagens a\u00e9reas, que haviam sido o destaque positivo do m\u00eas anterior, registraram o maior impacto deflacion\u00e1rio no IPCA-15. Com recuo de 15,24% no m\u00eas, tiveram impacto negativo de -0,16 p.p. no \u00edndice. <\/p>\n<p> Os combust\u00edveis, subgrupo que ajudou a eleva\u00e7\u00e3o de pre\u00e7os nos \u00faltimos meses, tamb\u00e9m teve um recuo importante, de 0,63%. Ca\u00edram os pre\u00e7os do etanol (-2,23%), do \u00f3leo diesel (-1,72%) e da gasolina (-0,43%). Apenas o g\u00e1s veicular registrou alta, de 2,34%. <\/p>\n<ul>\n<li> <a href=\"https:\/\/g1.globo.com\/tudo-sobre\/ibge\/\" class=\"entities__list-itemLink\" data-track-click=\"IBGE\"> IBGE <\/a> <\/li>\n<\/ul>\n<h3> <a id=\"js-next-article-desktop-link\" class=\"next-article-desktop-link\"><\/a> <\/h3>\n<h3> <a id=\"js-next-article-smart-link\" class=\"next-article-smart-link\"><\/a> <\/h3>\n<p>Veja tamb\u00e9m<\/p>\n<\/p>\n<\/p>\n<p>       Anterior   Pr\u00f3ximo     <\/p>\n","protected":false},"excerpt":{"rendered":"<p>IPCA-15: pr\u00e9via da infla\u00e7\u00e3o tem alta de 0,31% nos pre\u00e7os em janeiro, puxados pelos alimentos Com os resultados, o IPCA-15 acumulou 4,47% na janela de 12 meses. Destaque absoluto foi o grupo de Alimenta\u00e7\u00e3o e bebidas, que subiu 1,53% no m\u00eas. Por Raphael Martins, g1 26\/01\/2024 09h00 Atualizado 26\/01\/2024 O \u00cdndice Nacional de Pre\u00e7os ao [&hellip;]<\/p>\n","protected":false},"author":1,"featured_media":0,"comment_status":"closed","ping_status":"closed","sticky":false,"template":"","format":"standard","meta":{"footnotes":""},"categories":[],"tags":[],"class_list":["post-56811","post","type-post","status-publish","format-standard","hentry"],"_links":{"self":[{"href":"https:\/\/blog.corretoraideal.com.br\/index.php\/wp-json\/wp\/v2\/posts\/56811","targetHints":{"allow":["GET"]}}],"collection":[{"href":"https:\/\/blog.corretoraideal.com.br\/index.php\/wp-json\/wp\/v2\/posts"}],"about":[{"href":"https:\/\/blog.corretoraideal.com.br\/index.php\/wp-json\/wp\/v2\/types\/post"}],"author":[{"embeddable":true,"href":"https:\/\/blog.corretoraideal.com.br\/index.php\/wp-json\/wp\/v2\/users\/1"}],"replies":[{"embeddable":true,"href":"https:\/\/blog.corretoraideal.com.br\/index.php\/wp-json\/wp\/v2\/comments?post=56811"}],"version-history":[{"count":1,"href":"https:\/\/blog.corretoraideal.com.br\/index.php\/wp-json\/wp\/v2\/posts\/56811\/revisions"}],"predecessor-version":[{"id":56813,"href":"https:\/\/blog.corretoraideal.com.br\/index.php\/wp-json\/wp\/v2\/posts\/56811\/revisions\/56813"}],"wp:attachment":[{"href":"https:\/\/blog.corretoraideal.com.br\/index.php\/wp-json\/wp\/v2\/media?parent=56811"}],"wp:term":[{"taxonomy":"category","embeddable":true,"href":"https:\/\/blog.corretoraideal.com.br\/index.php\/wp-json\/wp\/v2\/categories?post=56811"},{"taxonomy":"post_tag","embeddable":true,"href":"https:\/\/blog.corretoraideal.com.br\/index.php\/wp-json\/wp\/v2\/tags?post=56811"}],"curies":[{"name":"wp","href":"https:\/\/api.w.org\/{rel}","templated":true}]}}