{"id":56821,"date":"2024-01-26T17:29:45","date_gmt":"2024-01-26T17:29:45","guid":{"rendered":"https:\/\/blog.corretoraideal.com.br\/?p=56821"},"modified":"2024-01-26T17:29:45","modified_gmt":"2024-01-26T17:29:45","slug":"lula-desiste-de-emplacar-mantega-como-ceo-da-vale-blog-ana-flor-g1","status":"publish","type":"post","link":"https:\/\/blog.corretoraideal.com.br\/index.php\/2024\/01\/26\/lula-desiste-de-emplacar-mantega-como-ceo-da-vale-blog-ana-flor-g1\/","title":{"rendered":"Lula desiste de emplacar Mantega como CEO da Vale | Blog Ana Flor | G1"},"content":{"rendered":"\n<p> Por Ana Flor <\/p>\n<p> Jornalista e comentarista da GloboNews.<\/p>\n<h1>Lula desiste de emplacar Mantega como CEO da Vale<\/h1>\n<\/p>\n<p>  26\/01\/2024 14h11    Atualizado  26\/01\/2024    <\/p>\n<p> O presidente Luiz In\u00e1cio Lula da Silva desistiu de emplacar o ex-ministro Guido Mantega como CEO da mineradora Vale. <\/p>\n<p> A assessoria do Pal\u00e1cio do Planalto informou ao <strong>blog<\/strong> que, ao contr\u00e1rio do previsto, n\u00e3o haver\u00e1 reuni\u00e3o para tratar do tema. O ministro das Minas e Energia, Alexandre Silveira, pode fazer uma declara\u00e7\u00e3o ainda nesta sexta-feira sobre o assunto. <\/p>\n<p> Lula vinha se movimentando para levar Mantega ao comando da empresa, gesto que n\u00e3o foi bem recebido pelo mercado. <\/p>\n<p> Logo no in\u00edcio do ano, o presidente determinou a Silveira que conversasse com outros s\u00f3cios da Vale para fazer de Mantega o CEO da empresa. <\/p>\n<p> A resposta dos acionistas n\u00e3o foi boa. Diante das resist\u00eancias, Lula voltou atr\u00e1s. O presidente percebeu que seria uma tarefa muito dif\u00edcil colocar o seu ex-ministro em um lugar que depende do voto de 13 conselheiros. <\/p>\n<p> O governo federal n\u00e3o det\u00e9m mais a maioria do conselho, porque a venda de a\u00e7\u00f5es na gest\u00e3o do ex-ministro Paulo Guedes na Economia fez da Vale uma Corporation. Isto \u00e9, uma empresa com a\u00e7\u00f5es pulverizadas e sem um bloco de controle acion\u00e1rio \u2013 uma situa\u00e7\u00e3o bem diferente daquela dos governos Lula 1 e 2, quando o presidente da Rep\u00fablica tinha influ\u00eancia e podia escolher o CEO da empresa. <\/p>\n<p>         1 de 1&#013;O ex-ministro da Fazenda Guido Mantega \u2014 Foto: Reprodu\u00e7\u00e3o\/GloboNews    <\/p>\n<p> O ex-ministro da Fazenda Guido Mantega \u2014 Foto: Reprodu\u00e7\u00e3o\/GloboNews <\/p>\n<ul> <\/ul>\n<h3> <a id=\"js-next-article-desktop-link\" class=\"next-article-desktop-link\"><\/a> <\/h3>\n<h3> <a id=\"js-next-article-smart-link\" class=\"next-article-smart-link\"><\/a> <\/h3>\n<p>Veja tamb\u00e9m<\/p>\n<\/p>\n<\/p>\n<p>       Anterior   Pr\u00f3ximo     <\/p>\n","protected":false},"excerpt":{"rendered":"<p>Por Ana Flor Jornalista e comentarista da GloboNews. Lula desiste de emplacar Mantega como CEO da Vale 26\/01\/2024 14h11 Atualizado 26\/01\/2024 O presidente Luiz In\u00e1cio Lula da Silva desistiu de emplacar o ex-ministro Guido Mantega como CEO da mineradora Vale. A assessoria do Pal\u00e1cio do Planalto informou ao blog que, ao contr\u00e1rio do previsto, n\u00e3o [&hellip;]<\/p>\n","protected":false},"author":1,"featured_media":0,"comment_status":"closed","ping_status":"closed","sticky":false,"template":"","format":"standard","meta":{"footnotes":""},"categories":[],"tags":[],"class_list":["post-56821","post","type-post","status-publish","format-standard","hentry"],"_links":{"self":[{"href":"https:\/\/blog.corretoraideal.com.br\/index.php\/wp-json\/wp\/v2\/posts\/56821","targetHints":{"allow":["GET"]}}],"collection":[{"href":"https:\/\/blog.corretoraideal.com.br\/index.php\/wp-json\/wp\/v2\/posts"}],"about":[{"href":"https:\/\/blog.corretoraideal.com.br\/index.php\/wp-json\/wp\/v2\/types\/post"}],"author":[{"embeddable":true,"href":"https:\/\/blog.corretoraideal.com.br\/index.php\/wp-json\/wp\/v2\/users\/1"}],"replies":[{"embeddable":true,"href":"https:\/\/blog.corretoraideal.com.br\/index.php\/wp-json\/wp\/v2\/comments?post=56821"}],"version-history":[{"count":1,"href":"https:\/\/blog.corretoraideal.com.br\/index.php\/wp-json\/wp\/v2\/posts\/56821\/revisions"}],"predecessor-version":[{"id":56823,"href":"https:\/\/blog.corretoraideal.com.br\/index.php\/wp-json\/wp\/v2\/posts\/56821\/revisions\/56823"}],"wp:attachment":[{"href":"https:\/\/blog.corretoraideal.com.br\/index.php\/wp-json\/wp\/v2\/media?parent=56821"}],"wp:term":[{"taxonomy":"category","embeddable":true,"href":"https:\/\/blog.corretoraideal.com.br\/index.php\/wp-json\/wp\/v2\/categories?post=56821"},{"taxonomy":"post_tag","embeddable":true,"href":"https:\/\/blog.corretoraideal.com.br\/index.php\/wp-json\/wp\/v2\/tags?post=56821"}],"curies":[{"name":"wp","href":"https:\/\/api.w.org\/{rel}","templated":true}]}}