{"id":56828,"date":"2024-01-26T22:29:33","date_gmt":"2024-01-26T22:29:33","guid":{"rendered":"https:\/\/blog.corretoraideal.com.br\/?p=56828"},"modified":"2024-01-26T22:29:33","modified_gmt":"2024-01-26T22:29:33","slug":"lula-nunca-se-disporia-a-fazer-interferencia-direta-em-empresas-de-capital-aberto-como-a-vale-diz-ministro-economia-g1","status":"publish","type":"post","link":"https:\/\/blog.corretoraideal.com.br\/index.php\/2024\/01\/26\/lula-nunca-se-disporia-a-fazer-interferencia-direta-em-empresas-de-capital-aberto-como-a-vale-diz-ministro-economia-g1\/","title":{"rendered":"Lula &#039;nunca se disporia&#039; a fazer &#039;interfer\u00eancia direta&#039; em empresas de capital aberto como a Vale, diz ministro | Economia | G1"},"content":{"rendered":"<br \/>\n<h1>Lula &#039;nunca se disporia&#039; a fazer &#039;interfer\u00eancia direta&#039; em empresas de capital aberto como a Vale, diz ministro<\/h1>\n<h2>Alexandre Silveira negou que governo agir\u00e1 para indicar Guido Mantega ao comando da companhia. Investidores reagiram \u00e0 possibilidade e amea\u00e7avam retirar investimentos.<\/h2>\n<p> Por <a class=\"multi_signatures\" href=\"https:\/\/g1.globo.com\/autores\/lais-carregosa\/\">Lais Carregosa<\/a>, <a class=\"multi_signatures\" href=\"https:\/\/g1.globo.com\/autores\/pedro-alves-neto\/\">Pedro Alves Neto<\/a>, g1 &mdash; Bras\u00edlia <\/p>\n<p>  26\/01\/2024 14h26    Atualizado  26\/01\/2024    <\/p>\n<p>                   1 de 1&#013;Ministro de Minas e Energia, Alexandre Silveira \u2014 Foto: TV Globo\/Reprodu\u00e7\u00e3o    <\/p>\n<p> Ministro de Minas e Energia, Alexandre Silveira \u2014 Foto: TV Globo\/Reprodu\u00e7\u00e3o <\/p>\n<p> O ministro de Minas e Energia, Alexandre Silveira, <a class href=\"https:\/\/g1.globo.com\/economia\/blog\/ana-flor\/post\/2024\/01\/26\/lula-desiste-de-empalcar-mantega-como-ceo-do-vale.ghtml\">negou nesta sexta-feira (26) que o governo agir\u00e1<\/a> para <a class href=\"https:\/\/g1.globo.com\/politica\/blog\/valdo-cruz\/post\/2024\/01\/25\/lula-ainda-quer-guido-mantega-como-ceo-da-vale-investidores-reagem-e-ameacam-deixar-de-investir-no-pais.ghtml\">indicar o ex-ministro da Fazenda, Guido Mantega, para o comando da mineradora Vale<\/a>. <\/p>\n<p> Em entrevista, Silveira disse que o presidente <a class href=\"https:\/\/g1.globo.com\/tudo-sobre\/luiz-inacio-lula-da-silva\/\">Luiz In\u00e1cio Lula da Silva<\/a> (PT) &quot;nunca se disporia&quot; a fazer &quot;interfer\u00eancia direta&quot; em empresas de capital aberto, como a Vale. <\/p>\n<p>&quot;O presidente Lula nunca se disporia a fazer uma interfer\u00eancia direta numa empresa de capital aberto, listada em bolsa, uma corporation, que tem a sua governan\u00e7a e sua natureza jur\u00eddica que deve ser preservada. At\u00e9 porque o Brasil \u00e9 um pa\u00eds que respeita contrato, um pa\u00eds que tem regula\u00e7\u00e3o est\u00e1vel. N\u00f3s temos dito isso o tempo todo&quot;, disse.<\/p>\n<p> Na pr\u00f3xima semana, o Conselho de Administra\u00e7\u00e3o da empresa deve se reunir para definir o comando da companhia, hoje presidida por Eduardo Bartolomeo. <\/p>\n<p> A quest\u00e3o se tornou alvo de pol\u00eamica porque <a class href=\"https:\/\/g1.globo.com\/economia\/blog\/ana-flor\/post\/2024\/01\/25\/para-emplacar-mantega-na-vale-lula-convoca-reuniao-com-mme-e-bb-para-a-proxima-terca-feira.ghtml\">o governo queria retomar a influ\u00eancia na mineradora<\/a>, e via a indica\u00e7\u00e3o de Guido Mantega para o comando da companhia como um movimento nessa dire\u00e7\u00e3o. Investidores reagiram negativamente \u00e0 possibilidade e amea\u00e7avam retirar investimentos do pa\u00eds. <\/p>\n<p><h2>Defesa nas redes<\/h2>\n<\/p>\n<p> Na quinta-feira (25), a presidente do PT, deputada Gleisi Hoffmann, disse em suas redes sociais que &quot;pouqu\u00edssimos brasileiros s\u00e3o t\u00e3o qualificados quanto Guido Mantega para compor o Conselho da Vale&quot;. A publica\u00e7\u00e3o foi lida como apoio \u00e0 indica\u00e7\u00e3o. <\/p>\n<p> Segundo Silveira, Gleisi s\u00f3 veio a p\u00fablico &quot;depois de mais de 48 horas de inver\u00eddicas not\u00edcias&quot;. O ministro afirmou que a presidente do PT fez as declara\u00e7\u00f5es em defesa de sua posi\u00e7\u00e3o, mas &quot;as especula\u00e7\u00f5es n\u00e3o surgiram do tweet dela&quot;. <\/p>\n<p> Hoje, a Vale \u00e9 uma corpora\u00e7\u00e3o, sem controle direto de nenhum acionista. O governo tem participa\u00e7\u00e3o na empresa por meio da previd\u00eancia dos servidores do Banco do Brasil, a Previ. <\/p>\n<p>                   <img loading=\"lazy\" decoding=\"async\" class=\"aligncenter size-full wp-image-56830\" src=\"https:\/\/blog.corretoraideal.com.br\/wp-content\/uploads\/2024\/01\/ana-flor-lula-desiste-de-emplacar-mantega-como-ceo-da-vale.jpeg\" alt=\"Ana Flor: Lula desiste de emplacar Mantega como CEO da Vale\" width=\"800\" height=\"400\" \/>       <\/p>\n<p> Ana Flor: Lula desiste de emplacar Mantega como CEO da Vale <\/p>\n<p> Silveira disse que conversou com Lula sobre o setor de minera\u00e7\u00e3o, mas que, &quot;em nenhum momento, o presidente tratou de qualquer quest\u00e3o com rela\u00e7\u00e3o \u00e0 sucess\u00e3o da Vale&quot;. <\/p>\n<p><h2>V\u00edtimas das barragens<\/h2>\n<\/p>\n<p> Um dos t\u00f3picos de discuss\u00e3o entre os dois, segundo o ministro, foi cobrar mais celeridade no pagamento de indeniza\u00e7\u00f5es \u00e0s v\u00edtimas dos rompimentos das barragens de Mariana e Brumadinho, em Minas Gerais. <\/p>\n<p>&quot;O presidente tratou comigo sobre Mariana, sobre Brumadinho, sobre seguran\u00e7a de barragens, sobre licenciamento c\u00e9lere em processos que s\u00e3o necess\u00e1rios pra que a gente possa aproveitar essa janela de oportunidade da transi\u00e7\u00e3o energ\u00e9tica, e explorar as nossas riquezas de forma adequada, em especial os minerais cr\u00edticos&quot;, disse. <\/p>\n<p> <strong>Leia tamb\u00e9m:<\/strong> <\/p>\n<ul>\n<li><a class href=\"https:\/\/g1.globo.com\/mg\/minas-gerais\/noticia\/2024\/01\/25\/brumadinho-ha-5-anos-270-pessoas-desapareciam-sob-lama-de-barragem-da-vale-ninguem-foi-punido.ghtml\">Brumadinho: h\u00e1 5 anos, 270 pessoas desapareciam sob lama de barragem da Vale; ningu\u00e9m foi punido<\/a><\/li>\n<li><a class href=\"https:\/\/g1.globo.com\/mg\/minas-gerais\/noticia\/2024\/01\/25\/brumadinho-busca-pelos-corpos-de-tres-vitimas-da-tragedia-continua-mesmo-apos-5-anos.ghtml\">Brumadinho: busca pelos corpos de tr\u00eas v\u00edtimas da trag\u00e9dia continua mesmo ap\u00f3s 5 anos<\/a><\/li>\n<\/ul>\n<p> Silveira afirmou que ele e Lula foram &quot;injusti\u00e7ados&quot; com informa\u00e7\u00f5es divulgadas nas \u00faltimas horas, de que o governo estaria pressionando pela indica\u00e7\u00e3o do ex-ministro Guido Mantega \u00e0 presid\u00eancia da Vale. <\/p>\n<p> O ministro tamb\u00e9m negou que tenha contatado conselheiros da empresa para pressionar pela aprova\u00e7\u00e3o do nome. <\/p>\n<p> &quot;Eu converso com alguns conselheiros da Vale independentes, habitualmente, e [com] a pr\u00f3pria diretoria da Vale, sempre que tenho agenda. E eu em nenhum momento fiz uma refer\u00eancia de indica\u00e7\u00e3o do governo a nenhuma vaga da Vale do Rio Doce. Nenhuma&quot;, afirmou. <\/p>\n<p> Contudo, o ministro disse considerar &quot;inadequada&quot; a interlocu\u00e7\u00e3o da atual administra\u00e7\u00e3o da empresa junto ao governo. <\/p>\n<p>&quot;Acho que ela tem que ser mais pr\u00f3xima. N\u00f3s temos que ter um vigor maior para aquilo que eu chamo o seguinte: os resultados da economia s\u00f3 s\u00e3o mais dinamizados quando a gente consegue ter um di\u00e1logo mais pr\u00f3ximo e mais permanente, convergir os interesses do lucro da iniciativa privada com os interesses da sociedade, que s\u00e3o representados pelo governo legitimamente eleito nas urnas&quot;, afirmou.<\/p>\n<ul>\n<li> <a href=\"https:\/\/g1.globo.com\/tudo-sobre\/luiz-inacio-lula-da-silva\/\" class=\"entities__list-itemLink\" data-track-click=\"Luiz In\u00e1cio Lula da Silva\"> Luiz In\u00e1cio Lula da Silva <\/a> <\/li>\n<\/ul>\n<h3> <a id=\"js-next-article-desktop-link\" class=\"next-article-desktop-link\"><\/a> <\/h3>\n<h3> <a id=\"js-next-article-smart-link\" class=\"next-article-smart-link\"><\/a> <\/h3>\n<p>Veja tamb\u00e9m<\/p>\n<\/p>\n<\/p>\n<p>       Anterior   Pr\u00f3ximo     <\/p>\n","protected":false},"excerpt":{"rendered":"<p>Lula &#039;nunca se disporia&#039; a fazer &#039;interfer\u00eancia direta&#039; em empresas de capital aberto como a Vale, diz ministro Alexandre Silveira negou que governo agir\u00e1 para indicar Guido Mantega ao comando da companhia. Investidores reagiram \u00e0 possibilidade e amea\u00e7avam retirar investimentos. Por Lais Carregosa, Pedro Alves Neto, g1 &mdash; Bras\u00edlia 26\/01\/2024 14h26 Atualizado 26\/01\/2024 1 de [&hellip;]<\/p>\n","protected":false},"author":1,"featured_media":0,"comment_status":"closed","ping_status":"closed","sticky":false,"template":"","format":"standard","meta":{"footnotes":""},"categories":[],"tags":[],"class_list":["post-56828","post","type-post","status-publish","format-standard","hentry"],"_links":{"self":[{"href":"https:\/\/blog.corretoraideal.com.br\/index.php\/wp-json\/wp\/v2\/posts\/56828","targetHints":{"allow":["GET"]}}],"collection":[{"href":"https:\/\/blog.corretoraideal.com.br\/index.php\/wp-json\/wp\/v2\/posts"}],"about":[{"href":"https:\/\/blog.corretoraideal.com.br\/index.php\/wp-json\/wp\/v2\/types\/post"}],"author":[{"embeddable":true,"href":"https:\/\/blog.corretoraideal.com.br\/index.php\/wp-json\/wp\/v2\/users\/1"}],"replies":[{"embeddable":true,"href":"https:\/\/blog.corretoraideal.com.br\/index.php\/wp-json\/wp\/v2\/comments?post=56828"}],"version-history":[{"count":1,"href":"https:\/\/blog.corretoraideal.com.br\/index.php\/wp-json\/wp\/v2\/posts\/56828\/revisions"}],"predecessor-version":[{"id":56831,"href":"https:\/\/blog.corretoraideal.com.br\/index.php\/wp-json\/wp\/v2\/posts\/56828\/revisions\/56831"}],"wp:attachment":[{"href":"https:\/\/blog.corretoraideal.com.br\/index.php\/wp-json\/wp\/v2\/media?parent=56828"}],"wp:term":[{"taxonomy":"category","embeddable":true,"href":"https:\/\/blog.corretoraideal.com.br\/index.php\/wp-json\/wp\/v2\/categories?post=56828"},{"taxonomy":"post_tag","embeddable":true,"href":"https:\/\/blog.corretoraideal.com.br\/index.php\/wp-json\/wp\/v2\/tags?post=56828"}],"curies":[{"name":"wp","href":"https:\/\/api.w.org\/{rel}","templated":true}]}}