{"id":56832,"date":"2024-01-26T23:29:50","date_gmt":"2024-01-26T23:29:50","guid":{"rendered":"https:\/\/blog.corretoraideal.com.br\/?p=56832"},"modified":"2024-01-26T23:29:50","modified_gmt":"2024-01-26T23:29:50","slug":"teams-plataforma-da-microsoft-enfrenta-instabilidade-nesta-sexta-feira-tecnologia-g1","status":"publish","type":"post","link":"https:\/\/blog.corretoraideal.com.br\/index.php\/2024\/01\/26\/teams-plataforma-da-microsoft-enfrenta-instabilidade-nesta-sexta-feira-tecnologia-g1\/","title":{"rendered":"Teams, plataforma da Microsoft, enfrenta instabilidade nesta sexta-feira | Tecnologia | G1"},"content":{"rendered":"<br \/>\n<h1>Teams, plataforma da Microsoft, enfrenta instabilidade nesta sexta-feira <\/h1>\n<h2>Usu\u00e1rios relatam dificuldades para compartilhar arquivos, enviar e receber mensagens. <\/h2>\n<p> Por g1 <\/p>\n<p>  26\/01\/2024 16h33    Atualizado  26\/01\/2024    <\/p>\n<p>                      1 de 2&#013;Microsoft Teams \u00e9 um dos servi\u00e7os da Microsoft 365 \u2014 Foto: Jaap Arriens\/NurPhoto\/Reuters    <\/p>\n<p> Microsoft Teams \u00e9 um dos servi\u00e7os da Microsoft 365 \u2014 Foto: Jaap Arriens\/NurPhoto\/Reuters <\/p>\n<p> Usu\u00e1rios do Teams, da <a class href=\"https:\/\/g1.globo.com\/tudo-sobre\/microsoft\/\">Microsoft<\/a>, relataram dificuldades ao acessar a plataforma na tarde desta sexta-feira (26). <\/p>\n<p> Segundo o site Downdetector, que re\u00fane relatos de instabilidade em v\u00e1rios pa\u00edses, foram registrados problemas a partir das 13h03 (hor\u00e1rio de Bras\u00edlia). O maior pico de reclama\u00e7\u00f5es ocorreu \u00e0s 15h35, com mais de 1.900 notifica\u00e7\u00f5es. <\/p>\n<p>         2 de 2&#013;Teams enfrenta instabilidade nesta sexta-feira \u2014 Foto: Downdetector\/ Reprodu\u00e7\u00e3o    <\/p>\n<p> Teams enfrenta instabilidade nesta sexta-feira \u2014 Foto: Downdetector\/ Reprodu\u00e7\u00e3o <\/p>\n<p> Por meio do perfil oficial no X, antigo <a class href=\"https:\/\/g1.globo.com\/tudo-sobre\/twitter\/\">Twitter<\/a>, o Teams confirmou a instabilidade na plataforma. <\/p>\n<p> &quot;N\u00f3s estamos investigando um problema que impactou v\u00e1rias funcionalidades do Microsoft Teams. Mais detalhes podem ser achados no centro de administra\u00e7\u00e3o, n\u00famero TM710344&quot;, dizia post. <\/p>\n<p> &quot;Pedimos desculpas pelo transtorno, nossa equipe de engenharia est\u00e1 atenta e trabalhando ativamente para solucionar esse problema&quot;, completa em outra postagem. <\/p>\n<p> Alguns usu\u00e1rios reclamaram na rede social que a plataforma n\u00e3o carregava ou enviava mensagens e arquivos. <\/p>\n<p> Lan\u00e7ado em 2016, o Teams \u00e9 uma plataforma focada no ambiente corporativo e estudantil. Entre os recursos dispon\u00edveis est\u00e3o o compartilhamento de arquivos, calend\u00e1rios e chamadas de v\u00eddeo em grupo. <\/p>\n<p> At\u00e9 \u00e0s 20h desta sexta, a Microsoft n\u00e3o havia estabilizado completamente a plataforma. <\/p>\n<p><h2>Reclama\u00e7\u00f5es <\/h2>\n<\/p>\n<p><h2>Leia mais <\/h2>\n<\/p>\n<ul>\n<li> <a href=\"https:\/\/g1.globo.com\/tudo-sobre\/microsoft\/\" class=\"entities__list-itemLink\" data-track-click=\"Microsoft\"> Microsoft <\/a> <\/li>\n<li> <a href=\"https:\/\/g1.globo.com\/tudo-sobre\/twitter\/\" class=\"entities__list-itemLink\" data-track-click=\"Twitter\"> Twitter <\/a> <\/li>\n<\/ul>\n<h3> <a id=\"js-next-article-desktop-link\" class=\"next-article-desktop-link\"><\/a> <\/h3>\n<h3> <a id=\"js-next-article-smart-link\" class=\"next-article-smart-link\"><\/a> <\/h3>\n<p>Veja tamb\u00e9m<\/p>\n<\/p>\n<\/p>\n<p>       Anterior   Pr\u00f3ximo     <\/p>\n","protected":false},"excerpt":{"rendered":"<p>Teams, plataforma da Microsoft, enfrenta instabilidade nesta sexta-feira Usu\u00e1rios relatam dificuldades para compartilhar arquivos, enviar e receber mensagens. Por g1 26\/01\/2024 16h33 Atualizado 26\/01\/2024 1 de 2&#013;Microsoft Teams \u00e9 um dos servi\u00e7os da Microsoft 365 \u2014 Foto: Jaap Arriens\/NurPhoto\/Reuters Microsoft Teams \u00e9 um dos servi\u00e7os da Microsoft 365 \u2014 Foto: Jaap Arriens\/NurPhoto\/Reuters Usu\u00e1rios do Teams, [&hellip;]<\/p>\n","protected":false},"author":1,"featured_media":0,"comment_status":"closed","ping_status":"closed","sticky":false,"template":"","format":"standard","meta":{"footnotes":""},"categories":[],"tags":[],"class_list":["post-56832","post","type-post","status-publish","format-standard","hentry"],"_links":{"self":[{"href":"https:\/\/blog.corretoraideal.com.br\/index.php\/wp-json\/wp\/v2\/posts\/56832","targetHints":{"allow":["GET"]}}],"collection":[{"href":"https:\/\/blog.corretoraideal.com.br\/index.php\/wp-json\/wp\/v2\/posts"}],"about":[{"href":"https:\/\/blog.corretoraideal.com.br\/index.php\/wp-json\/wp\/v2\/types\/post"}],"author":[{"embeddable":true,"href":"https:\/\/blog.corretoraideal.com.br\/index.php\/wp-json\/wp\/v2\/users\/1"}],"replies":[{"embeddable":true,"href":"https:\/\/blog.corretoraideal.com.br\/index.php\/wp-json\/wp\/v2\/comments?post=56832"}],"version-history":[{"count":1,"href":"https:\/\/blog.corretoraideal.com.br\/index.php\/wp-json\/wp\/v2\/posts\/56832\/revisions"}],"predecessor-version":[{"id":56834,"href":"https:\/\/blog.corretoraideal.com.br\/index.php\/wp-json\/wp\/v2\/posts\/56832\/revisions\/56834"}],"wp:attachment":[{"href":"https:\/\/blog.corretoraideal.com.br\/index.php\/wp-json\/wp\/v2\/media?parent=56832"}],"wp:term":[{"taxonomy":"category","embeddable":true,"href":"https:\/\/blog.corretoraideal.com.br\/index.php\/wp-json\/wp\/v2\/categories?post=56832"},{"taxonomy":"post_tag","embeddable":true,"href":"https:\/\/blog.corretoraideal.com.br\/index.php\/wp-json\/wp\/v2\/tags?post=56832"}],"curies":[{"name":"wp","href":"https:\/\/api.w.org\/{rel}","templated":true}]}}