{"id":56835,"date":"2024-01-27T01:29:52","date_gmt":"2024-01-27T01:29:52","guid":{"rendered":"https:\/\/blog.corretoraideal.com.br\/?p=56835"},"modified":"2024-01-27T01:29:52","modified_gmt":"2024-01-27T01:29:52","slug":"em-macae-cronograma-de-obras-de-esgotamento-sanitario-e-divulgado-ate-2-de-fevereiro-norte-fluminense-g1","status":"publish","type":"post","link":"https:\/\/blog.corretoraideal.com.br\/index.php\/2024\/01\/27\/em-macae-cronograma-de-obras-de-esgotamento-sanitario-e-divulgado-ate-2-de-fevereiro-norte-fluminense-g1\/","title":{"rendered":"Em Maca\u00e9, cronograma de obras de esgotamento sanit\u00e1rio \u00e9 divulgado at\u00e9 2 de fevereiro | Norte Fluminense | G1"},"content":{"rendered":"<br \/>\n<h1>Em Maca\u00e9, cronograma de obras de esgotamento sanit\u00e1rio \u00e9 divulgado at\u00e9 2 de fevereiro<\/h1>\n<h2>Interven\u00e7\u00f5es ser\u00e3o no bairro Aroeira e em outros pontos da cidade. <\/h2>\n<p> Por g1 &mdash; Maca\u00e9  <\/p>\n<p>  26\/01\/2024 18h10    Atualizado  26\/01\/2024    <\/p>\n<p>                      1 de 1&#013;Prefeitura de Maca\u00e9 divulga programa\u00e7\u00e3o de obras de esgotamento sanit\u00e1rio na cidade \u2014 Foto: Prefeitura de Maca\u00e9    <\/p>\n<p> Prefeitura de Maca\u00e9 divulga programa\u00e7\u00e3o de obras de esgotamento sanit\u00e1rio na cidade \u2014 Foto: Prefeitura de Maca\u00e9 <\/p>\n<p> A programa\u00e7\u00e3o semanal de obras de esgotamento sanit\u00e1rio em <a class href=\"https:\/\/g1.globo.com\/rj\/regiao-dos-lagos\/cidade\/macae\/\">Maca\u00e9<\/a>, no Norte Fluminense, foi divulgado nesta sexta-feira (26) pela concession\u00e1ria BRK e \u00e9 v\u00e1lido at\u00e9 o dia 2 de fevereiro. <\/p>\n<p> As obras s\u00e3o de implanta\u00e7\u00e3o de redes exclusivas para coleta e demais estruturas do bairro Aroeira, al\u00e9m da manuten\u00e7\u00e3o da esta\u00e7\u00e3o elevat\u00f3ria na Avenida Ricardo Muylaert Salgado e a recomposi\u00e7\u00e3o asf\u00e1ltica na Avenida Dr. S\u00e9rgio Vieira de Mello. <\/p>\n<p><h2>Bairro Aroeira<\/h2>\n<\/p>\n<p> As obras de execu\u00e7\u00e3o de redes no bairro Aroeira ser\u00e3o na Rua Alzira Maria da Silva Guimar\u00e3es, entre o cruzamento com a Henrique Stuart e a Rua Joaquim Alberto de Brito Pinto, e na Rua das Cabi\u00fanas, entre o cruzamento com a Rua dos Ip\u00eas e a Rua das Ac\u00e1cias. <\/p>\n<p> J\u00e1 para a Rua Alcides Mour\u00e3o, a previs\u00e3o \u00e9 de trabalhos pontuais em trechos em que as obras j\u00e1 foram finalizadas. <\/p>\n<p> Tamb\u00e9m est\u00e3o inclu\u00eddas no cronograma a manuten\u00e7\u00e3o da esta\u00e7\u00e3o elevat\u00f3ria na Avenida Ricardo Muylaert Salgado, pr\u00f3ximo ao cruzamento com a Rodovia Norte-Sul, na Lagoa, altura do Vale dos Cristais, al\u00e9m da recomposi\u00e7\u00e3o asf\u00e1ltica na Avenida Dr. S\u00e9rgio Vieira de Mello (antiga Rua W-5), entre as ruas W-18 e Rua W-16, no Lagomar. <\/p>\n<p> &quot;\u00c9 importante que as pessoas que costumam circular pelos locais com previs\u00e3o de obras, acompanhem a programa\u00e7\u00e3o que \u00e9 divulgada semanalmente para que busquem rotas alternativas ou que tenham total aten\u00e7\u00e3o \u00e0 sinaliza\u00e7\u00e3o para maior seguran\u00e7a ao passarem pelos trechos com atividades das equipes&quot;, ressalta o Gerente de Engenharia da concession\u00e1ria BRK, S\u00e9rgio Zau. <\/p>\n<p> A Prefeitura de Maca\u00e9 esclarece que os trabalhos s\u00e3o realizados por trechos e as equipes n\u00e3o atuam, necessariamente, em todas as vias simultaneamente. Mas, \u00e9 preciso cuidado e a compreens\u00e3o de quem transita perto destes locais, devido \u00e0s poss\u00edveis interdi\u00e7\u00f5es e desvios no fluxo de ve\u00edculos. <\/p>\n<p> A Prefeitura ainda sinaliza \u00e0 aten\u00e7\u00e3o dos motoristas para evitar acidentes, assim como a colabora\u00e7\u00e3o em n\u00e3o estacionar nas ruas indicadas nos dias previstos para a realiza\u00e7\u00e3o das atividades. <\/p>\n<p> Nos casos de emerg\u00eancias m\u00e9dicas ou de servi\u00e7os essenciais (Bombeiros, Defesa Civil etc.), a passagem ser\u00e1 liberada. <\/p>\n<p> Para d\u00favidas e solicita\u00e7\u00f5es, a concession\u00e1ria BRK disponibiliza os telefones 0800 771 0001 e (22) 99878-0023 (Plant\u00e3o Social), al\u00e9m do e-mail plantaosocialmacae@brkambiental.com.br. <\/p>\n<ul>\n<li> <a href=\"https:\/\/g1.globo.com\/rj\/regiao-dos-lagos\/cidade\/macae\/\" class=\"entities__list-itemLink\" data-track-click=\"Maca\u00e9\"> Maca\u00e9 <\/a> <\/li>\n<\/ul>\n<h3> <a id=\"js-next-article-desktop-link\" class=\"next-article-desktop-link\"><\/a> <\/h3>\n<h3> <a id=\"js-next-article-smart-link\" class=\"next-article-smart-link\"><\/a> <\/h3>\n<p>Veja tamb\u00e9m<\/p>\n<\/p>\n<\/p>\n<p>       Anterior   Pr\u00f3ximo     <\/p>\n","protected":false},"excerpt":{"rendered":"<p>Em Maca\u00e9, cronograma de obras de esgotamento sanit\u00e1rio \u00e9 divulgado at\u00e9 2 de fevereiro Interven\u00e7\u00f5es ser\u00e3o no bairro Aroeira e em outros pontos da cidade. Por g1 &mdash; Maca\u00e9 26\/01\/2024 18h10 Atualizado 26\/01\/2024 1 de 1&#013;Prefeitura de Maca\u00e9 divulga programa\u00e7\u00e3o de obras de esgotamento sanit\u00e1rio na cidade \u2014 Foto: Prefeitura de Maca\u00e9 Prefeitura de Maca\u00e9 [&hellip;]<\/p>\n","protected":false},"author":1,"featured_media":0,"comment_status":"closed","ping_status":"closed","sticky":false,"template":"","format":"standard","meta":{"footnotes":""},"categories":[],"tags":[],"class_list":["post-56835","post","type-post","status-publish","format-standard","hentry"],"_links":{"self":[{"href":"https:\/\/blog.corretoraideal.com.br\/index.php\/wp-json\/wp\/v2\/posts\/56835","targetHints":{"allow":["GET"]}}],"collection":[{"href":"https:\/\/blog.corretoraideal.com.br\/index.php\/wp-json\/wp\/v2\/posts"}],"about":[{"href":"https:\/\/blog.corretoraideal.com.br\/index.php\/wp-json\/wp\/v2\/types\/post"}],"author":[{"embeddable":true,"href":"https:\/\/blog.corretoraideal.com.br\/index.php\/wp-json\/wp\/v2\/users\/1"}],"replies":[{"embeddable":true,"href":"https:\/\/blog.corretoraideal.com.br\/index.php\/wp-json\/wp\/v2\/comments?post=56835"}],"version-history":[{"count":1,"href":"https:\/\/blog.corretoraideal.com.br\/index.php\/wp-json\/wp\/v2\/posts\/56835\/revisions"}],"predecessor-version":[{"id":56837,"href":"https:\/\/blog.corretoraideal.com.br\/index.php\/wp-json\/wp\/v2\/posts\/56835\/revisions\/56837"}],"wp:attachment":[{"href":"https:\/\/blog.corretoraideal.com.br\/index.php\/wp-json\/wp\/v2\/media?parent=56835"}],"wp:term":[{"taxonomy":"category","embeddable":true,"href":"https:\/\/blog.corretoraideal.com.br\/index.php\/wp-json\/wp\/v2\/categories?post=56835"},{"taxonomy":"post_tag","embeddable":true,"href":"https:\/\/blog.corretoraideal.com.br\/index.php\/wp-json\/wp\/v2\/tags?post=56835"}],"curies":[{"name":"wp","href":"https:\/\/api.w.org\/{rel}","templated":true}]}}