{"id":56846,"date":"2024-01-27T08:29:38","date_gmt":"2024-01-27T08:29:38","guid":{"rendered":"https:\/\/blog.corretoraideal.com.br\/?p=56846"},"modified":"2024-01-27T08:29:38","modified_gmt":"2024-01-27T08:29:38","slug":"justica-dos-eua-aceita-pedido-de-recuperacao-judicial-da-gol-negocios-g1","status":"publish","type":"post","link":"https:\/\/blog.corretoraideal.com.br\/index.php\/2024\/01\/27\/justica-dos-eua-aceita-pedido-de-recuperacao-judicial-da-gol-negocios-g1\/","title":{"rendered":"Justi\u00e7a dos EUA aceita pedido de recupera\u00e7\u00e3o judicial da Gol | Neg\u00f3cios | G1"},"content":{"rendered":"<br \/>\n<h1>Justi\u00e7a dos EUA aceita pedido de recupera\u00e7\u00e3o judicial da Gol<\/h1>\n<h2>Decis\u00e3o impede que credores obtenham bens ou propriedades da companhia a\u00e9rea, al\u00e9m de suspender a\u00e7\u00f5es contra a empresa.<\/h2>\n<p> Por g1 <\/p>\n<p>  27\/01\/2024 00h22    Atualizado  27\/01\/2024    <\/p>\n<p>                      1 de 1&#013;Avi\u00e3o da Gol se prepara para pousar no aeroporto Santos Dumont, no Rio de Janeiro. \u2014 Foto: Reuters\/Sergio Moraes    <\/p>\n<p> Avi\u00e3o da Gol se prepara para pousar no aeroporto Santos Dumont, no Rio de Janeiro. \u2014 Foto: Reuters\/Sergio Moraes <\/p>\n<p> O Tribunal de Fal\u00eancias de Nova York aceitou nesta sexta-feira (26) o pedido de recupera\u00e7\u00e3o judicial feito pela Gol. Com a decis\u00e3o, credores ficam impedidos de obter bens ou propriedades da companhia a\u00e9rea. A medida tamb\u00e9m suspende a\u00e7\u00f5es contra a empresa. <\/p>\n<p> A Gol anunciou na quinta-feira (25) que <a class href=\"https:\/\/g1.globo.com\/economia\/noticia\/2024\/01\/25\/gol-entra-com-pedido-de-recuperacao-judicial-nos-estados-unidos.ghtml\">entrou com um pedido de reestrutura\u00e7\u00e3o de d\u00edvidas na Justi\u00e7a dos Estados Unidos<\/a> por meio do Chapter 11, semelhante \u00e0 recupera\u00e7\u00e3o judicial no Brasil. Pelo processo, a empresa ter\u00e1 acesso a um financiamento de <strong>US$ 950 milh\u00f5es<\/strong>. (entenda mais abaixo)<strong> <\/strong> <\/p>\n<p> De acordo com a Gol, o objetivo do processo \u00e9 reestruturar suas obriga\u00e7\u00f5es financeiras de curto prazo e &quot;fortalecer sua estrutura de capital para ter sustentabilidade no longo prazo&quot;. As d\u00edvidas da companhia s\u00e3o estimadas em <strong>R$ 20 bilh\u00f5es<\/strong>. <\/p>\n<p> Apesar do processo, a Gol informou que <strong>todos os voos est\u00e3o operando conforme programado e todas as passagens a\u00e9reas e reservas permanecem em vigor<\/strong><strong>. <\/strong>A afirma\u00e7\u00e3o foi refor\u00e7ada pelo CEO da empresa, Celso Ferrer, em entrevista a jornalistas. <\/p>\n<p>&quot;O processo de reestrutura\u00e7\u00e3o pretende otimizar a Gol para sustentar o crescimento. N\u00e3o devemos reduzir as aeronaves em servi\u00e7o. O foco \u00e9 endere\u00e7ar os passivos durante esse per\u00edodo e organizar o fluxo daqui para frente&quot;, afirmou.<\/p>\n<p> De acordo com a companhia, o programa de fidelidade Smiles tamb\u00e9m n\u00e3o ter\u00e1 altera\u00e7\u00f5es e continuar\u00e1 dispon\u00edvel. <\/p>\n<p><h2>Reestrutura\u00e7\u00e3o de d\u00edvidas<\/h2>\n<\/p>\n<p> Na pr\u00e1tica, a empresa acionou um instrumento legal nos <a class href=\"https:\/\/g1.globo.com\/tudo-sobre\/estados-unidos\/\">Estados Unidos<\/a> conhecido como &quot;Chapter 11&quot; (similar \u00e0 recupera\u00e7\u00e3o judicial brasileira), utilizado pelas empresas para suspender a execu\u00e7\u00e3o de d\u00edvidas e realizar reestrutura\u00e7\u00e3o financeira e operacional. <\/p>\n<p> O pedido foi feito no Tribunal de Fal\u00eancias dos EUA para o Distrito Sul de Nova York. Segundo o CEO da Gol, Celso Ferrer, a empresa optou pelo processo na Justi\u00e7a norte-americana ap\u00f3s recomenda\u00e7\u00e3o dos advogados da companhia no pa\u00eds. <\/p>\n<p> <strong>Mesmo com a medida, a Gol pode operar normalmente.<\/strong> <\/p>\n<p> A companhia a\u00e9rea tamb\u00e9m informou que garantiu <strong>US$ 950 milh\u00f5es<\/strong> em financiamento para apoiar seus neg\u00f3cios, na modalidade debtor-in-possession (devedor em posse, na tradu\u00e7\u00e3o livre) \u2014 uma esp\u00e9cie de empr\u00e9stimo feito em ambiente de recupera\u00e7\u00e3o judicial. <\/p>\n<p> Com a aprova\u00e7\u00e3o nesta sexta pela Justi\u00e7a dos EUA, a companhia ter\u00e1 acesso a esses recursos. <\/p>\n<p> O cr\u00e9dito ser\u00e1 obtido por meio de um grupo de investidores &quot;que j\u00e1 conhece a companhia&quot;, disse Ferrer. S\u00e3o membros do Grupo Ad Hoc de Bondholders (investidores que possuem t\u00edtulos de d\u00edvidas) da Abra \u2014 holding que controla a Gol \u2014, al\u00e9m de outros Bondholders da Abra. <\/p>\n<p>&quot;Juntamente com o caixa gerado pelas opera\u00e7\u00f5es em curso, [o financiamento] fornecer\u00e1 liquidez substancial para apoiar as opera\u00e7\u00f5es, que seguem normalmente durante o processo de reestrutura\u00e7\u00e3o financeira&quot;, concluiu, em nota, a companhia a\u00e9rea.<\/p>\n<p><h2>O que levou a Gol ao pedido de recupera\u00e7\u00e3o?<\/h2>\n<\/p>\n<p> Segundo analistas, a Gol tem n\u00fameros operacionais s\u00f3lidos diante da boa demanda por viagens a\u00e9reas no Brasil. As altas despesas com leasing (contrato de aluguel de aeronaves) e juros, no entanto, t\u00eam pressionado seu fluxo de caixa e afetado seu perfil de d\u00edvida. <\/p>\n<p> A companhia tamb\u00e9m enfrentou problemas de capacidade em meio a atrasos nas entregas de aeronaves da Boeing \u2014 o que, segundo o presidente-executivo da empresa, impediu que a Gol crescesse no ritmo que gostaria. <\/p>\n<p> Outros causadores da atual situa\u00e7\u00e3o, segundo a companhia, s\u00e3o os efeitos da pandemia de Covid-19 \u2014 que elevaram os pre\u00e7os dos combust\u00edveis e <a class href=\"https:\/\/g1.globo.com\/economia\/noticia\/2023\/09\/14\/real-terceira-maior-queda-contra-o-dolar.ghtml\">influenciaram a desvaloriza\u00e7\u00e3o do real frente ao d\u00f3lar<\/a>. <\/p>\n<p> A Gol detinha 33% de participa\u00e7\u00e3o de mercado na ind\u00fastria de avia\u00e7\u00e3o brasileira no ano passado, perdendo apenas para a <a class href=\"https:\/\/g1.globo.com\/tudo-sobre\/latam\/\">Latam<\/a> Brasil \u2014 conforme definido pela receita de passageiros por quil\u00f4metro, que mede o tr\u00e1fego. <\/p>\n<p><h2>Suspens\u00e3o na bolsa de Nova York e rebaixamento<\/h2>\n<\/p>\n<p> Em comunicado a investidores nesta sexta-feira, a Gol informou que a bolsa de valores de Nova York (NYSE) <strong>suspendeu a negocia\u00e7\u00e3o das American Depositary Shares (ADSs) da companhia<\/strong>. ADSs s\u00e3o<strong> <\/strong>a\u00e7\u00f5es de empresas n\u00e3o norte-americanas dispon\u00edveis na bolsa. <\/p>\n<p> A companhia disse que n\u00e3o pretende recorrer da decis\u00e3o. <\/p>\n<p> Tamb\u00e9m nesta sexta, a ag\u00eancia classifica\u00e7\u00e3o de risco Fitch Ratings rebaixou a nota de cr\u00e9dito de longo prazo em moeda local e estrangeira da Gol de &quot;CCC-&quot; para &quot;D&quot;. <\/p>\n<p> As medidas s\u00e3o consequ\u00eancia do pedido de reestrutura\u00e7\u00e3o pelo Chapter 11. <\/p>\n<p> *Com informa\u00e7\u00f5es da Reuters <\/p>\n<ul>\n<li> <a href=\"https:\/\/g1.globo.com\/tudo-sobre\/estados-unidos\/\" class=\"entities__list-itemLink\" data-track-click=\"Estados Unidos\"> Estados Unidos <\/a> <\/li>\n<li> <a href=\"https:\/\/g1.globo.com\/tudo-sobre\/latam\/\" class=\"entities__list-itemLink\" data-track-click=\"Latam\"> Latam <\/a> <\/li>\n<\/ul>\n<h3> <a id=\"js-next-article-desktop-link\" class=\"next-article-desktop-link\"><\/a> <\/h3>\n<h3> <a id=\"js-next-article-smart-link\" class=\"next-article-smart-link\"><\/a> <\/h3>\n<p>Veja tamb\u00e9m<\/p>\n<\/p>\n<\/p>\n<p>       Anterior   Pr\u00f3ximo     <\/p>\n","protected":false},"excerpt":{"rendered":"<p>Justi\u00e7a dos EUA aceita pedido de recupera\u00e7\u00e3o judicial da Gol Decis\u00e3o impede que credores obtenham bens ou propriedades da companhia a\u00e9rea, al\u00e9m de suspender a\u00e7\u00f5es contra a empresa. Por g1 27\/01\/2024 00h22 Atualizado 27\/01\/2024 1 de 1&#013;Avi\u00e3o da Gol se prepara para pousar no aeroporto Santos Dumont, no Rio de Janeiro. \u2014 Foto: Reuters\/Sergio Moraes [&hellip;]<\/p>\n","protected":false},"author":1,"featured_media":0,"comment_status":"closed","ping_status":"closed","sticky":false,"template":"","format":"standard","meta":{"footnotes":""},"categories":[],"tags":[],"class_list":["post-56846","post","type-post","status-publish","format-standard","hentry"],"_links":{"self":[{"href":"https:\/\/blog.corretoraideal.com.br\/index.php\/wp-json\/wp\/v2\/posts\/56846","targetHints":{"allow":["GET"]}}],"collection":[{"href":"https:\/\/blog.corretoraideal.com.br\/index.php\/wp-json\/wp\/v2\/posts"}],"about":[{"href":"https:\/\/blog.corretoraideal.com.br\/index.php\/wp-json\/wp\/v2\/types\/post"}],"author":[{"embeddable":true,"href":"https:\/\/blog.corretoraideal.com.br\/index.php\/wp-json\/wp\/v2\/users\/1"}],"replies":[{"embeddable":true,"href":"https:\/\/blog.corretoraideal.com.br\/index.php\/wp-json\/wp\/v2\/comments?post=56846"}],"version-history":[{"count":1,"href":"https:\/\/blog.corretoraideal.com.br\/index.php\/wp-json\/wp\/v2\/posts\/56846\/revisions"}],"predecessor-version":[{"id":56848,"href":"https:\/\/blog.corretoraideal.com.br\/index.php\/wp-json\/wp\/v2\/posts\/56846\/revisions\/56848"}],"wp:attachment":[{"href":"https:\/\/blog.corretoraideal.com.br\/index.php\/wp-json\/wp\/v2\/media?parent=56846"}],"wp:term":[{"taxonomy":"category","embeddable":true,"href":"https:\/\/blog.corretoraideal.com.br\/index.php\/wp-json\/wp\/v2\/categories?post=56846"},{"taxonomy":"post_tag","embeddable":true,"href":"https:\/\/blog.corretoraideal.com.br\/index.php\/wp-json\/wp\/v2\/tags?post=56846"}],"curies":[{"name":"wp","href":"https:\/\/api.w.org\/{rel}","templated":true}]}}