{"id":56849,"date":"2024-01-27T09:29:48","date_gmt":"2024-01-27T09:29:48","guid":{"rendered":"https:\/\/blog.corretoraideal.com.br\/?p=56849"},"modified":"2024-01-27T09:29:48","modified_gmt":"2024-01-27T09:29:48","slug":"a-perigosa-moda-de-funcionarios-gravarem-demissao-para-postar-no-tiktok-trabalho-e-carreira-g1","status":"publish","type":"post","link":"https:\/\/blog.corretoraideal.com.br\/index.php\/2024\/01\/27\/a-perigosa-moda-de-funcionarios-gravarem-demissao-para-postar-no-tiktok-trabalho-e-carreira-g1\/","title":{"rendered":"A perigosa moda de funcion\u00e1rios gravarem demiss\u00e3o para postar no TikTok | Trabalho e Carreira | G1"},"content":{"rendered":"<br \/>\n<h1>A perigosa moda de funcion\u00e1rios gravarem demiss\u00e3o para postar no TikTok<\/h1>\n<h2>Especialistas alertam que transformar uma demiss\u00e3o em conte\u00fado de rede social, por melhores que sejam as inten\u00e7\u00f5es, pode trazer consequ\u00eancias profissionais de longo prazo.<\/h2>\n<p>       <a href=\"http:\/\/www.bbc.com\/portuguese\" target=\"_blank\" rel=\"noopener noreferrer\">    <\/a>   <\/p>\n<p> Por Lillian Stone <\/p>\n<p>  27\/01\/2024 05h00    Atualizado  27\/01\/2024    <\/p>\n<p>                      1 de 1&#013;A perigosa moda de funcion\u00e1rios gravarem demiss\u00e3o para postar no TikTok \u2014 Foto: Getty Images via BBC    <\/p>\n<p> A perigosa moda de funcion\u00e1rios gravarem demiss\u00e3o para postar no TikTok \u2014 Foto: Getty Images via BBC <\/p>\n<p> Milh\u00f5es de pessoas assistiram nas redes sociais \u00e0 profissional de tecnologia Brittany Pietsch sendo demitida do emprego em uma chamada de v\u00eddeo. <\/p>\n<p> Pietsch trabalhava como executiva de contas na empresa de TI americana Cloudflare. No dia 12 de janeiro, ela postou no <a class href=\"https:\/\/g1.globo.com\/tudo-sobre\/tiktok\/\">TikTok<\/a> um v\u00eddeo de nove minutos com a legenda: &quot;Quando voc\u00ea sabe que vai ser demitida e grava&quot;. <\/p>\n<p> O v\u00eddeo mostra a rea\u00e7\u00e3o exaltada de Pietsch quando dois representantes da empresa, que ela n\u00e3o conhecia, explicam que ela n\u00e3o conseguiu atender \u00e0s &quot;expectativas de desempenho&quot; e ser\u00e1 demitida. <\/p>\n<p> Durante a conversa, ela defende seu trabalho, detalhando o feedback positivo que recebeu, e tenta saber dos representantes da empresa quais s\u00e3o os motivos espec\u00edficos que a levaram a ser cortada (mas os funcion\u00e1rios do outro lado da linha se recusaram a informar esses motivos). <\/p>\n<p> V\u00eddeos similares est\u00e3o ganhando for\u00e7a no <a class href=\"https:\/\/g1.globo.com\/tudo-sobre\/tiktok\/\">TikTok<\/a> e no X (antigo <a class href=\"https:\/\/g1.globo.com\/tudo-sobre\/twitter\/\">Twitter<\/a>), enquanto as demiss\u00f5es em massa continuam a causar impactos em v\u00e1rios setores em todo o mundo. <\/p>\n<p> Em mais uma mudan\u00e7a do cen\u00e1rio atual do trabalho, muitos profissionais s\u00e3o demitidos em chamadas de v\u00eddeo nas suas pr\u00f3prias casas \u2013 uma situa\u00e7\u00e3o desoladora para os profissionais jovens, especialmente se estiverem sendo demitidos pela primeira vez. <\/p>\n<p> Alguns observadores podem considerar os v\u00eddeos de demiss\u00e3o transparentes e empoderadores, especialmente quando conseguem se identificar com essa experi\u00eancia. E a se\u00e7\u00e3o de coment\u00e1rios tamb\u00e9m pode ser um lugar para oferecer conselhos profissionais sobre como superar uma demiss\u00e3o. <\/p>\n<p> No caso de Pietsch, ela gravou e divulgou a demiss\u00e3o &quot;para poder compartilhar o que aconteceu com a fam\u00edlia e os amigos&quot;, segundo declarou ao The Wall Street Journal, em 16 de janeiro. <\/p>\n<p> Mas especialistas alertam que <strong>transformar uma demiss\u00e3o em conte\u00fado de rede social<\/strong>, por melhores que sejam as inten\u00e7\u00f5es, pode trazer consequ\u00eancias profissionais<a class href=\"https:\/\/www.bbc.com\/portuguese\/topics\/cr50y51rk1vt?xtor=AL-73-%5Bpartner%5D-%5Bg1%5D-%5Blink%5D-%5Bbrazil%5D-%5Bbizdev%5D-%5Bisapi%5D\" target=\"_blank\" rel=\"noopener noreferrer\"> <\/a>de longo prazo. <\/p>\n<p><h2>O conte\u00fado traz solidariedade<\/h2>\n<\/p>\n<p> A hashtag #layoffs (demiss\u00f5es) no <a class href=\"https:\/\/g1.globo.com\/tudo-sobre\/tiktok\/\">TikTok<\/a> j\u00e1 atraiu mais de 366 milh\u00f5es de visualiza\u00e7\u00f5es. <\/p>\n<p> Esse pico de interesse \u00e9 totalmente esperado. Afinal, as demiss\u00f5es em massa no setor de tecnologia em 2023 invadiram o ano novo. <\/p>\n<p> <a class href=\"https:\/\/g1.globo.com\/tudo-sobre\/google\/\">Google<\/a>, <a class href=\"https:\/\/g1.globo.com\/tudo-sobre\/amazon\/\">Amazon<\/a> e outras gigantes da tecnologia reduziram seus quadros de funcion\u00e1rios de 1\u00b0 de janeiro para c\u00e1. E demiss\u00f5es em empresas de comunica\u00e7\u00e3o continuam a atingir milhares de pessoas. <\/p>\n<p> Para os <strong>profissionais da gera\u00e7\u00e3o Z<\/strong> (os que nasceram entre 1995 e 2010) que est\u00e3o no centro da tend\u00eancia das demiss\u00f5es ao vivo, os v\u00eddeos podem ser interpretados como extens\u00f5es do conte\u00fado sobre sua vida cotidiana, publicado na forma de v\u00eddeos Get Ready With Me (GRWM \u2013 &quot;apronte-se comigo&quot;, em tradu\u00e7\u00e3o livre). Nesta se\u00e7\u00e3o do <a class href=\"https:\/\/g1.globo.com\/tudo-sobre\/tiktok\/\">TikTok<\/a>, os criadores de conte\u00fado apresentam suas rotinas di\u00e1rias aos seus seguidores. <\/p>\n<p> Os criadores ganham exposi\u00e7\u00e3o oferecendo ao p\u00fablico a oportunidade de observar sua vida di\u00e1ria. E, seguindo esse padr\u00e3o, a demiss\u00e3o do emprego pode ser algo perfeitamente normal para ser compartilhado nas redes sociais. <\/p>\n<p> As demiss\u00f5es simplesmente podem gerar bom conte\u00fado, perfeitamente alinhado aos formatos de forma\u00e7\u00e3o de tend\u00eancias e temas relativos ao zeitgeist  (o esp\u00edrito da \u00e9poca). <\/p>\n<p> Para os espectadores, os v\u00eddeos oferecem <strong>uma forma de se sentirem menos sozinhos<\/strong> em um novo mundo do trabalho, com demiss\u00f5es ocorrendo frequentemente em chamadas de v\u00eddeo de 10 minutos no home office do funcion\u00e1rio, em vez da privacidade de uma sala de confer\u00eancias sem janelas. <\/p>\n<p> O v\u00eddeo de Pietsch gerou coment\u00e1rios de apoio e empatia. <\/p>\n<p> &quot;Sinto muito por ouvir isso&quot;, escreve um espectador. &quot;Fui demitido depois de sete anos de lealdade a uma empresa na qual trabalhei. Aquilo literalmente me matou.&quot; <\/p>\n<p> Outra pessoa escreve: &quot;As empresas n\u00e3o se importam com voc\u00ea, ent\u00e3o tamb\u00e9m podemos constranger essas pessoas&quot;. <\/p>\n<p> \u00c0 parte do seu valor como entretenimento, esse tipo de conte\u00fado tamb\u00e9m reflete o panorama profissional de momento, depois da mudan\u00e7a de poder favor\u00e1vel aos funcion\u00e1rios, especialmente em meados do ano passado. <\/p>\n<p> Ao lado dos movimentos trabalhistas, como o &quot;ver\u00e3o de greves&quot; de 2023 (um per\u00edodo de atividade sindical generalizada com grande repercuss\u00e3o nos EUA e no Reino Unido, com os trabalhadores conseguindo acordos em n\u00edveis recorde), os v\u00eddeos de demiss\u00e3o ao vivo questionam o padr\u00e3o segundo o qual os empregadores sempre det\u00eam o poder. <\/p>\n<p> Os v\u00eddeos tamb\u00e9m refletem a ideia de que os profissionais est\u00e3o menos preocupados em proteger um <strong>padr\u00e3o de profissionalismo possivelmente ultrapassado<\/strong> e mais motivados para promover a mobiliza\u00e7\u00e3o e a solidariedade no ambiente de trabalho. <\/p>\n<p> E, para muitos desses criadores de conte\u00fado, isso significa responsabilizar os empregadores, mesmo depois que os profissionais deixam de fazer parte da sua folha de pagamento. <\/p>\n<p> Farah Sharghi \u00e9 recrutadora da \u00e1rea de tecnologia, criadora de conte\u00fado e coach profissional de S\u00e3o Francisco, nos Estados Unidos. Ela acredita que os v\u00eddeos de demiss\u00e3o s\u00e3o uma consequ\u00eancia natural de um mercado de trabalho tumultuado na era das redes sociais. <\/p>\n<p>&quot;O compartilhamento p\u00fablico de experi\u00eancias de demiss\u00e3o em plataformas como o <a class href=\"https:\/\/g1.globo.com\/tudo-sobre\/tiktok\/\">TikTok<\/a> reflete uma mudan\u00e7a para maior transpar\u00eancia e o desejo de compartilhar hist\u00f3rias pessoais em um mundo digital&quot;, segundo Sharghi.<\/p>\n<p> &quot;Isso tamb\u00e9m destaca o impacto profissional e emocional das decis\u00f5es corporativas sobre os indiv\u00edduos&quot;, prossegue ela. &quot;Uma coisa \u00e9 falar sobre a demiss\u00e3o \u2013 outra \u00e9 passar pela experi\u00eancia em tempo real, junto com a pessoa que sofreu o impacto.&quot; <\/p>\n<p> Sharghi afirma que v\u00eddeos como o de Pietsch podem expressar uma sensa\u00e7\u00e3o cada vez maior de insatisfa\u00e7\u00e3o com as rela\u00e7\u00f5es entre empregados e empregadores. <\/p>\n<p> &quot;A empresa [pode tentar] transferir a culpa da demiss\u00e3o para o funcion\u00e1rio \u2013 quando, na realidade, se for uma demiss\u00e3o em massa, pode ser falha de administra\u00e7\u00e3o ou avan\u00e7os tecnol\u00f3gicos que est\u00e3o trazendo mudan\u00e7as&quot;, explica ela. &quot;Esses v\u00eddeos est\u00e3o expondo as falhas das empresas.&quot; <\/p>\n<p><h2>Poste com cautela<\/h2>\n<\/p>\n<p> A ira dos criadores de v\u00eddeos de demiss\u00f5es pode ser justificada, mas analistas aconselham os jovens profissionais a reconsiderar sua abordagem. Eles chegam a criticar esses profissionais como sendo ing\u00eanuos e precipitados. <\/p>\n<p> No X, a comentarista conservadora Candace Owens chamou Pietsch de &quot;jovem e est\u00fapida&quot; depois que seu v\u00eddeo viralizou. <\/p>\n<p> &quot;Agora, qualquer empresa que pesquisar Brittany Pietsch no <a class href=\"https:\/\/g1.globo.com\/tudo-sobre\/google\/\">Google<\/a> ir\u00e1 encontrar esse v\u00eddeo da grava\u00e7\u00e3o secreta da empresa em que ela trabalhava, expondo-os por fazerem seu trabalho. Inacreditavelmente inconsequente&quot;, escreveu ela. <\/p>\n<p> Outro comentarista criticou Pietsch e a Cloudflare, considerando que ambos agiram mal. Para ele, &quot;ser demitido \u00e9 dif\u00edcil, mas \u00e9 importante enfrentar a situa\u00e7\u00e3o com dignidade. Demitir algu\u00e9m tamb\u00e9m \u00e9 dif\u00edcil e exige compaix\u00e3o e respeito. Total desastre de ambas as partes, neste caso.&quot; <\/p>\n<p> Sharghi n\u00e3o concorda com as posi\u00e7\u00f5es extremistas, mas recomenda cautela. <\/p>\n<p> &quot;Embora esses v\u00eddeos possam oferecer apoio e solidariedade, eles tamb\u00e9m t\u00eam o potencial de prejudicar as perspectivas profissionais futuras daquela pessoa. As grandes empresas de tecnologia, por exemplo, formam um mundo pequeno no topo [das companhias] e, se um desses v\u00eddeos viralizar, \u00e9 mais do que prov\u00e1vel que um recrutador, um gerente de contrata\u00e7\u00f5es ou um entrevistador tenha visto.&quot; <\/p>\n<p>As empresas podem pensar duas vezes antes de contratar um candidato que poder\u00e1 &quot;expor publicamente o trabalho interno da companhia&quot;, afirma ela.<\/p>\n<p> Este, de certa forma, \u00e9 um caso de assertividade extrema nas redes sociais, que pode fazer o gerente parar para pensar antes de contratar um funcion\u00e1rio. E, em alguns casos, esses v\u00eddeos podem at\u00e9 colocar seus criadores em dificuldades. <\/p>\n<p> Antes de seguir o impulso de postar, Sharghi recomenda que os indiv\u00edduos demitidos verifiquem seus acordos de rescis\u00e3o. Eles podem conter cl\u00e1usulas de n\u00e3o deprecia\u00e7\u00e3o ou limita\u00e7\u00f5es \u00e0 discuss\u00e3o das suas experi\u00eancias na empresa. <\/p>\n<p> Nos Estados Unidos, a Junta Nacional de Rela\u00e7\u00f5es Trabalhistas determinou em 2023 que as cl\u00e1usulas de n\u00e3o deprecia\u00e7\u00e3o em acordos de rescis\u00e3o profissional s\u00e3o ilegais. Mas existem exce\u00e7\u00f5es a esta regra, como divulgar segredos da companhia ou prestar declara\u00e7\u00f5es falsas e mal-intencionadas. <\/p>\n<p> &quot;Divulgar publicamente detalhes sobre o processo de demiss\u00e3o, especialmente se retratarem a empresa de forma negativa, pode representar uma quebra dessas cl\u00e1usulas&quot;, adverte Sharghi. <\/p>\n<p> Em resumo, a mensagem dos especialistas \u00e9 esta: <strong>fa\u00e7a uma pausa antes de postar.<\/strong> Qual \u00e9 o objetivo deste v\u00eddeo e quais s\u00e3o suas poss\u00edveis ramifica\u00e7\u00f5es? <\/p>\n<p> Se existe algo a se aprender com a hashtag #layoffs no <a class href=\"https:\/\/g1.globo.com\/tudo-sobre\/tiktok\/\">TikTok<\/a>, \u00e9 que a no\u00e7\u00e3o dos trabalhadores sobre a sua imagem profissional passa por mudan\u00e7as importantes \u2013 e criadores de conte\u00fado como Brittany Pietsch est\u00e3o conduzindo essas mudan\u00e7as. <\/p>\n<p> Pietsch declarou ao The Wall Street Journal que n\u00e3o se arrepende e que outros profissionais est\u00e3o dizendo a ela: &quot;gostaria ter me defendido como voc\u00ea fez&quot;. <\/p>\n<p><h2>Veja tamb\u00e9m:<\/h2>\n<\/p>\n<p>                   <img loading=\"lazy\" decoding=\"async\" class=\"aligncenter size-full wp-image-56851\" src=\"https:\/\/blog.corretoraideal.com.br\/wp-content\/uploads\/2024\/01\/videos-de.jpeg\" alt=\"V\u00eddeos de \" width=\"800\" height=\"400\" \/>       <\/p>\n<p> V\u00eddeos de &#8216;trollagem&#8217; com funcion\u00e1rios novos no trabalho viralizam nas redes sociais <\/p>\n<p>                    <img loading=\"lazy\" decoding=\"async\" class=\"aligncenter size-full wp-image-56852\" src=\"https:\/\/blog.corretoraideal.com.br\/wp-content\/uploads\/2024\/01\/empresa-pode-exigir-algo-da-aparencia-higiene-ou-estilo-dos-funcionarios.jpeg\" alt=\"Empresa pode exigir algo da apar\u00eancia, higiene ou estilo dos funcion\u00e1rios?\" width=\"800\" height=\"400\" \/>       <\/p>\n<p> Empresa pode exigir algo da apar\u00eancia, higiene ou estilo dos funcion\u00e1rios? <\/p>\n<ul>\n<li> <a href=\"https:\/\/g1.globo.com\/tudo-sobre\/amazon\/\" class=\"entities__list-itemLink\" data-track-click=\"Amazon\"> Amazon <\/a> <\/li>\n<li> <a href=\"https:\/\/g1.globo.com\/tudo-sobre\/google\/\" class=\"entities__list-itemLink\" data-track-click=\"Google\"> Google <\/a> <\/li>\n<li> <a href=\"https:\/\/g1.globo.com\/tudo-sobre\/tiktok\/\" class=\"entities__list-itemLink\" data-track-click=\"TikTok\"> TikTok <\/a> <\/li>\n<li> <a href=\"https:\/\/g1.globo.com\/tudo-sobre\/twitter\/\" class=\"entities__list-itemLink\" data-track-click=\"Twitter\"> Twitter <\/a> <\/li>\n<\/ul>\n<h3> <a id=\"js-next-article-desktop-link\" class=\"next-article-desktop-link\"><\/a> <\/h3>\n<h3> <a id=\"js-next-article-smart-link\" class=\"next-article-smart-link\"><\/a> <\/h3>\n<p>Veja tamb\u00e9m<\/p>\n<\/p>\n<\/p>\n<p>       Anterior   Pr\u00f3ximo     <\/p>\n","protected":false},"excerpt":{"rendered":"<p>A perigosa moda de funcion\u00e1rios gravarem demiss\u00e3o para postar no TikTok Especialistas alertam que transformar uma demiss\u00e3o em conte\u00fado de rede social, por melhores que sejam as inten\u00e7\u00f5es, pode trazer consequ\u00eancias profissionais de longo prazo. Por Lillian Stone 27\/01\/2024 05h00 Atualizado 27\/01\/2024 1 de 1&#013;A perigosa moda de funcion\u00e1rios gravarem demiss\u00e3o para postar no TikTok [&hellip;]<\/p>\n","protected":false},"author":1,"featured_media":0,"comment_status":"closed","ping_status":"closed","sticky":false,"template":"","format":"standard","meta":{"footnotes":""},"categories":[],"tags":[],"class_list":["post-56849","post","type-post","status-publish","format-standard","hentry"],"_links":{"self":[{"href":"https:\/\/blog.corretoraideal.com.br\/index.php\/wp-json\/wp\/v2\/posts\/56849","targetHints":{"allow":["GET"]}}],"collection":[{"href":"https:\/\/blog.corretoraideal.com.br\/index.php\/wp-json\/wp\/v2\/posts"}],"about":[{"href":"https:\/\/blog.corretoraideal.com.br\/index.php\/wp-json\/wp\/v2\/types\/post"}],"author":[{"embeddable":true,"href":"https:\/\/blog.corretoraideal.com.br\/index.php\/wp-json\/wp\/v2\/users\/1"}],"replies":[{"embeddable":true,"href":"https:\/\/blog.corretoraideal.com.br\/index.php\/wp-json\/wp\/v2\/comments?post=56849"}],"version-history":[{"count":1,"href":"https:\/\/blog.corretoraideal.com.br\/index.php\/wp-json\/wp\/v2\/posts\/56849\/revisions"}],"predecessor-version":[{"id":56853,"href":"https:\/\/blog.corretoraideal.com.br\/index.php\/wp-json\/wp\/v2\/posts\/56849\/revisions\/56853"}],"wp:attachment":[{"href":"https:\/\/blog.corretoraideal.com.br\/index.php\/wp-json\/wp\/v2\/media?parent=56849"}],"wp:term":[{"taxonomy":"category","embeddable":true,"href":"https:\/\/blog.corretoraideal.com.br\/index.php\/wp-json\/wp\/v2\/categories?post=56849"},{"taxonomy":"post_tag","embeddable":true,"href":"https:\/\/blog.corretoraideal.com.br\/index.php\/wp-json\/wp\/v2\/tags?post=56849"}],"curies":[{"name":"wp","href":"https:\/\/api.w.org\/{rel}","templated":true}]}}