{"id":56873,"date":"2024-01-27T23:29:43","date_gmt":"2024-01-27T23:29:43","guid":{"rendered":"https:\/\/blog.corretoraideal.com.br\/?p=56873"},"modified":"2024-01-27T23:29:43","modified_gmt":"2024-01-27T23:29:43","slug":"dolar-cai-e-ibovespa-avanca-com-inflacao-no-radar-vale-sobe-quase-2-apos-desistencia-de-mantega-economia-g1","status":"publish","type":"post","link":"https:\/\/blog.corretoraideal.com.br\/index.php\/2024\/01\/27\/dolar-cai-e-ibovespa-avanca-com-inflacao-no-radar-vale-sobe-quase-2-apos-desistencia-de-mantega-economia-g1\/","title":{"rendered":"D\u00f3lar cai e Ibovespa avan\u00e7a, com infla\u00e7\u00e3o no radar; Vale sobe quase 2% ap\u00f3s desist\u00eancia de Mantega | Economia | G1"},"content":{"rendered":"<br \/>\n<h1>D\u00f3lar cai e Ibovespa avan\u00e7a, com infla\u00e7\u00e3o no radar; Vale sobe quase 2% ap\u00f3s desist\u00eancia de Mantega<\/h1>\n<h2>A moeda norte-americana recuou 0,24%, cotada a R$ 4,9105. J\u00e1 o principal \u00edndice de a\u00e7\u00f5es da bolsa de valores brasileira encerrou com um avan\u00e7o de 0,62%, aos 128.967 pontos.<\/h2>\n<p> Por g1 <\/p>\n<p>  26\/01\/2024 09h30    Atualizado  26\/01\/2024    <\/p>\n<p>                      1 de 1&#013;D\u00f3lar opera em baixa com infla\u00e7\u00e3o menor que o esperado \u2014 Foto: Freepik    <\/p>\n<p> D\u00f3lar opera em baixa com infla\u00e7\u00e3o menor que o esperado \u2014 Foto: Freepik <\/p>\n<p> O d\u00f3lar fechou em queda nesta sexta-feira (26), \u00e0 medida que investidores avaliavam o resultado da pr\u00e9via da infla\u00e7\u00e3o brasileira de janeiro, que veio abaixo das proje\u00e7\u00f5es do mercado financeiro, e o \u00edndice de pre\u00e7os PCE nos <a class href=\"https:\/\/g1.globo.com\/tudo-sobre\/estados-unidos\/\">Estados Unidos<\/a>, que veio em linha com o esperado. <\/p>\n<p> <a class href=\"https:\/\/g1.globo.com\/economia\/noticia\/2024\/01\/26\/ipca-15-previa-da-inflacao-tem-alta-de-031percent-nos-precos-em-janeiro.ghtml\">O \u00cdndice de Pre\u00e7os ao Consumidor Amplo 15 (IPCA-15) registrou alta de 0,31% em janeiro<\/a>, informou o Instituto Brasileiro de Geografia e Estat\u00edsticas (IBGE). As estimativas eram de um avan\u00e7o mais expressivo, de 0,47%. <\/p>\n<p> No cen\u00e1rio internacional, o PCE subiu 0,2% em dezembro. Esse \u00e9 considerado o principal indicador de infla\u00e7\u00e3o do pa\u00eds e pode dar dicas sobre os pr\u00f3ximos passos do Federal Reserve (<a class href=\"https:\/\/g1.globo.com\/tudo-sobre\/fed\/\">Fed<\/a>, o banco central americano) em rela\u00e7\u00e3o aos juros. <\/p>\n<p> J\u00e1 o <a class href=\"https:\/\/g1.globo.com\/tudo-sobre\/ibovespa\/\">Ibovespa<\/a>, principal \u00edndice acion\u00e1rio da bolsa de valores brasileira, a <a class href=\"https:\/\/g1.globo.com\/tudo-sobre\/bmf-bovespa\/\">B3<\/a>, encerrou em alta, de olho no notici\u00e1rio corporativo. <\/p>\n<p> <strong>Veja abaixo o resumo dos mercados.<\/strong> <\/p>\n<p><h2>D\u00f3lar<\/h2>\n<\/p>\n<p> Ao final da sess\u00e3o, o d\u00f3lar caiu 0,24%, cotado a R$ 4,9105. <a class href=\"https:\/\/valor.globo.com\/valor-data\/\">Veja mais cota\u00e7\u00f5es.<\/a> <\/p>\n<p> Com o resultado, acumulou: <\/p>\n<ul>\n<li><strong>queda de 0,33% na semana;<\/strong><\/li>\n<li><strong>e ganhos de 1,20% no m\u00eas e no ano.<\/strong><\/li>\n<\/ul>\n<p> No dia anterior, a moeda norte-americana caiu 0,19%, cotado a R$ 4,9223. <\/p>\n<p><h2><strong>Ibovespa<\/strong><\/h2>\n<\/p>\n<p> J\u00e1 o Ibovespa fechou com alta de 0,62%, aos 128.967 pontos. <\/p>\n<p> As a\u00e7\u00f5es da Vale subiram quase 2% ap\u00f3s a desist\u00eancia do presidente Luiz In\u00e1cio <a class href=\"https:\/\/g1.globo.com\/politica\/politico\/lula\/\">Lula<\/a> da Silva em emplacar o ex-ministro Guido Mantega na presid\u00eancia da companhia. <\/p>\n<p> J\u00e1 as a\u00e7\u00f5es da Gol Linhas A\u00e9reas lideraram as piores perdas do \u00edndice, com uma queda de 7,76%, ap\u00f3s a companhia entrar com pedido de recupera\u00e7\u00e3o judicial nos Estados Unidos. (veja mais abaixo) <\/p>\n<p> Com o resultado, acumulou: <\/p>\n<ul>\n<li><strong>alta de 1,04% na semana;<\/strong><\/li>\n<li><strong>quedas de 3,89% no m\u00eas e no ano.<\/strong><\/li>\n<\/ul>\n<p> Na v\u00e9spera, o \u00edndice teve alta de 0,28%, aos 128.169 pontos. <\/p>\n<p> <strong>LEIA TAMB\u00c9M<\/strong> <\/p>\n<ul>\n<li><strong>DINHEIRO OU CART\u00c3O? <\/strong><a class href=\"https:\/\/g1.globo.com\/economia\/noticia\/2022\/03\/26\/dinheiro-ou-cartao-qual-a-melhor-forma-de-levar-dolares-em-viagens.ghtml\">Qual a melhor forma de levar d\u00f3lares em viagens?<\/a><\/li>\n<li><strong>D\u00d3LAR: <\/strong><a class href=\"https:\/\/g1.globo.com\/economia\/noticia\/2022\/04\/05\/dolar-qual-o-melhor-momento-para-comprar.ghtml\">Qual o melhor momento para comprar a moeda? <\/a><\/li>\n<\/ul>\n<p>                   <img loading=\"lazy\" decoding=\"async\" class=\"aligncenter size-full wp-image-56875\" src=\"https:\/\/blog.corretoraideal.com.br\/wp-content\/uploads\/2024\/01\/entenda-o-que-faz-o-dolar-subir-ou-descer-11.jpeg\" alt=\"Entenda o que faz o d\u00f3lar subir ou descer\" width=\"800\" height=\"400\" \/>       <\/p>\n<p> Entenda o que faz o d\u00f3lar subir ou descer <\/p>\n<p><h2>O que est\u00e1 mexendo com os mercados?<\/h2>\n<\/p>\n<p> A sexta-feira come\u00e7ou com a divulga\u00e7\u00e3o do IPCA-15, considerado a pr\u00e9via da infla\u00e7\u00e3o oficial do pa\u00eds. Em janeiro, o \u00edndice subiu 0,31%, contra uma expectativa de alta de 0,47%. O n\u00famero tamb\u00e9m apresenta uma desacelera\u00e7\u00e3o em rela\u00e7\u00e3o a dezembro, quando o avan\u00e7o foi de 0,40%. <\/p>\n<p> <strong>Com o resultado, o IPCA-15 acumulou 4,47% na janela de 12 meses.<\/strong> Em janeiro de 2023, a pr\u00e9via da infla\u00e7\u00e3o foi de 0,55%. <\/p>\n<p> A alta do IPCA-15 em janeiro foi puxada, sobretudo, pelo grupo de Alimenta\u00e7\u00e3o e bebidas, que disparou 1,53% no m\u00eas. A Alimenta\u00e7\u00e3o no domic\u00edlio, subgrupo que mede os pre\u00e7os de alimentos in natura, teve uma alta expressiva no m\u00eas, de 2,04%, contra 0,55% em dezembro, com destaque para os avan\u00e7os nos pre\u00e7os da batata-inglesa (25,95%), tomate (11,19%), arroz (5,85%), frutas (5,45%) e carnes (0,94%). <\/p>\n<p> O analista Maykon Douglas, da Highpar, pontua que, apesar da desacelera\u00e7\u00e3o da pr\u00e9via da infla\u00e7\u00e3o em janeiro, os pre\u00e7os de servi\u00e7os, como pre\u00e7o de aluguel e condom\u00ednio, por exemplo, que s\u00e3o considerados itens menos vol\u00e1teis, vieram mais fortes. <\/p>\n<p>&quot;At\u00e9 o momento, os recentes n\u00fameros de infla\u00e7\u00e3o possuem efeito neutro para a pol\u00edtica monet\u00e1ria, uma vez que se mant\u00e9m o &#x27;plano de voo&#x27; do BC para os cortes de juros. Mas vale notar que estes dados mostram uma cara mais &#x27;feia&#x27; n\u00e3o apenas para alimentos, mas tamb\u00e9m os servi\u00e7os. O processo de desinfla\u00e7\u00e3o continua, mas \u00e9 preciso aten\u00e7\u00e3o&quot;, diz o analista.<\/p>\n<p> Ainda por aqui, investidores tamb\u00e9m repercutiram o notici\u00e1rio corporativo, com destaque para a Vale. As a\u00e7\u00f5es da companhia subiram nesta sexta-feira, ap\u00f3s a not\u00edcia de que <a class href=\"https:\/\/g1.globo.com\/economia\/blog\/ana-flor\/post\/2024\/01\/26\/lula-desiste-de-empalcar-mantega-como-ceo-do-vale.ghtml\">o presidente Lula desistiu de emplacar o ex-ministro Guido Mantega como presidente da Vale.<\/a> <\/p>\n<p> Segundo o <strong>Blog da Ana Flor<\/strong>, o presidente da Rep\u00fablica vinha se movimentando para levar Mantega ao comando da empresa desde o in\u00edcio do ano, mas o gesto que n\u00e3o foi bem recebido pelo mercado e, diante das resist\u00eancias, Lula voltou atr\u00e1s. <\/p>\n<p> Lula percebeu que seria uma tarefa muito dif\u00edcil colocar o seu ex-ministro em um lugar que depende do voto de 13 conselheiros. O <a class href=\"https:\/\/g1.globo.com\/tudo-sobre\/governo-federal\/\">governo federal<\/a> n\u00e3o det\u00e9m mais a maioria do conselho, porque a venda de a\u00e7\u00f5es na gest\u00e3o do ex-ministro Paulo Guedes na Economia fez da Vale uma Corporation. <\/p>\n<p> O notici\u00e1rio envolvendo a Gol Linhas A\u00e9reas tamb\u00e9m ficou no radar. As a\u00e7\u00f5es da companhia despencavam ap\u00f3s a empresa ter entrado com <a class href=\"https:\/\/g1.globo.com\/economia\/noticia\/2024\/01\/25\/gol-entra-com-pedido-de-recuperacao-judicial-nos-estados-unidos.ghtml\">um pedido de reestrutura\u00e7\u00e3o financeira nos EUA, por meio do chapter 11.<\/a> <\/p>\n<p> A medida se assemelha com a recupera\u00e7\u00e3o judicial brasileira, e serve para momentos de reequil\u00edbrio financeiro de empresas endividadas. <\/p>\n<p> De acordo com a empresa, o objetivo do processo \u00e9 reestruturar suas obriga\u00e7\u00f5es financeiras de curto prazo e &quot;fortalecer sua estrutura de capital para ter sustentabilidade no longo prazo&quot;. <strong>As d\u00edvidas da companhia s\u00e3o estimadas em R$ 20 bilh\u00f5es.<\/strong> <\/p>\n<p> Em nota divulgada \u00e0 imprensa, a Gol informou que todos os voos est\u00e3o operando conforme programado e todas as passagens a\u00e9reas e reservas permanecem em vigor. A afirma\u00e7\u00e3o foi refor\u00e7ada pelo CEO da empresa, Celso Ferrer, em entrevista a jornalistas. <\/p>\n<p> J\u00e1 no cen\u00e1rio internacional, investidores repercutem a divulga\u00e7\u00e3o do \u00edndice PCE, o indicador de infla\u00e7\u00e3o favorito do Fed. O PCE subiu 0,2% em dezembro, em linha com as expectativas. No entanto, o resultado anual do n\u00facleo do \u00edndice, que exclui itens mais vol\u00e1teis, veio um pouco melhor que o esperado: uma alta de 2,9%, contra as proje\u00e7\u00f5es de 3%. <\/p>\n<p> &quot;A infla\u00e7\u00e3o americana voltou a dar sinais de converg\u00eancia para o patamar pr\u00e9-pandemia, mais pr\u00f3xima da meta de 2%. \u00c9 uma excelente not\u00edcia para a pol\u00edtica monet\u00e1ria dos EUA&quot;, avalia Paulo Gala, economista-chefe do Banco Master. <\/p>\n<p> Os n\u00fameros aumentam as expectativas sobre os rumos das taxas de juros nos Estados Unidos. Atualmente, os juros na maior economia do mundo est\u00e3o entre 5,25% e 5,50% ao ano, e h\u00e1 muita expectativa sobre quando o Fed deve iniciar o ciclo de corte nos juros. <\/p>\n<ul>\n<li> <a href=\"https:\/\/g1.globo.com\/tudo-sobre\/bmf-bovespa\/\" class=\"entities__list-itemLink\" data-track-click=\"B3\"> B3 <\/a> <\/li>\n<li> <a href=\"https:\/\/g1.globo.com\/tudo-sobre\/estados-unidos\/\" class=\"entities__list-itemLink\" data-track-click=\"Estados Unidos\"> Estados Unidos <\/a> <\/li>\n<li> <a href=\"https:\/\/g1.globo.com\/tudo-sobre\/fed\/\" class=\"entities__list-itemLink\" data-track-click=\"FED\"> FED <\/a> <\/li>\n<li> <a href=\"https:\/\/g1.globo.com\/politica\/politico\/fernando-haddad\/\" class=\"entities__list-itemLink\" data-track-click=\"Fernando Haddad\"> Fernando Haddad <\/a> <\/li>\n<li> <a href=\"https:\/\/g1.globo.com\/tudo-sobre\/governo-federal\/\" class=\"entities__list-itemLink\" data-track-click=\"Governo Federal\"> Governo Federal <\/a> <\/li>\n<li> <a href=\"https:\/\/g1.globo.com\/tudo-sobre\/ibovespa\/\" class=\"entities__list-itemLink\" data-track-click=\"Ibovespa\"> Ibovespa <\/a> <\/li>\n<li> <a href=\"https:\/\/g1.globo.com\/politica\/politico\/lula\/\" class=\"entities__list-itemLink\" data-track-click=\"Lula\"> Lula <\/a> <\/li>\n<li> <a href=\"https:\/\/g1.globo.com\/tudo-sobre\/mercosul\/\" class=\"entities__list-itemLink\" data-track-click=\"Mercosul\"> Mercosul <\/a> <\/li>\n<li> <a href=\"https:\/\/g1.globo.com\/politica\/partido\/psd\/\" class=\"entities__list-itemLink\" data-track-click=\"PSD\"> PSD <\/a> <\/li>\n<li> <a href=\"https:\/\/g1.globo.com\/politica\/partido\/pt\/\" class=\"entities__list-itemLink\" data-track-click=\"PT\"> PT <\/a> <\/li>\n<li> <a href=\"https:\/\/g1.globo.com\/tudo-sobre\/petrobras\/\" class=\"entities__list-itemLink\" data-track-click=\"Petrobras\"> Petrobras <\/a> <\/li>\n<li> <a href=\"https:\/\/g1.globo.com\/politica\/politico\/rodrigo-otavio-soares-pacheco\/\" class=\"entities__list-itemLink\" data-track-click=\"Rodrigo Pacheco\"> Rodrigo Pacheco <\/a> <\/li>\n<li> <a href=\"https:\/\/g1.globo.com\/tudo-sobre\/uniao-europeia\/\" class=\"entities__list-itemLink\" data-track-click=\"Uni\u00e3o Europeia\"> Uni\u00e3o Europeia <\/a> <\/li>\n<\/ul>\n<h3> <a id=\"js-next-article-desktop-link\" class=\"next-article-desktop-link\"><\/a> <\/h3>\n<h3> <a id=\"js-next-article-smart-link\" class=\"next-article-smart-link\"><\/a> <\/h3>\n<p>Veja tamb\u00e9m<\/p>\n<\/p>\n<\/p>\n<p>       Anterior   Pr\u00f3ximo     <\/p>\n","protected":false},"excerpt":{"rendered":"<p>D\u00f3lar cai e Ibovespa avan\u00e7a, com infla\u00e7\u00e3o no radar; Vale sobe quase 2% ap\u00f3s desist\u00eancia de Mantega A moeda norte-americana recuou 0,24%, cotada a R$ 4,9105. J\u00e1 o principal \u00edndice de a\u00e7\u00f5es da bolsa de valores brasileira encerrou com um avan\u00e7o de 0,62%, aos 128.967 pontos. Por g1 26\/01\/2024 09h30 Atualizado 26\/01\/2024 1 de 1&#013;D\u00f3lar [&hellip;]<\/p>\n","protected":false},"author":1,"featured_media":0,"comment_status":"closed","ping_status":"closed","sticky":false,"template":"","format":"standard","meta":{"footnotes":""},"categories":[],"tags":[],"class_list":["post-56873","post","type-post","status-publish","format-standard","hentry"],"_links":{"self":[{"href":"https:\/\/blog.corretoraideal.com.br\/index.php\/wp-json\/wp\/v2\/posts\/56873","targetHints":{"allow":["GET"]}}],"collection":[{"href":"https:\/\/blog.corretoraideal.com.br\/index.php\/wp-json\/wp\/v2\/posts"}],"about":[{"href":"https:\/\/blog.corretoraideal.com.br\/index.php\/wp-json\/wp\/v2\/types\/post"}],"author":[{"embeddable":true,"href":"https:\/\/blog.corretoraideal.com.br\/index.php\/wp-json\/wp\/v2\/users\/1"}],"replies":[{"embeddable":true,"href":"https:\/\/blog.corretoraideal.com.br\/index.php\/wp-json\/wp\/v2\/comments?post=56873"}],"version-history":[{"count":1,"href":"https:\/\/blog.corretoraideal.com.br\/index.php\/wp-json\/wp\/v2\/posts\/56873\/revisions"}],"predecessor-version":[{"id":56876,"href":"https:\/\/blog.corretoraideal.com.br\/index.php\/wp-json\/wp\/v2\/posts\/56873\/revisions\/56876"}],"wp:attachment":[{"href":"https:\/\/blog.corretoraideal.com.br\/index.php\/wp-json\/wp\/v2\/media?parent=56873"}],"wp:term":[{"taxonomy":"category","embeddable":true,"href":"https:\/\/blog.corretoraideal.com.br\/index.php\/wp-json\/wp\/v2\/categories?post=56873"},{"taxonomy":"post_tag","embeddable":true,"href":"https:\/\/blog.corretoraideal.com.br\/index.php\/wp-json\/wp\/v2\/tags?post=56873"}],"curies":[{"name":"wp","href":"https:\/\/api.w.org\/{rel}","templated":true}]}}