{"id":56877,"date":"2024-01-28T02:29:33","date_gmt":"2024-01-28T02:29:33","guid":{"rendered":"https:\/\/blog.corretoraideal.com.br\/?p=56877"},"modified":"2024-01-28T02:29:33","modified_gmt":"2024-01-28T02:29:33","slug":"homem-e-preso-em-campos-suspeito-de-ter-estuprado-a-filha-de-6-anos-ele-foi-expulso-de-casa-pela-mae-norte-fluminense-g1","status":"publish","type":"post","link":"https:\/\/blog.corretoraideal.com.br\/index.php\/2024\/01\/28\/homem-e-preso-em-campos-suspeito-de-ter-estuprado-a-filha-de-6-anos-ele-foi-expulso-de-casa-pela-mae-norte-fluminense-g1\/","title":{"rendered":"Homem \u00e9 preso em Campos suspeito de ter estuprado a filha de 6 anos; ele foi expulso de casa pela m\u00e3e | Norte Fluminense | G1"},"content":{"rendered":"<br \/>\n<h1>Homem \u00e9 preso em Campos suspeito de ter estuprado a filha de 6 anos; ele foi expulso de casa pela m\u00e3e <\/h1>\n<h2>A av\u00f3 da crian\u00e7a flagrou o filho e a menina nua dentro do banheiro com a luz apagada, e decidiu expuls\u00e1-lo. A m\u00e3e procurou a pol\u00edcia para denunciar o caso, quando as buscas come\u00e7aram.<\/h2>\n<p> Por Monique teixeira, g1 &mdash; Campos  <\/p>\n<p>  27\/01\/2024 18h24    Atualizado  27\/01\/2024    <\/p>\n<p> Um homem de 29 anos foi preso em flagrante, no come\u00e7o da madrugada deste s\u00e1bado (27), suspeito de ter abusado sexualmente da filha, uma menina de 6 anos, em <a class href=\"https:\/\/g1.globo.com\/rj\/norte-fluminense\/cidade\/campos-dos-goytacazes\/\">Campos dos Goytacazes<\/a>, no Norte Fluminense. <\/p>\n<p> De acordo com a pol\u00edcia, na noite de sexta-feira (26) a av\u00f3 paterna flagrou o filho com a neta nua, dentro do banheiro, com a luz apagada, e, revoltada, expulsou o filho de casa. <\/p>\n<p> Ainda segundo a pol\u00edcia, a m\u00e3e da crian\u00e7a foi at\u00e9 a Delegacia de Atendimento Especializado a Mulher (Deam) denunciar o caso. <\/p>\n<p> A Pol\u00edcia Civil disse que a menina gravou um v\u00eddeo dando detalhes da hist\u00f3ria, e afirmou que vinha sofrendo os abusos do pai, e que a pr\u00e1tica teria ocorrido, pelo menos, umas dez vezes. <\/p>\n<p> Segundo a pol\u00edcia, os abusos aconteciam quando a e m\u00e3e da menina estava na igreja. A pol\u00edcia explica que a m\u00e3e e o pai da crian\u00e7a est\u00e3o separados h\u00e1 cerca de tr\u00eas anos, mas moram no mesmo quintal. <\/p>\n<p> Diante de informa\u00e7\u00f5es de que o suspeito poderia ter fugido para a casa de parentes em Maca\u00e9, alguns \u00f4nibus foram revistados nas rodovi\u00e1rias da regi\u00e3o. Depois, chegou outra informa\u00e7\u00e3o, de que o suspeito tinha fugido de bicicleta. <\/p>\n<p> Os policiais conseguiram contato com o suspeito por telefone. E, segundo a pol\u00edcia, disse que n\u00e3o estava mais em Campos e que iria se matar. Durante a negocia\u00e7\u00e3o, ele n\u00e3o quis dizer para onde estava indo e falou que n\u00e3o iria se apresentar na delegacia. <\/p>\n<p> A pol\u00edcia tamb\u00e9m chegou a fazer buscas no munic\u00edpio de S\u00e3o Francisco de Itabapoana para tentar localiz\u00e1-lo, j\u00e1 que o mesmo possui parentes na regi\u00e3o, mas ele acabou sendo localizado no distrito de Travess\u00e3o, em Campos. <\/p>\n<p> Com ele, a pol\u00edcia encontrou documento pessoal, celular, cart\u00e3o de banco e uma mochila cheia de roupas. <\/p>\n<p> Na delegacia, o homem disse que ia ficar em sil\u00eancio e que s\u00f3 falaria acompanhado do advogado ou defensor p\u00fablico. <\/p>\n<ul>\n<li> <a href=\"https:\/\/g1.globo.com\/rj\/norte-fluminense\/cidade\/campos-dos-goytacazes\/\" class=\"entities__list-itemLink\" data-track-click=\"Campos dos Goytacazes\"> Campos dos Goytacazes <\/a> <\/li>\n<\/ul>\n<h3> <a id=\"js-next-article-desktop-link\" class=\"next-article-desktop-link\"><\/a> <\/h3>\n<h3> <a id=\"js-next-article-smart-link\" class=\"next-article-smart-link\"><\/a> <\/h3>\n<p>Veja tamb\u00e9m<\/p>\n<\/p>\n<\/p>\n<p>       Anterior   Pr\u00f3ximo     <\/p>\n","protected":false},"excerpt":{"rendered":"<p>Homem \u00e9 preso em Campos suspeito de ter estuprado a filha de 6 anos; ele foi expulso de casa pela m\u00e3e A av\u00f3 da crian\u00e7a flagrou o filho e a menina nua dentro do banheiro com a luz apagada, e decidiu expuls\u00e1-lo. A m\u00e3e procurou a pol\u00edcia para denunciar o caso, quando as buscas come\u00e7aram. [&hellip;]<\/p>\n","protected":false},"author":1,"featured_media":0,"comment_status":"closed","ping_status":"closed","sticky":false,"template":"","format":"standard","meta":{"footnotes":""},"categories":[],"tags":[],"class_list":["post-56877","post","type-post","status-publish","format-standard","hentry"],"_links":{"self":[{"href":"https:\/\/blog.corretoraideal.com.br\/index.php\/wp-json\/wp\/v2\/posts\/56877","targetHints":{"allow":["GET"]}}],"collection":[{"href":"https:\/\/blog.corretoraideal.com.br\/index.php\/wp-json\/wp\/v2\/posts"}],"about":[{"href":"https:\/\/blog.corretoraideal.com.br\/index.php\/wp-json\/wp\/v2\/types\/post"}],"author":[{"embeddable":true,"href":"https:\/\/blog.corretoraideal.com.br\/index.php\/wp-json\/wp\/v2\/users\/1"}],"replies":[{"embeddable":true,"href":"https:\/\/blog.corretoraideal.com.br\/index.php\/wp-json\/wp\/v2\/comments?post=56877"}],"version-history":[{"count":1,"href":"https:\/\/blog.corretoraideal.com.br\/index.php\/wp-json\/wp\/v2\/posts\/56877\/revisions"}],"predecessor-version":[{"id":56879,"href":"https:\/\/blog.corretoraideal.com.br\/index.php\/wp-json\/wp\/v2\/posts\/56877\/revisions\/56879"}],"wp:attachment":[{"href":"https:\/\/blog.corretoraideal.com.br\/index.php\/wp-json\/wp\/v2\/media?parent=56877"}],"wp:term":[{"taxonomy":"category","embeddable":true,"href":"https:\/\/blog.corretoraideal.com.br\/index.php\/wp-json\/wp\/v2\/categories?post=56877"},{"taxonomy":"post_tag","embeddable":true,"href":"https:\/\/blog.corretoraideal.com.br\/index.php\/wp-json\/wp\/v2\/tags?post=56877"}],"curies":[{"name":"wp","href":"https:\/\/api.w.org\/{rel}","templated":true}]}}