{"id":56897,"date":"2024-01-28T22:29:33","date_gmt":"2024-01-28T22:29:33","guid":{"rendered":"https:\/\/blog.corretoraideal.com.br\/?p=56897"},"modified":"2024-01-28T22:29:33","modified_gmt":"2024-01-28T22:29:33","slug":"recadastramento-do-cartao-universitario-e-prorrogado-em-sao-joao-da-barra-norte-fluminense-g1","status":"publish","type":"post","link":"https:\/\/blog.corretoraideal.com.br\/index.php\/2024\/01\/28\/recadastramento-do-cartao-universitario-e-prorrogado-em-sao-joao-da-barra-norte-fluminense-g1\/","title":{"rendered":"Recadastramento do Cart\u00e3o Universit\u00e1rio \u00e9 prorrogado em S\u00e3o Jo\u00e3o da Barra | Norte Fluminense | G1"},"content":{"rendered":"<br \/>\n<h1>Recadastramento do Cart\u00e3o Universit\u00e1rio \u00e9 prorrogado em S\u00e3o Jo\u00e3o da Barra<\/h1>\n<h2>Estudantes t\u00eam at\u00e9 o dia 31 deste m\u00eas para comparecer \u00e0 Secretaria Municipal de Educa\u00e7\u00e3o<\/h2>\n<p> Por g1 &mdash; S\u00e3o Jo\u00e3o da Barra <\/p>\n<p>  28\/01\/2024 17h10    Atualizado  28\/01\/2024    <\/p>\n<p>                      1 de 1&#013;Estudantes devem ir at\u00e9 a Secretaria de Educa\u00e7\u00e3o para recadastramento \u2014 Foto: Prefeitura de S\u00e3o Jo\u00e3o da Barra    <\/p>\n<p> Estudantes devem ir at\u00e9 a Secretaria de Educa\u00e7\u00e3o para recadastramento \u2014 Foto: Prefeitura de S\u00e3o Jo\u00e3o da Barra <\/p>\n<p> A Prefeitura de <a class href=\"https:\/\/g1.globo.com\/rj\/norte-fluminense\/cidade\/sao-joao-da-barra\/\">S\u00e3o Jo\u00e3o da Barra<\/a> prorrogou para a pr\u00f3xima quarta-feira, 31 de janeiro, o prazo para o recadastramento dos estudantes benefici\u00e1rios pelo Programa Municipal de Incentivo ao Ensino Universit\u00e1rio, o Cart\u00e3o Universit\u00e1rio. <\/p>\n<p> O novo prazo foi publicado em portaria no Di\u00e1rio Oficial do Munic\u00edpio (DO) desta quinta-feira, 25 (<a class href=\"https:\/\/sjb.rj.gov.br\/arquivos\/diario_oficial\/018_24_diario_oficial_eletronico_de_25_de_janeiro_de_2024-edicao_018.pdf\" target=\"_blank\" rel=\"noopener noreferrer\">aqui<\/a>). O recadastramento come\u00e7ou no dia 15 deste m\u00eas. <\/p>\n<p> A lista da documenta\u00e7\u00e3o a ser apresentada pode ser encontrada no Di\u00e1rio Oficial do dia 22 de dezembro do ano passado, pelo <a class href=\"https:\/\/sjb.rj.gov.br\/arquivos\/diario_oficial\/232_23_diario_oficial_eletronico_de_22_de_dezembro_de_2023-edicao_232.pdf\" target=\"_blank\" rel=\"noopener noreferrer\">link<\/a>. <\/p>\n<p> Os estudantes que j\u00e1 cursam o ensino superior com o benef\u00edcio do Cart\u00e3o Universit\u00e1rio devem comparecer ao Departamento de Bolsas da Secretaria Municipal de Educa\u00e7\u00e3o (Rua Coronel Cintra, 141 \u2013 Centro) em dias \u00fateis, das 9h \u00e0s 17h. <\/p>\n<p> Os requisitos para ter o benef\u00edcio renovado para o pr\u00f3ximo semestre podem ser consultados pelo <a class href=\"https:\/\/sjb.rj.gov.br\/arquivos\/diario_oficial\/111_23_diario_oficial_eletronico_de_21_de_junho_de_2023-edicao_111.pdf\" target=\"_blank\" rel=\"noopener noreferrer\">link<\/a>. <\/p>\n<ul>\n<li> <a href=\"https:\/\/g1.globo.com\/rj\/norte-fluminense\/cidade\/sao-joao-da-barra\/\" class=\"entities__list-itemLink\" data-track-click=\"S\u00e3o Jo\u00e3o da Barra\"> S\u00e3o Jo\u00e3o da Barra <\/a> <\/li>\n<\/ul>\n<h3> <a id=\"js-next-article-desktop-link\" class=\"next-article-desktop-link\"><\/a> <\/h3>\n<h3> <a id=\"js-next-article-smart-link\" class=\"next-article-smart-link\"><\/a> <\/h3>\n<p>Veja tamb\u00e9m<\/p>\n<\/p>\n<\/p>\n<p>       Anterior   Pr\u00f3ximo     <\/p>\n","protected":false},"excerpt":{"rendered":"<p>Recadastramento do Cart\u00e3o Universit\u00e1rio \u00e9 prorrogado em S\u00e3o Jo\u00e3o da Barra Estudantes t\u00eam at\u00e9 o dia 31 deste m\u00eas para comparecer \u00e0 Secretaria Municipal de Educa\u00e7\u00e3o Por g1 &mdash; S\u00e3o Jo\u00e3o da Barra 28\/01\/2024 17h10 Atualizado 28\/01\/2024 1 de 1&#013;Estudantes devem ir at\u00e9 a Secretaria de Educa\u00e7\u00e3o para recadastramento \u2014 Foto: Prefeitura de S\u00e3o Jo\u00e3o [&hellip;]<\/p>\n","protected":false},"author":1,"featured_media":0,"comment_status":"closed","ping_status":"closed","sticky":false,"template":"","format":"standard","meta":{"footnotes":""},"categories":[],"tags":[],"class_list":["post-56897","post","type-post","status-publish","format-standard","hentry"],"_links":{"self":[{"href":"https:\/\/blog.corretoraideal.com.br\/index.php\/wp-json\/wp\/v2\/posts\/56897","targetHints":{"allow":["GET"]}}],"collection":[{"href":"https:\/\/blog.corretoraideal.com.br\/index.php\/wp-json\/wp\/v2\/posts"}],"about":[{"href":"https:\/\/blog.corretoraideal.com.br\/index.php\/wp-json\/wp\/v2\/types\/post"}],"author":[{"embeddable":true,"href":"https:\/\/blog.corretoraideal.com.br\/index.php\/wp-json\/wp\/v2\/users\/1"}],"replies":[{"embeddable":true,"href":"https:\/\/blog.corretoraideal.com.br\/index.php\/wp-json\/wp\/v2\/comments?post=56897"}],"version-history":[{"count":1,"href":"https:\/\/blog.corretoraideal.com.br\/index.php\/wp-json\/wp\/v2\/posts\/56897\/revisions"}],"predecessor-version":[{"id":56899,"href":"https:\/\/blog.corretoraideal.com.br\/index.php\/wp-json\/wp\/v2\/posts\/56897\/revisions\/56899"}],"wp:attachment":[{"href":"https:\/\/blog.corretoraideal.com.br\/index.php\/wp-json\/wp\/v2\/media?parent=56897"}],"wp:term":[{"taxonomy":"category","embeddable":true,"href":"https:\/\/blog.corretoraideal.com.br\/index.php\/wp-json\/wp\/v2\/categories?post=56897"},{"taxonomy":"post_tag","embeddable":true,"href":"https:\/\/blog.corretoraideal.com.br\/index.php\/wp-json\/wp\/v2\/tags?post=56897"}],"curies":[{"name":"wp","href":"https:\/\/api.w.org\/{rel}","templated":true}]}}