{"id":56900,"date":"2024-01-29T00:29:49","date_gmt":"2024-01-29T00:29:49","guid":{"rendered":"https:\/\/blog.corretoraideal.com.br\/?p=56900"},"modified":"2024-01-29T00:29:49","modified_gmt":"2024-01-29T00:29:49","slug":"garconete-larga-emprego-no-shopping-para-apostar-na-agricultura-sem-veneno-agro-de-gente-pra-gente-g1","status":"publish","type":"post","link":"https:\/\/blog.corretoraideal.com.br\/index.php\/2024\/01\/29\/garconete-larga-emprego-no-shopping-para-apostar-na-agricultura-sem-veneno-agro-de-gente-pra-gente-g1\/","title":{"rendered":"Gar\u00e7onete larga emprego no shopping para apostar na agricultura sem veneno | Agro de gente pra gente | G1"},"content":{"rendered":"<br \/>\n<h1>Gar\u00e7onete larga emprego no shopping para apostar na agricultura sem veneno<\/h1>\n<h2>Dorcelita Estev\u00e3o de Barros vive na zona rural de Uberl\u00e2ndia, no Tri\u00e2ngulo Mineiro (MG). Ela trabalha com o sistema de agrofloresta, em que a planta\u00e7\u00e3o divide espa\u00e7o com floresta, dispensando o uso de defensivos qu\u00edmicos.<\/h2>\n<p> Por <a class=\"multi_signatures\" href=\"https:\/\/g1.globo.com\/autores\/darlan-helder\/\">Darlan Helder<\/a>, <a class=\"multi_signatures\" href=\"https:\/\/g1.globo.com\/autores\/rafael-leal\/\">Rafael Leal<\/a>, g1 &mdash; Uberl\u00e2ndia, MG <\/p>\n<p>  25\/01\/2024 06h00    Atualizado  25\/01\/2024    <\/p>\n<p>                             <img loading=\"lazy\" decoding=\"async\" class=\"aligncenter size-full wp-image-56902\" src=\"https:\/\/blog.corretoraideal.com.br\/wp-content\/uploads\/2024\/01\/garconete-larga-a-vida-na-cidade-para-apostar-na-agricultura-sem-agrotoxicos.jpeg\" alt=\"Gar\u00e7onete larga a vida na cidade para apostar na agricultura sem agrot\u00f3xicos\" width=\"800\" height=\"400\" \/>       <\/p>\n<p> Gar\u00e7onete larga a vida na cidade para apostar na agricultura sem agrot\u00f3xicos <\/p>\n<p> &quot;Aqui, eu me sinto realizada. Eu n\u00e3o troco isso por nada&quot;, diz a agricultora Dorcelita Estev\u00e3o de Barros, mais conhecida como Duda. Ela resolveu pedir demiss\u00e3o de um emprego como gar\u00e7onete para se dedicar ao campo <strong>(saiba mais no v\u00eddeo acima)<\/strong>. <\/p>\n<p> Mais especificamente, ela aposta na agrofloresta, que, como o pr\u00f3prio nome indica, combina planta\u00e7\u00e3o agr\u00edcola com floresta sem uso de agrot\u00f3xicos. <\/p>\n<p> Duda diz dar continuidade ao legado de seu pai: cuidar da ro\u00e7a e produzir alimentos sem defensivos qu\u00edmicos. O marido, Jos\u00e9 Rubens Laureano, o Z\u00e9, tamb\u00e9m tem ajudado nessa miss\u00e3o. <\/p>\n<p> O <a class href=\"https:\/\/g1.globo.com\/\"><strong>g1 <\/strong><\/a>foi at\u00e9 a zona rural de <a class href=\"https:\/\/g1.globo.com\/mg\/triangulo-mineiro\/cidade\/uberlandia\/\">Uberl\u00e2ndia<\/a>, no Tri\u00e2ngulo Mineiro (MG), para conhecer a agrofloresta do casal. No local, eles plantam um pouco de tudo: alface, tomate, r\u00facula, repolho, br\u00f3colos e chuchu, entre outros <strong>(Veja no v\u00eddeo acima)<\/strong>. <\/p>\n<p> E boa parte do que \u00e9 colhido vai para escolas p\u00fablicas da regi\u00e3o de Uberl\u00e2ndia. Duda tamb\u00e9m comercializa frutas e verduras em feirinhas montadas em universidades federais. <\/p>\n<p>&quot;A gente j\u00e1 consegue entregar alface, repolho e couve org\u00e2nicos nas escolas da regi\u00e3o. E o melhor de tudo \u00e9 ter a consci\u00eancia de que voc\u00ea est\u00e1 alimentando com uma comida saud\u00e1vel, sem veneno. O que eu forne\u00e7o tamb\u00e9m est\u00e1 na minha mesa&quot;, diz Duda. <\/p>\n<p>         1 de 5&#013;Duda em sua planta\u00e7\u00e3o em Uberl\u00e2ndia, Minas Gerais \u2014 Foto: Rafael Leal\/g1    <\/p>\n<p> Duda em sua planta\u00e7\u00e3o em Uberl\u00e2ndia, Minas Gerais \u2014 Foto: Rafael Leal\/g1 <\/p>\n<p>         2 de 5&#013;Duda tinha um sonho em dirigir e conseguiu tirar a CNH \u2014 Foto: Rafael Leal\/g1    <\/p>\n<p> Duda tinha um sonho em dirigir e conseguiu tirar a CNH \u2014 Foto: Rafael Leal\/g1 <\/p>\n<p>         3 de 5&#013;Retrato de Duda e o marido Z\u00e9 \u2014 Foto: Rafael Leal\/g1    <\/p>\n<p> Retrato de Duda e o marido Z\u00e9 \u2014 Foto: Rafael Leal\/g1 <\/p>\n<p>         4 de 5&#013;Z\u00e9, caso com Duda, \u00e9 produtor rural em Uberl\u00e2ndia, Minas Gerais \u2014 Foto: Rafael Leal\/g1    <\/p>\n<p> Z\u00e9, caso com Duda, \u00e9 produtor rural em Uberl\u00e2ndia, Minas Gerais \u2014 Foto: Rafael Leal\/g1 <\/p>\n<p>         5 de 5&#013;Duda aposta no sistema de agrofloresta \u2014 Foto: Rafael Leal    <\/p>\n<p> Duda aposta no sistema de agrofloresta \u2014 Foto: Rafael Leal <\/p>\n<ul>\n<li><strong>GENTE DO CAMPO: <\/strong><a class href=\"https:\/\/g1.globo.com\/economia\/agronegocios\/agro-de-gente-pra-gente\/noticia\/2022\/09\/01\/gente-do-campo-serie-do-g1-mostra-quem-faz-o-agro-do-brasil.ghtml\">s\u00e9rie do g1 apresenta pessoas inspiradoras do agro<\/a><\/li>\n<li><strong>DE ONDE VEM:<\/strong> <a class href=\"https:\/\/g1.globo.com\/podcast\/de-onde-vem-o-que-eu-como\/noticia\/2023\/12\/21\/de-onde-vem-70-arvore-de-natal.ghtml\">por que \u00e9 tradi\u00e7\u00e3o enfeitar \u00e1rvores para o Natal?<\/a><\/li>\n<\/ul>\n<p> <strong>ASSIM A MAIS V\u00cdDEOS DA S\u00c9RIE:<\/strong> <\/p>\n<p> <strong>Chocolatier ajuda comunidades da Amaz\u00f4nia a obterem renda com o cacau<\/strong> <\/p>\n<p>                   <img loading=\"lazy\" decoding=\"async\" class=\"aligncenter size-full wp-image-56903\" src=\"https:\/\/blog.corretoraideal.com.br\/wp-content\/uploads\/2024\/01\/gente-do-campo-chocolatier-ajuda-comunidades-da-amazonia-a-obterem-renda-com-o-cacau.jpeg\" alt=\"Gente do campo: Chocolatier ajuda comunidades da Amaz\u00f4nia a obterem renda com o cacau\" width=\"800\" height=\"400\" \/>       <\/p>\n<p> Gente do campo: Chocolatier ajuda comunidades da Amaz\u00f4nia a obterem renda com o cacau <\/p>\n<p> <strong>Vilso cultiva videiras centen\u00e1rias<\/strong> <\/p>\n<p>                   <img loading=\"lazy\" decoding=\"async\" class=\"aligncenter size-full wp-image-56904\" src=\"https:\/\/blog.corretoraideal.com.br\/wp-content\/uploads\/2024\/01\/gente-do-campo-vilso-cultiva-videiras-centenarias.jpeg\" alt=\"Gente do campo: Vilso cultiva videiras centen\u00e1rias\" width=\"800\" height=\"400\" \/>       <\/p>\n<p> Gente do campo: Vilso cultiva videiras centen\u00e1rias <\/p>\n<p> <strong>Bonsai tamb\u00e9m \u00e9 coisa de mulher<\/strong> <\/p>\n<p>                   <img loading=\"lazy\" decoding=\"async\" class=\"aligncenter size-full wp-image-56905\" src=\"https:\/\/blog.corretoraideal.com.br\/wp-content\/uploads\/2024\/01\/gente-do-campo-bonsai-tambem-e-coisa-de-mulher.jpeg\" alt=\"Gente do Campo: Bonsai tamb\u00e9m \u00e9 coisa de mulher\" width=\"800\" height=\"400\" \/>       <\/p>\n<p> Gente do Campo: Bonsai tamb\u00e9m \u00e9 coisa de mulher <\/p>\n<p> <strong>Agricultores quilombolas do Vale do Ribeira<\/strong> <\/p>\n<p>                   <img loading=\"lazy\" decoding=\"async\" class=\"aligncenter size-full wp-image-56906\" src=\"https:\/\/blog.corretoraideal.com.br\/wp-content\/uploads\/2024\/01\/gente-do-campo-agricultores-quilombolas-do-vale-do-ribeira.jpeg\" alt=\"Gente do Campo: agricultores quilombolas do Vale do Ribeira\" width=\"800\" height=\"400\" \/>       <\/p>\n<p> Gente do Campo: agricultores quilombolas do Vale do Ribeira <\/p>\n<ul>\n<li> <a href=\"https:\/\/g1.globo.com\/mg\/triangulo-mineiro\/cidade\/uberlandia\/\" class=\"entities__list-itemLink\" data-track-click=\"Uberl\u00e2ndia\"> Uberl\u00e2ndia <\/a> <\/li>\n<\/ul>\n<h3> <a id=\"js-next-article-desktop-link\" class=\"next-article-desktop-link\"><\/a> <\/h3>\n<h3> <a id=\"js-next-article-smart-link\" class=\"next-article-smart-link\"><\/a> <\/h3>\n<p>Veja tamb\u00e9m<\/p>\n<\/p>\n<\/p>\n<p>       Anterior   Pr\u00f3ximo     <\/p>\n","protected":false},"excerpt":{"rendered":"<p>Gar\u00e7onete larga emprego no shopping para apostar na agricultura sem veneno Dorcelita Estev\u00e3o de Barros vive na zona rural de Uberl\u00e2ndia, no Tri\u00e2ngulo Mineiro (MG). Ela trabalha com o sistema de agrofloresta, em que a planta\u00e7\u00e3o divide espa\u00e7o com floresta, dispensando o uso de defensivos qu\u00edmicos. Por Darlan Helder, Rafael Leal, g1 &mdash; Uberl\u00e2ndia, MG [&hellip;]<\/p>\n","protected":false},"author":1,"featured_media":0,"comment_status":"closed","ping_status":"closed","sticky":false,"template":"","format":"standard","meta":{"footnotes":""},"categories":[],"tags":[],"class_list":["post-56900","post","type-post","status-publish","format-standard","hentry"],"_links":{"self":[{"href":"https:\/\/blog.corretoraideal.com.br\/index.php\/wp-json\/wp\/v2\/posts\/56900","targetHints":{"allow":["GET"]}}],"collection":[{"href":"https:\/\/blog.corretoraideal.com.br\/index.php\/wp-json\/wp\/v2\/posts"}],"about":[{"href":"https:\/\/blog.corretoraideal.com.br\/index.php\/wp-json\/wp\/v2\/types\/post"}],"author":[{"embeddable":true,"href":"https:\/\/blog.corretoraideal.com.br\/index.php\/wp-json\/wp\/v2\/users\/1"}],"replies":[{"embeddable":true,"href":"https:\/\/blog.corretoraideal.com.br\/index.php\/wp-json\/wp\/v2\/comments?post=56900"}],"version-history":[{"count":1,"href":"https:\/\/blog.corretoraideal.com.br\/index.php\/wp-json\/wp\/v2\/posts\/56900\/revisions"}],"predecessor-version":[{"id":56907,"href":"https:\/\/blog.corretoraideal.com.br\/index.php\/wp-json\/wp\/v2\/posts\/56900\/revisions\/56907"}],"wp:attachment":[{"href":"https:\/\/blog.corretoraideal.com.br\/index.php\/wp-json\/wp\/v2\/media?parent=56900"}],"wp:term":[{"taxonomy":"category","embeddable":true,"href":"https:\/\/blog.corretoraideal.com.br\/index.php\/wp-json\/wp\/v2\/categories?post=56900"},{"taxonomy":"post_tag","embeddable":true,"href":"https:\/\/blog.corretoraideal.com.br\/index.php\/wp-json\/wp\/v2\/tags?post=56900"}],"curies":[{"name":"wp","href":"https:\/\/api.w.org\/{rel}","templated":true}]}}