{"id":56908,"date":"2024-01-29T03:29:39","date_gmt":"2024-01-29T03:29:39","guid":{"rendered":"https:\/\/blog.corretoraideal.com.br\/?p=56908"},"modified":"2024-01-29T03:29:39","modified_gmt":"2024-01-29T03:29:39","slug":"corpo-de-bombeiros-realiza-buscas-por-homem-desaparecido-no-farol-de-sao-thome-em-campos-norte-fluminense-g1","status":"publish","type":"post","link":"https:\/\/blog.corretoraideal.com.br\/index.php\/2024\/01\/29\/corpo-de-bombeiros-realiza-buscas-por-homem-desaparecido-no-farol-de-sao-thome-em-campos-norte-fluminense-g1\/","title":{"rendered":"Corpo de Bombeiros realiza buscas por homem desaparecido no Farol de S\u00e3o Thom\u00e9, em Campos | Norte Fluminense | G1"},"content":{"rendered":"<br \/>\n<h1>Corpo de Bombeiros realiza buscas por homem desaparecido no Farol de S\u00e3o Thom\u00e9, em Campos<\/h1>\n<h2>Segundo informa\u00e7\u00f5es dos Bombeiros, tr\u00eas homens estavam se afogando. Conseguiram salvar dois, mas um foi levado pela mar\u00e9. <\/h2>\n<p> Por g1 &mdash; Campos dos Goytacazes <\/p>\n<p>  28\/01\/2024 15h20    Atualizado  28\/01\/2024    <\/p>\n<p>                      1 de 2&#013;Afogamento \u2014 Foto: Divulga\u00e7\u00e3o    <\/p>\n<p> Afogamento \u2014 Foto: Divulga\u00e7\u00e3o <\/p>\n<p> O Corpo de Bombeiros est\u00e1 realizando buscas no mar do Farol de S\u00e3o Thom\u00e9, em <a class href=\"https:\/\/g1.globo.com\/rj\/norte-fluminense\/cidade\/campos-dos-goytacazes\/\">Campos dos Goytacazes<\/a>, no Norte Fluminense, desde a manh\u00e3 deste domingo (28), para localizar um homem que desapareceu ao entrar na \u00e1gua. Segundo informa\u00e7\u00f5es dos Bombeiros, tr\u00eas homens estavam se afogando. Conseguiram salvar dois, mas um foi levado pela mar\u00e9. <\/p>\n<p> Equipes de guarda-vidas que atuam na praia, al\u00e9m de uma equipe de mergulho, est\u00e3o envolvidas nas buscas pelo rapaz, que ainda n\u00e3o foi identificado. <\/p>\n<p>         2 de 2&#013;Afogamento \u2014 Foto: Campos 24horas    <\/p>\n<p> Afogamento \u2014 Foto: Campos 24horas <\/p>\n<p> Um v\u00eddeo que circula nas redes sociais mostra a fam\u00edlia em desespero, aguardando not\u00edcias sobre a v\u00edtima, enquanto espera o retorno do Corpo de Bombeiros na faixa de areia. <\/p>\n<p> <strong>Mat\u00e9ria em atualiza\u00e7\u00e3o.<\/strong> <\/p>\n<ul>\n<li> <a href=\"https:\/\/g1.globo.com\/rj\/norte-fluminense\/cidade\/campos-dos-goytacazes\/\" class=\"entities__list-itemLink\" data-track-click=\"Campos dos Goytacazes\"> Campos dos Goytacazes <\/a> <\/li>\n<\/ul>\n<h3> <a id=\"js-next-article-desktop-link\" class=\"next-article-desktop-link\"><\/a> <\/h3>\n<h3> <a id=\"js-next-article-smart-link\" class=\"next-article-smart-link\"><\/a> <\/h3>\n<p>Veja tamb\u00e9m<\/p>\n<\/p>\n<\/p>\n<p>       Anterior   Pr\u00f3ximo     <\/p>\n","protected":false},"excerpt":{"rendered":"<p>Corpo de Bombeiros realiza buscas por homem desaparecido no Farol de S\u00e3o Thom\u00e9, em Campos Segundo informa\u00e7\u00f5es dos Bombeiros, tr\u00eas homens estavam se afogando. Conseguiram salvar dois, mas um foi levado pela mar\u00e9. Por g1 &mdash; Campos dos Goytacazes 28\/01\/2024 15h20 Atualizado 28\/01\/2024 1 de 2&#013;Afogamento \u2014 Foto: Divulga\u00e7\u00e3o Afogamento \u2014 Foto: Divulga\u00e7\u00e3o O Corpo [&hellip;]<\/p>\n","protected":false},"author":1,"featured_media":0,"comment_status":"closed","ping_status":"closed","sticky":false,"template":"","format":"standard","meta":{"footnotes":""},"categories":[],"tags":[],"class_list":["post-56908","post","type-post","status-publish","format-standard","hentry"],"_links":{"self":[{"href":"https:\/\/blog.corretoraideal.com.br\/index.php\/wp-json\/wp\/v2\/posts\/56908","targetHints":{"allow":["GET"]}}],"collection":[{"href":"https:\/\/blog.corretoraideal.com.br\/index.php\/wp-json\/wp\/v2\/posts"}],"about":[{"href":"https:\/\/blog.corretoraideal.com.br\/index.php\/wp-json\/wp\/v2\/types\/post"}],"author":[{"embeddable":true,"href":"https:\/\/blog.corretoraideal.com.br\/index.php\/wp-json\/wp\/v2\/users\/1"}],"replies":[{"embeddable":true,"href":"https:\/\/blog.corretoraideal.com.br\/index.php\/wp-json\/wp\/v2\/comments?post=56908"}],"version-history":[{"count":1,"href":"https:\/\/blog.corretoraideal.com.br\/index.php\/wp-json\/wp\/v2\/posts\/56908\/revisions"}],"predecessor-version":[{"id":56910,"href":"https:\/\/blog.corretoraideal.com.br\/index.php\/wp-json\/wp\/v2\/posts\/56908\/revisions\/56910"}],"wp:attachment":[{"href":"https:\/\/blog.corretoraideal.com.br\/index.php\/wp-json\/wp\/v2\/media?parent=56908"}],"wp:term":[{"taxonomy":"category","embeddable":true,"href":"https:\/\/blog.corretoraideal.com.br\/index.php\/wp-json\/wp\/v2\/categories?post=56908"},{"taxonomy":"post_tag","embeddable":true,"href":"https:\/\/blog.corretoraideal.com.br\/index.php\/wp-json\/wp\/v2\/tags?post=56908"}],"curies":[{"name":"wp","href":"https:\/\/api.w.org\/{rel}","templated":true}]}}