{"id":56936,"date":"2024-01-29T20:29:35","date_gmt":"2024-01-29T20:29:35","guid":{"rendered":"https:\/\/blog.corretoraideal.com.br\/?p=56936"},"modified":"2024-01-29T20:29:35","modified_gmt":"2024-01-29T20:29:35","slug":"contas-publicas-frustram-equipe-economica-e-governo-tem-deficit-de-r-2305-bilhoes-em-2023-economia-g1","status":"publish","type":"post","link":"https:\/\/blog.corretoraideal.com.br\/index.php\/2024\/01\/29\/contas-publicas-frustram-equipe-economica-e-governo-tem-deficit-de-r-2305-bilhoes-em-2023-economia-g1\/","title":{"rendered":"Contas p\u00fablicas frustram equipe econ\u00f4mica, e governo tem d\u00e9ficit de R$ 230,5 bilh\u00f5es em 2023 | Economia | G1"},"content":{"rendered":"<br \/>\n<h1>Contas p\u00fablicas frustram equipe econ\u00f4mica, e governo tem d\u00e9ficit de R$ 230,5 bilh\u00f5es em 2023<\/h1>\n<h2>D\u00e9ficit ocorre quando gastos superam as receitas; valor \u00e9 maior que o previsto no Or\u00e7amento, de at\u00e9 R$ 228,1 bilh\u00f5es. Para 2024, governo segue perseguindo meta de d\u00e9ficit zero, ou seja, equil\u00edbrio das contas.<\/h2>\n<p> Por <a class=\"multi_signatures\" href=\"https:\/\/g1.globo.com\/autores\/lais-carregosa\/\">Lais Carregosa<\/a>, <a class=\"multi_signatures\" href=\"https:\/\/g1.globo.com\/autores\/beatriz-borges\/\">Beatriz Borges<\/a>, g1 &mdash; Bras\u00edlia <\/p>\n<p>  29\/01\/2024 10h31    Atualizado  29\/01\/2024    <\/p>\n<p> O governo federal registrou um d\u00e9ficit prim\u00e1rio de <strong>R$ 230,5 bilh\u00f5es<\/strong> em 2023, ou 2,1% do Produto Interno Bruto (PIB), segundo dados divulgados pela Secretaria do Tesouro Nacional nesta segunda-feira (29). \u00c9 o pior resultado desde 2020. <\/p>\n<p> O d\u00e9ficit prim\u00e1rio ocorre quando os gastos do governo superam a arrecada\u00e7\u00e3o com impostos &#8211;o pagamento de juros da d\u00edvida p\u00fablica n\u00e3o \u00e9 considerado nesse caso. No sentido inverso, quando as receitas superam as despesas, h\u00e1 super\u00e1vit. <\/p>\n<p> O valor est\u00e1 acima da proje\u00e7\u00e3o do Or\u00e7amento de 2023, que previa d\u00e9ficit de at\u00e9 R$ 228,1 bilh\u00f5es. Tamb\u00e9m supera a \u00faltima proje\u00e7\u00e3o, de novembro, que previa um resultado negativo de R$ 177,4 bilh\u00f5es. <\/p>\n<p> O resultado tamb\u00e9m fica acima da &quot;meta informal&quot; do governo. Em janeiro do ano passado, o ministro da Fazenda, Fernando Haddad, havia estimado que o resultado negativo ficaria abaixo de R$ 100 bilh\u00f5es, o que representa 1% do Produto Interno Bruto (PIB). <\/p>\n<p> A institui\u00e7\u00e3o respons\u00e1vel por fazer o c\u00e1lculo consolidado das contas do governo, que \u00e9 considerado para o atingimento da meta fiscal, \u00e9 o Banco Central. <\/p>\n<p> Ao contr\u00e1rio do Tesouro, o BC tem outra metodologia e n\u00e3o considera os recursos que n\u00e3o foram resgatados do Fundo PIS\/Pasep como receita, o que pode elevar ainda mais o rombo nas contas em 2023. Os dados ser\u00e3o divulgados em fevereiro. <\/p>\n<p>                   <img loading=\"lazy\" decoding=\"async\" class=\"aligncenter size-full wp-image-56938\" src=\"https:\/\/blog.corretoraideal.com.br\/wp-content\/uploads\/2024\/01\/carnaval-aquece-mercado-dos-pequenos-negocios-gera-vagas-temporarias-e-movimenta-economia.jpeg\" alt=\"Carnaval aquece mercado dos pequenos neg\u00f3cios, gera vagas tempor\u00e1rias e movimenta economia\" width=\"800\" height=\"400\" \/>       <\/p>\n<p> Carnaval aquece mercado dos pequenos neg\u00f3cios, gera vagas tempor\u00e1rias e movimenta economia <\/p>\n<p><h2>Causas<\/h2>\n<\/p>\n<p> Segundo o Tesouro, o resultado foi impacto pelo pagamento de precat\u00f3rios \u2013 t\u00edtulos de d\u00edvida decorrente de decis\u00f5es judiciais das quais o governo n\u00e3o pode mais recorrer. <\/p>\n<p> Em 2023, foram pagos aproximadamente R$ 92,4 bilh\u00f5es em raz\u00e3o de uma decis\u00e3o do Supremo Tribunal Federal (STF), em novembro. O Supremo determinou que a Uni\u00e3o quitasse a d\u00edvida com precat\u00f3rios acumulada em 2022, <a class href=\"https:\/\/g1.globo.com\/politica\/noticia\/2021\/12\/16\/congresso-conclui-promulgacao-da-pec-dos-precatorios-que-viabiliza-auxilio-brasil.ghtml\">em raz\u00e3o da &quot;PEC dos Precat\u00f3rios&quot;<\/a>, que limitou esses gastos. <\/p>\n<p> Sem considerar o pagamento extraordin\u00e1rio das d\u00edvidas judiciais, o d\u00e9ficit do governo em 2023 seria de R$ 138,1 bilh\u00f5es, segundo o Tesouro. Isso representa 1,27% do PIB. <\/p>\n<p> De acordo com o secret\u00e1rio do Tesouro, Rog\u00e9rio Ceron, tamb\u00e9m afetou o resultado prim\u00e1rio o acordo para compensa\u00e7\u00e3o da Uni\u00e3o aos estados e ao Distrito Federal pela perda de arrecada\u00e7\u00e3o com o teto de ICMS sobre combust\u00edveis em 2022. <\/p>\n<p> Ao excluir todos esses fatores, o d\u00e9ficit seria de aproximadamente R$ 117,2 bilh\u00f5es, ou 1,08% do PIB. &quot;Daquele di\u00e1logo [d\u00e9ficit de 1% do PIB], mais para o in\u00edcio do ano, a gente fica pr\u00f3ximo&quot;, afirmou Ceron. <\/p>\n<p> Segundo o secret\u00e1rio, o governo considera que o resultado fiscal &quot;foi satisfat\u00f3rio em rela\u00e7\u00e3o aos objetivos que foram tra\u00e7ados ao longo do exerc\u00edcio, com todos os desafios que foram impostos&quot;. <\/p>\n<p> Ceron acrescenta outros tamb\u00e9m tiveram impacto sobre o resultado, al\u00e9m da compensa\u00e7\u00e3o de ICMS: <\/p>\n<ul>\n<li>decis\u00f5es judiciais, em especial a chamada &quot;tese do s\u00e9culo&quot;, que retirou o imposto estadual ICMS da base de c\u00e1lculo do PIS\/Cofins;<\/li>\n<li>o Programa Emergencial de Retomada do Setor de Eventos (Perse), criado na pandemia;<\/li>\n<li>perda de arrecada\u00e7\u00e3o em fun\u00e7\u00e3o da queda na infla\u00e7\u00e3o.<\/li>\n<\/ul>\n<p> Para 2024, o governo segue com a meta de zerar o d\u00e9ficit, buscando um equil\u00edbrio entre receitas e despesas. <\/p>\n<p>                   <img loading=\"lazy\" decoding=\"async\" class=\"aligncenter size-full wp-image-56939\" src=\"https:\/\/blog.corretoraideal.com.br\/wp-content\/uploads\/2024\/01\/governo-decide-manter-meta-de-deficit-zero-nas-contas-publicas-de-2024.jpeg\" alt=\"Governo decide manter meta de d\u00e9ficit zero nas contas p\u00fablicas de 2024\" width=\"800\" height=\"400\" \/>       <\/p>\n<p> Governo decide manter meta de d\u00e9ficit zero nas contas p\u00fablicas de 2024 <\/p>\n<ul> <\/ul>\n<h3> <a id=\"js-next-article-desktop-link\" class=\"next-article-desktop-link\"><\/a> <\/h3>\n<h3> <a id=\"js-next-article-smart-link\" class=\"next-article-smart-link\"><\/a> <\/h3>\n<p>Veja tamb\u00e9m<\/p>\n<\/p>\n<\/p>\n<p>       Anterior   Pr\u00f3ximo     <\/p>\n","protected":false},"excerpt":{"rendered":"<p>Contas p\u00fablicas frustram equipe econ\u00f4mica, e governo tem d\u00e9ficit de R$ 230,5 bilh\u00f5es em 2023 D\u00e9ficit ocorre quando gastos superam as receitas; valor \u00e9 maior que o previsto no Or\u00e7amento, de at\u00e9 R$ 228,1 bilh\u00f5es. Para 2024, governo segue perseguindo meta de d\u00e9ficit zero, ou seja, equil\u00edbrio das contas. Por Lais Carregosa, Beatriz Borges, g1 [&hellip;]<\/p>\n","protected":false},"author":1,"featured_media":0,"comment_status":"closed","ping_status":"closed","sticky":false,"template":"","format":"standard","meta":{"footnotes":""},"categories":[],"tags":[],"class_list":["post-56936","post","type-post","status-publish","format-standard","hentry"],"_links":{"self":[{"href":"https:\/\/blog.corretoraideal.com.br\/index.php\/wp-json\/wp\/v2\/posts\/56936","targetHints":{"allow":["GET"]}}],"collection":[{"href":"https:\/\/blog.corretoraideal.com.br\/index.php\/wp-json\/wp\/v2\/posts"}],"about":[{"href":"https:\/\/blog.corretoraideal.com.br\/index.php\/wp-json\/wp\/v2\/types\/post"}],"author":[{"embeddable":true,"href":"https:\/\/blog.corretoraideal.com.br\/index.php\/wp-json\/wp\/v2\/users\/1"}],"replies":[{"embeddable":true,"href":"https:\/\/blog.corretoraideal.com.br\/index.php\/wp-json\/wp\/v2\/comments?post=56936"}],"version-history":[{"count":1,"href":"https:\/\/blog.corretoraideal.com.br\/index.php\/wp-json\/wp\/v2\/posts\/56936\/revisions"}],"predecessor-version":[{"id":56940,"href":"https:\/\/blog.corretoraideal.com.br\/index.php\/wp-json\/wp\/v2\/posts\/56936\/revisions\/56940"}],"wp:attachment":[{"href":"https:\/\/blog.corretoraideal.com.br\/index.php\/wp-json\/wp\/v2\/media?parent=56936"}],"wp:term":[{"taxonomy":"category","embeddable":true,"href":"https:\/\/blog.corretoraideal.com.br\/index.php\/wp-json\/wp\/v2\/categories?post=56936"},{"taxonomy":"post_tag","embeddable":true,"href":"https:\/\/blog.corretoraideal.com.br\/index.php\/wp-json\/wp\/v2\/tags?post=56936"}],"curies":[{"name":"wp","href":"https:\/\/api.w.org\/{rel}","templated":true}]}}