{"id":56941,"date":"2024-01-30T01:29:35","date_gmt":"2024-01-30T01:29:35","guid":{"rendered":"https:\/\/blog.corretoraideal.com.br\/?p=56941"},"modified":"2024-01-30T01:29:35","modified_gmt":"2024-01-30T01:29:35","slug":"dolar-sobe-e-fecha-a-r-494-com-expectativa-por-decisoes-de-juros-aqui-e-nos-eua-ibovespa-cai-economia-g1","status":"publish","type":"post","link":"https:\/\/blog.corretoraideal.com.br\/index.php\/2024\/01\/30\/dolar-sobe-e-fecha-a-r-494-com-expectativa-por-decisoes-de-juros-aqui-e-nos-eua-ibovespa-cai-economia-g1\/","title":{"rendered":"D\u00f3lar sobe e fecha a R$ 4,94, com expectativa por decis\u00f5es de juros aqui e nos EUA; Ibovespa cai | Economia | G1"},"content":{"rendered":"<br \/>\n<h1>D\u00f3lar sobe e fecha a R$ 4,94, com expectativa por decis\u00f5es de juros aqui e nos EUA; Ibovespa cai<\/h1>\n<h2>A moeda norte-americana subiu 0,71%, cotada a R$ 4,9453. J\u00e1 o principal \u00edndice de a\u00e7\u00f5es da bolsa de valores brasileira fechou em queda de 0,36%, aos 128.503 pontos.<\/h2>\n<p> Por g1 <\/p>\n<p>  29\/01\/2024 09h09    Atualizado  29\/01\/2024    <\/p>\n<p>                      1 de 1&#013; \u2014 Foto: Amanda Perobelli\/Reuters    <\/p>\n<p> \u2014 Foto: Amanda Perobelli\/Reuters <\/p>\n<p> O <a class href=\"https:\/\/g1.globo.com\/tudo-sobre\/ibovespa\/\">Ibovespa<\/a>, principal \u00edndice de a\u00e7\u00f5es da bolsa de valores, fechou em queda nesta segunda-feira (29), iniciando uma semana marcada por decis\u00f5es de pol\u00edtica monet\u00e1ria no Brasil e nos <a class href=\"https:\/\/g1.globo.com\/tudo-sobre\/estados-unidos\/\">Estados Unidos<\/a>. O d\u00f3lar, por sua vez, fechou em alta. <\/p>\n<p> Por aqui, o Comit\u00ea de Pol\u00edtica Monet\u00e1ria (Copom) do Banco Central (BC) decide a nova Selic, taxa b\u00e1sica de juros, hoje em 11,75% ao ano. A expectativa do mercado \u00e9 de uma nova redu\u00e7\u00e3o de 0,5 ponto percentual, levando a taxa Selic a 11,25% ao ano. <\/p>\n<p> J\u00e1 nos Estados Unidos, o mercado acredita que o Federal Reserve (<a class href=\"https:\/\/g1.globo.com\/tudo-sobre\/fed\/\">Fed<\/a>, o banco central americano) deve manter seus juros entre 5,25% e 5,50% ao ano, mas trazendo alguma sinaliza\u00e7\u00e3o sobre quando o ciclo de cortes vai come\u00e7ar. <\/p>\n<p> Nesta segunda, a bolsa de valores brasileira, a <a class href=\"https:\/\/g1.globo.com\/tudo-sobre\/bmf-bovespa\/\">B3<\/a>, informou que ir\u00e1 excluir as a\u00e7\u00f5es da <a class href=\"https:\/\/g1.globo.com\/tudo-sobre\/gol\/\">Gol<\/a> de todos os seus \u00edndices \u2014 incluindo o Ibovespa \u2014 <a class href=\"https:\/\/g1.globo.com\/economia\/negocios\/noticia\/2024\/01\/27\/justica-dos-eua-aceita-pedido-de-recuperacao-judicial-da-gol.ghtml\">devido ao processo de recupera\u00e7\u00e3o judicial nos Estados Unidos<\/a>. A medida ocorrer\u00e1 ap\u00f3s o preg\u00e3o de ter\u00e7a-feira (30). <\/p>\n<p> De acordo com a B3, &quot;a participa\u00e7\u00e3o da empresa ser\u00e1 redistribu\u00edda proporcionalmente aos demais integrantes da carteira com o pertinente ajuste nos redutores&quot;. <\/p>\n<p> &quot;A GOLL4 segue negociada normalmente, mas passa a ser listada na B3 sob o t\u00edtulo de \u201cOutras Condi\u00e7\u00f5es\u201d a partir do preg\u00e3o de 30\/1\/2024&quot;, concluiu a B3. <\/p>\n<p> <strong>Veja abaixo o resumo dos mercados.<\/strong> <\/p>\n<p><h2>D\u00f3lar<\/h2>\n<\/p>\n<p> Ao final da sess\u00e3o, o d\u00f3lar subiu 0,71%, cotado a R$ 4,9453. <a class href=\"https:\/\/valor.globo.com\/valor-data\/\">Veja mais cota\u00e7\u00f5es.<\/a> <\/p>\n<p> Com o resultado, acumulou: <\/p>\n<ul>\n<li><strong>alta de 0,71% na semana;<\/strong><\/li>\n<li><strong>e ganhos de 1,91% no m\u00eas e no ano.<\/strong><\/li>\n<\/ul>\n<p> Na \u00faltima sexta-feira (26), a moeda norte-americana caiu 0,24%, cotado a R$ 4,9105. <\/p>\n<p><h2><strong>Ibovespa<\/strong><\/h2>\n<\/p>\n<p> J\u00e1 o Ibovespa encerrou em queda de 0,36%, aos 128.503 pontos. <\/p>\n<p> Com o resultado, acumulou: <\/p>\n<ul>\n<li><strong>recuo de 0,36% na semana;<\/strong><\/li>\n<li><strong>quedas de 4,23% no m\u00eas e no ano.<\/strong><\/li>\n<\/ul>\n<p> Na sexta, o \u00edndice teve alta de 0,62%, aos 128.967 pontos. <\/p>\n<p> <strong>LEIA TAMB\u00c9M<\/strong> <\/p>\n<ul>\n<li><strong>DINHEIRO OU CART\u00c3O? <\/strong><a class href=\"https:\/\/g1.globo.com\/economia\/noticia\/2022\/03\/26\/dinheiro-ou-cartao-qual-a-melhor-forma-de-levar-dolares-em-viagens.ghtml\">Qual a melhor forma de levar d\u00f3lares em viagens?<\/a><\/li>\n<li><strong>D\u00d3LAR: <\/strong><a class href=\"https:\/\/g1.globo.com\/economia\/noticia\/2022\/04\/05\/dolar-qual-o-melhor-momento-para-comprar.ghtml\">Qual o melhor momento para comprar a moeda? <\/a><\/li>\n<\/ul>\n<p>                   <img loading=\"lazy\" decoding=\"async\" class=\"aligncenter size-full wp-image-56943\" src=\"https:\/\/blog.corretoraideal.com.br\/wp-content\/uploads\/2024\/01\/entenda-o-que-faz-o-dolar-subir-ou-descer-13.jpeg\" alt=\"Entenda o que faz o d\u00f3lar subir ou descer\" width=\"800\" height=\"400\" \/>       <\/p>\n<p> Entenda o que faz o d\u00f3lar subir ou descer <\/p>\n<p><h2>O que est\u00e1 mexendo com os mercados?<\/h2>\n<\/p>\n<p> A semana conta com algumas divulga\u00e7\u00f5es de indicadores econ\u00f4micos, mas o destaque da agenda fica com as decis\u00f5es de juros aqui e l\u00e1 fora. <\/p>\n<p> No Brasil, embora um novo corte de 0,50 ponto percentual (p.p.) j\u00e1 seja amplamente esperado pelo mercado, investidores devem ficar atentos \u00e0 ata do Copom, com as sinaliza\u00e7\u00f5es que mostram a vis\u00e3o do Comit\u00ea sobre a economia e, principalmente, sobre a quest\u00e3o fiscal do pa\u00eds. <\/p>\n<p> Nos Estados Unidos, a aten\u00e7\u00e3o tamb\u00e9m deve ficar com a ata. Os investidores globais aguardam detalhes sobre os rumos do Federal Reserve (Fed, o banco central norte-americano) em rela\u00e7\u00e3o aos juros da maior economia do mundo \u2014 h\u00e1 muita expectativa para quando a institui\u00e7\u00e3o deve iniciar o ciclo de cortes nas taxas. <\/p>\n<p> Para al\u00e9m do cen\u00e1rio macroecon\u00f4mico, algumas not\u00edcias corporativas tamb\u00e9m mexem com os mercados neste preg\u00e3o. <\/p>\n<p> A principal delas \u00e9 sobre a <a class href=\"https:\/\/g1.globo.com\/economia\/negocios\/noticia\/2024\/01\/29\/evergrande-gigante-imobiliaria-chinesa-tem-falencia-decretada-pela-justica-de-hong-kong.ghtml\">fal\u00eancia da gigante imobili\u00e1ria chinesa Evergrande<\/a>. O tribunal de Hong Kong aceitou um pedido e decretou a fal\u00eancia da companhia nesta segunda-feira. <\/p>\n<p> A ju\u00edza Linda Chan decidiu liquidar a incorporadora, que tem <strong>mais de US$ 300 bilh\u00f5es de d\u00edvida total<\/strong>. A Evergrande n\u00e3o foi capaz de oferecer um plano de reestrutura\u00e7\u00e3o concreto, mais de dois anos ap\u00f3s dar um calote de sua d\u00edvida e depois de v\u00e1rias audi\u00eancias judiciais. <\/p>\n<p>&quot;\u00c9 hora de o tribunal dizer basta&quot;, disse Chan no tribunal.<\/p>\n<p> <strong>Entenda mais detalhes da decis\u00e3o e saiba o que acontece agora na mat\u00e9ria abaixo:<\/strong> <\/p>\n<p> J\u00e1 no cen\u00e1rio dom\u00e9stico, o Magazine Luiza informou que seu conselho de administra\u00e7\u00e3o aprovou um aumento de capital privado de R$ 1,25 bilh\u00e3o. Os aportes ser\u00e3o feitos pela fam\u00edlia Trajano, controladores da companhia, com R$ 1 bilh\u00e3o, e pelo banco BTG Pactual, com R$ 250 milh\u00f5es. <\/p>\n<p> &quot;O aumento de capital representa uma transa\u00e7\u00e3o relevante para o posicionamento estrat\u00e9gico da companhia&quot;, disse o Magazine Luiza. &quot;\u00c9 uma demonstra\u00e7\u00e3o de confian\u00e7a dos controladores na companhia e em seu modelo de neg\u00f3cios, com potencial de aumentar sua participa\u00e7\u00e3o acion\u00e1ria de 56,4% para 58,4% do capital total.&quot; <\/p>\n<p> Para Nicholas Kawasaki, estrategista-chefe da Nova Futura Private, o aumento de capital \u00e9 positivo para ajudar a reduzir endividamento e impulsionar novos investimentos da empresa. &quot;Mostra comprometimento e que o controlador acredita na retomada da empresa&quot;, diz. <\/p>\n<ul>\n<li> <a href=\"https:\/\/g1.globo.com\/tudo-sobre\/bmf-bovespa\/\" class=\"entities__list-itemLink\" data-track-click=\"B3\"> B3 <\/a> <\/li>\n<li> <a href=\"https:\/\/g1.globo.com\/tudo-sobre\/estados-unidos\/\" class=\"entities__list-itemLink\" data-track-click=\"Estados Unidos\"> Estados Unidos <\/a> <\/li>\n<li> <a href=\"https:\/\/g1.globo.com\/tudo-sobre\/fed\/\" class=\"entities__list-itemLink\" data-track-click=\"FED\"> FED <\/a> <\/li>\n<li> <a href=\"https:\/\/g1.globo.com\/politica\/politico\/fernando-haddad\/\" class=\"entities__list-itemLink\" data-track-click=\"Fernando Haddad\"> Fernando Haddad <\/a> <\/li>\n<li> <a href=\"https:\/\/g1.globo.com\/tudo-sobre\/gol\/\" class=\"entities__list-itemLink\" data-track-click=\"Gol\"> Gol <\/a> <\/li>\n<li> <a href=\"https:\/\/g1.globo.com\/tudo-sobre\/governo-federal\/\" class=\"entities__list-itemLink\" data-track-click=\"Governo Federal\"> Governo Federal <\/a> <\/li>\n<li> <a href=\"https:\/\/g1.globo.com\/tudo-sobre\/ibovespa\/\" class=\"entities__list-itemLink\" data-track-click=\"Ibovespa\"> Ibovespa <\/a> <\/li>\n<li> <a href=\"https:\/\/g1.globo.com\/politica\/politico\/lula\/\" class=\"entities__list-itemLink\" data-track-click=\"Lula\"> Lula <\/a> <\/li>\n<li> <a href=\"https:\/\/g1.globo.com\/tudo-sobre\/mercosul\/\" class=\"entities__list-itemLink\" data-track-click=\"Mercosul\"> Mercosul <\/a> <\/li>\n<li> <a href=\"https:\/\/g1.globo.com\/politica\/partido\/psd\/\" class=\"entities__list-itemLink\" data-track-click=\"PSD\"> PSD <\/a> <\/li>\n<li> <a href=\"https:\/\/g1.globo.com\/politica\/partido\/pt\/\" class=\"entities__list-itemLink\" data-track-click=\"PT\"> PT <\/a> <\/li>\n<li> <a href=\"https:\/\/g1.globo.com\/tudo-sobre\/petrobras\/\" class=\"entities__list-itemLink\" data-track-click=\"Petrobras\"> Petrobras <\/a> <\/li>\n<li> <a href=\"https:\/\/g1.globo.com\/politica\/politico\/rodrigo-otavio-soares-pacheco\/\" class=\"entities__list-itemLink\" data-track-click=\"Rodrigo Pacheco\"> Rodrigo Pacheco <\/a> <\/li>\n<li> <a href=\"https:\/\/g1.globo.com\/tudo-sobre\/uniao-europeia\/\" class=\"entities__list-itemLink\" data-track-click=\"Uni\u00e3o Europeia\"> Uni\u00e3o Europeia <\/a> <\/li>\n<\/ul>\n<h3> <a id=\"js-next-article-desktop-link\" class=\"next-article-desktop-link\"><\/a> <\/h3>\n<h3> <a id=\"js-next-article-smart-link\" class=\"next-article-smart-link\"><\/a> <\/h3>\n<p>Veja tamb\u00e9m<\/p>\n<\/p>\n<\/p>\n<p>       Anterior   Pr\u00f3ximo     <\/p>\n","protected":false},"excerpt":{"rendered":"<p>D\u00f3lar sobe e fecha a R$ 4,94, com expectativa por decis\u00f5es de juros aqui e nos EUA; Ibovespa cai A moeda norte-americana subiu 0,71%, cotada a R$ 4,9453. J\u00e1 o principal \u00edndice de a\u00e7\u00f5es da bolsa de valores brasileira fechou em queda de 0,36%, aos 128.503 pontos. Por g1 29\/01\/2024 09h09 Atualizado 29\/01\/2024 1 de [&hellip;]<\/p>\n","protected":false},"author":1,"featured_media":0,"comment_status":"closed","ping_status":"closed","sticky":false,"template":"","format":"standard","meta":{"footnotes":""},"categories":[],"tags":[],"class_list":["post-56941","post","type-post","status-publish","format-standard","hentry"],"_links":{"self":[{"href":"https:\/\/blog.corretoraideal.com.br\/index.php\/wp-json\/wp\/v2\/posts\/56941","targetHints":{"allow":["GET"]}}],"collection":[{"href":"https:\/\/blog.corretoraideal.com.br\/index.php\/wp-json\/wp\/v2\/posts"}],"about":[{"href":"https:\/\/blog.corretoraideal.com.br\/index.php\/wp-json\/wp\/v2\/types\/post"}],"author":[{"embeddable":true,"href":"https:\/\/blog.corretoraideal.com.br\/index.php\/wp-json\/wp\/v2\/users\/1"}],"replies":[{"embeddable":true,"href":"https:\/\/blog.corretoraideal.com.br\/index.php\/wp-json\/wp\/v2\/comments?post=56941"}],"version-history":[{"count":1,"href":"https:\/\/blog.corretoraideal.com.br\/index.php\/wp-json\/wp\/v2\/posts\/56941\/revisions"}],"predecessor-version":[{"id":56944,"href":"https:\/\/blog.corretoraideal.com.br\/index.php\/wp-json\/wp\/v2\/posts\/56941\/revisions\/56944"}],"wp:attachment":[{"href":"https:\/\/blog.corretoraideal.com.br\/index.php\/wp-json\/wp\/v2\/media?parent=56941"}],"wp:term":[{"taxonomy":"category","embeddable":true,"href":"https:\/\/blog.corretoraideal.com.br\/index.php\/wp-json\/wp\/v2\/categories?post=56941"},{"taxonomy":"post_tag","embeddable":true,"href":"https:\/\/blog.corretoraideal.com.br\/index.php\/wp-json\/wp\/v2\/tags?post=56941"}],"curies":[{"name":"wp","href":"https:\/\/api.w.org\/{rel}","templated":true}]}}