{"id":56945,"date":"2024-01-30T04:29:41","date_gmt":"2024-01-30T04:29:41","guid":{"rendered":"https:\/\/blog.corretoraideal.com.br\/?p=56945"},"modified":"2024-01-30T04:29:41","modified_gmt":"2024-01-30T04:29:41","slug":"baile-de-debutantes-em-campos-abre-inscricoes-para-meninas-realizarem-o-sonho-de-uma-festa-completa-norte-fluminense-g1","status":"publish","type":"post","link":"https:\/\/blog.corretoraideal.com.br\/index.php\/2024\/01\/30\/baile-de-debutantes-em-campos-abre-inscricoes-para-meninas-realizarem-o-sonho-de-uma-festa-completa-norte-fluminense-g1\/","title":{"rendered":"Baile de Debutantes em Campos abre inscri\u00e7\u00f5es para meninas realizarem o sonho de uma festa completa | Norte Fluminense | G1"},"content":{"rendered":"<br \/>\n<h1>Baile de Debutantes em Campos abre inscri\u00e7\u00f5es para meninas realizarem o sonho de uma festa completa<\/h1>\n<h2>O evento vai oferecer uma festa de 15 anos para meninas que vivem em situa\u00e7\u00e3o de vulnerabilidade social.<\/h2>\n<p> Por g1 &mdash; Campos dos Goytacazes  <\/p>\n<p>  29\/01\/2024 21h34    Atualizado  29\/01\/2024    <\/p>\n<p>                      1 de 1&#013;Inscri\u00e7\u00f5es para 2\u00ba Baile de Debutantes em Campos dos Goytacazes abrem nesta segunda-feira (29 \u2014 Foto: Prefeitura de Campos\/ Divulga\u00e7\u00e3o    <\/p>\n<p> Inscri\u00e7\u00f5es para 2\u00ba Baile de Debutantes em Campos dos Goytacazes abrem nesta segunda-feira (29 \u2014 Foto: Prefeitura de Campos\/ Divulga\u00e7\u00e3o <\/p>\n<p> As inscri\u00e7\u00f5es para o 2\u00ba Baile de Debutantes de <a class href=\"https:\/\/g1.globo.com\/rj\/norte-fluminense\/cidade\/campos-dos-goytacazes\/\">Campos dos Goytacazes<\/a>, no Norte Fluminense, foram abertas nesta segunda-feira (29). O evento, que est\u00e1 previsto para mar\u00e7o, vai oferecer uma festa de 15 anos completa para meninas que vivem em situa\u00e7\u00e3o de vulnerabilidade social. <\/p>\n<p> Para participar do evento, as meninas precisam completar 15 anos em 2024, entre 1\u00ba de janeiro e 31 de dezembro. <\/p>\n<p> Al\u00e9m dos pais ou respons\u00e1veis precisarem ser inscritos no Cadastro \u00danico, ainda devem estar referenciados em um Centro de Refer\u00eancia de Assist\u00eancia Social (Cras). <\/p>\n<p> As inscri\u00e7\u00f5es precisam ser feitas de forma presencial no Departamento de Programas e Projetos, que fica na sede da Secretaria Municipal de Desenvolvimento Humano e Social, localizada na Avenida Silvio Bastos Tavares, 5, Parque Leopoldina. <\/p>\n<p> O atendimento \u00e9 de segunda a sexta-feira, das 9h \u00e0s 16h. <\/p>\n<p><h2>Os documentos necess\u00e1rios s\u00e3o:<\/h2>\n<\/p>\n<ul>\n<li>Certid\u00e3o de nascimento ou identidade (original e c\u00f3pia)<\/li>\n<li>C\u00f3pia de documento com foto dos pais ou respons\u00e1vel legal<\/li>\n<li>N\u00famero do NIS do pai ou respons\u00e1vel que tamb\u00e9m seja inscrito no Cad\u00danico<\/li>\n<li> Declara\u00e7\u00e3o de matr\u00edcula em escola da rede municipal<\/li>\n<\/ul>\n<p> Na primeira edi\u00e7\u00e3o, em novembro de 2023, 41 meninas puderam participar da t\u00e3o sonhada festa de debutante. <\/p>\n<p> O evento \u00e9 uma a\u00e7\u00e3o da Secretaria Municipal de Desenvolvimento Humano e Social de Campos. <\/p>\n<ul>\n<li> <a href=\"https:\/\/g1.globo.com\/rj\/norte-fluminense\/cidade\/campos-dos-goytacazes\/\" class=\"entities__list-itemLink\" data-track-click=\"Campos dos Goytacazes\"> Campos dos Goytacazes <\/a> <\/li>\n<\/ul>\n<h3> <a id=\"js-next-article-desktop-link\" class=\"next-article-desktop-link\"><\/a> <\/h3>\n<h3> <a id=\"js-next-article-smart-link\" class=\"next-article-smart-link\"><\/a> <\/h3>\n<p>Veja tamb\u00e9m<\/p>\n<\/p>\n<\/p>\n<p>       Anterior   Pr\u00f3ximo     <\/p>\n","protected":false},"excerpt":{"rendered":"<p>Baile de Debutantes em Campos abre inscri\u00e7\u00f5es para meninas realizarem o sonho de uma festa completa O evento vai oferecer uma festa de 15 anos para meninas que vivem em situa\u00e7\u00e3o de vulnerabilidade social. Por g1 &mdash; Campos dos Goytacazes 29\/01\/2024 21h34 Atualizado 29\/01\/2024 1 de 1&#013;Inscri\u00e7\u00f5es para 2\u00ba Baile de Debutantes em Campos dos [&hellip;]<\/p>\n","protected":false},"author":1,"featured_media":0,"comment_status":"closed","ping_status":"closed","sticky":false,"template":"","format":"standard","meta":{"footnotes":""},"categories":[],"tags":[],"class_list":["post-56945","post","type-post","status-publish","format-standard","hentry"],"_links":{"self":[{"href":"https:\/\/blog.corretoraideal.com.br\/index.php\/wp-json\/wp\/v2\/posts\/56945","targetHints":{"allow":["GET"]}}],"collection":[{"href":"https:\/\/blog.corretoraideal.com.br\/index.php\/wp-json\/wp\/v2\/posts"}],"about":[{"href":"https:\/\/blog.corretoraideal.com.br\/index.php\/wp-json\/wp\/v2\/types\/post"}],"author":[{"embeddable":true,"href":"https:\/\/blog.corretoraideal.com.br\/index.php\/wp-json\/wp\/v2\/users\/1"}],"replies":[{"embeddable":true,"href":"https:\/\/blog.corretoraideal.com.br\/index.php\/wp-json\/wp\/v2\/comments?post=56945"}],"version-history":[{"count":1,"href":"https:\/\/blog.corretoraideal.com.br\/index.php\/wp-json\/wp\/v2\/posts\/56945\/revisions"}],"predecessor-version":[{"id":56947,"href":"https:\/\/blog.corretoraideal.com.br\/index.php\/wp-json\/wp\/v2\/posts\/56945\/revisions\/56947"}],"wp:attachment":[{"href":"https:\/\/blog.corretoraideal.com.br\/index.php\/wp-json\/wp\/v2\/media?parent=56945"}],"wp:term":[{"taxonomy":"category","embeddable":true,"href":"https:\/\/blog.corretoraideal.com.br\/index.php\/wp-json\/wp\/v2\/categories?post=56945"},{"taxonomy":"post_tag","embeddable":true,"href":"https:\/\/blog.corretoraideal.com.br\/index.php\/wp-json\/wp\/v2\/tags?post=56945"}],"curies":[{"name":"wp","href":"https:\/\/api.w.org\/{rel}","templated":true}]}}