{"id":56951,"date":"2024-01-30T07:30:46","date_gmt":"2024-01-30T07:30:46","guid":{"rendered":"https:\/\/blog.corretoraideal.com.br\/?p=56951"},"modified":"2024-01-30T07:30:46","modified_gmt":"2024-01-30T07:30:46","slug":"o-primeiro-computador-mac-faz-40-anos-e-continua-em-uso-tecnologia-g1","status":"publish","type":"post","link":"https:\/\/blog.corretoraideal.com.br\/index.php\/2024\/01\/30\/o-primeiro-computador-mac-faz-40-anos-e-continua-em-uso-tecnologia-g1\/","title":{"rendered":"O primeiro computador Mac faz 40 anos \u2013 e continua em uso | Tecnologia | G1"},"content":{"rendered":"<br \/>\n<h1>O primeiro computador Mac faz 40 anos \u2013 e continua em uso<\/h1>\n<h2>Em 24 de janeiro de 1984, o computador pessoal Apple Macintosh 128K foi apresentado ao mundo. Quarenta anos depois, ele ainda conta com f\u00e3s e usu\u00e1rios. <\/h2>\n<p>       <a href=\"http:\/\/www.bbc.com\/portuguese\" target=\"_blank\" rel=\"noopener noreferrer\">    <\/a>   <\/p>\n<p> Por Chris Baraniuk <\/p>\n<p>  30\/01\/2024 03h00    Atualizado  30\/01\/2024    <\/p>\n<p>                      1 de 4&#013;O lan\u00e7amento do Macintosh 128K acaba de completar 40 anos \u2014 Foto: Alamy via BBC    <\/p>\n<p> O lan\u00e7amento do Macintosh 128K acaba de completar 40 anos \u2014 Foto: Alamy via BBC <\/p>\n<p> David Blatner preserva at\u00e9 hoje praticamente todos os computadores Macintosh que j\u00e1 comprou. Mas um deles merece destaque: o primeiro. <\/p>\n<p> Ele se lembra da forma da disposi\u00e7\u00e3o da tela; do volumoso manual; e dos tutoriais em fitas cassete, ensinando como usar a m\u00e1quina. Era tudo o que ele achava que um computador devia ser. <\/p>\n<p> Ele j\u00e1 havia observado vers\u00f5es anteriores de computadores pessoais quando era crian\u00e7a. <\/p>\n<p> Blatner costumava ir de bicicleta at\u00e9 o Centro de Pesquisa da Xerox em Palo Alto, na Calif\u00f3rnia (Estados Unidos), onde seu padrasto trabalhava nos anos 1970. Ali, ele conseguiu operar os primeiros computadores pessoais, como o Alto, que tinha uma interface gr\u00e1fica e um mouse. <\/p>\n<p>&quot;Um computador que funcionaria para uma \u00fanica pessoa \u2014 a pr\u00f3pria ideia era extraordin\u00e1ria&quot;, lembra Blatner. <\/p>\n<p> Hoje, ele \u00e9 presidente do portal CreativePro Network, dedicado a profissionais da \u00e1rea de cria\u00e7\u00e3o. <\/p>\n<p> Mas Blatner precisou esperar ainda mais uma d\u00e9cada at\u00e9 conseguir seu pr\u00f3prio computador, com a chegada do Macintosh da <a class href=\"https:\/\/g1.globo.com\/tudo-sobre\/apple\/\">Apple<\/a>. <\/p>\n<p> No dia 24 de janeiro de 1984, um homem chamado <a class href=\"https:\/\/g1.globo.com\/tudo-sobre\/steve-jobs\/\">Steve Jobs<\/a> (1955-2011) subiu em um palco e retirou uma caixa bege de uma maleta de transporte. Ele introduziu um disco flex\u00edvel na caixa e ficou esperando. <\/p>\n<p> Ao som da m\u00fasica-tema de Carruagens de Fogo, a palavra \u201cMacintosh\u201d varreu a min\u00fascula tela daquele computador e surgiu uma s\u00e9rie de imagens monocrom\u00e1ticas. A plateia formada por acionistas da <a class href=\"https:\/\/g1.globo.com\/tudo-sobre\/apple\/\">Apple<\/a> ficou encantada e enlouquecida. <\/p>\n<ul>\n<li><a class href=\"https:\/\/g1.globo.com\/tecnologia\/noticia\/2024\/01\/27\/celular-pode-ser-aliado-para-descobrir-cameras-escondidas-em-quartos-veja-como-se-proteger.ghtml\">Celular pode ser aliado para descobrir c\u00e2meras escondidas em quartos; veja como se proteger<\/a><\/li>\n<\/ul>\n<p> Pelos padr\u00f5es da tecnologia atual, a tela min\u00fascula, o formato de caixa e os elementos gr\u00e1ficos rudimentares do Macintosh original parecem rid\u00edculos. <\/p>\n<p> Aquele aparelho n\u00e3o foi nem mesmo o primeiro computador pessoal. Mas, sem d\u00favida, foi o primeiro a mudar o mundo. <\/p>\n<p>O pomposo lan\u00e7amento feito por <a class href=\"https:\/\/g1.globo.com\/tudo-sobre\/steve-jobs\/\">Steve Jobs<\/a> no Centro Flint em Cupertino, na Calif\u00f3rnia, passou a servir de modelo para suas muitas apresenta\u00e7\u00f5es posteriores de aparelhos da <a class href=\"https:\/\/g1.globo.com\/tudo-sobre\/apple\/\">Apple<\/a>, incluindo o iMac e o iPhone.<\/p>\n<p> Hoje, o Mac 128K \u2014 assim chamado porque vinha com 128 KB de RAM (na sigla em ingl\u00eas, mem\u00f3ria de acesso aleat\u00f3rio) \u2014 \u00e9 uma pe\u00e7a de museu. A <a class href=\"https:\/\/g1.globo.com\/tudo-sobre\/apple\/\">Apple<\/a> deixou de produzir o aparelho em outubro de 1985 e suspendeu sua assist\u00eancia de software em 1998. <\/p>\n<p> Mas um punhado de obstinados admiradores ainda usa seus computadores Mac 128K at\u00e9 hoje, apesar das frustra\u00e7\u00f5es. Afinal, essas m\u00e1quinas s\u00e3o extremamente limitadas devido \u00e0 sua pouca capacidade de mem\u00f3ria. <\/p>\n<ul>\n<li><a class href=\"https:\/\/g1.globo.com\/tecnologia\/noticia\/2022\/09\/22\/patinho-feio-como-funcionava-o-primeiro-computador-brasileiro-criado-ha-50-anos.ghtml\">&quot;Patinho Feio&quot;: como funcionava o primeiro computador brasileiro<\/a><\/li>\n<\/ul>\n<p>         2 de 4&#013;Steve Jobs queria que o Macintosh fosse um computador pessoal acess\u00edvel, usado por qualquer pessoa \u2014 Foto: Getty Images via BBC    <\/p>\n<p> Steve Jobs queria que o Macintosh fosse um computador pessoal acess\u00edvel, usado por qualquer pessoa \u2014 Foto: Getty Images via BBC <\/p>\n<p><h2>Criativo e duradouro<\/h2>\n<\/p>\n<p> Mesmo com sua mem\u00f3ria diminuta, gr\u00e1ficos rudimentares, aus\u00eancia de modem e sem possibilidade de conex\u00e3o \u00e0 internet, existe uma comunidade de \u00e1vidos f\u00e3s que se divertem operando esse equipamento aparentemente antiquado. <\/p>\n<p> O historiador da computa\u00e7\u00e3o David Greelish, da Fl\u00f3rida (EUA), lan\u00e7ou em janeiro um document\u00e1rio sobre o predecessor do 128K, o <a class href=\"https:\/\/g1.globo.com\/tudo-sobre\/apple\/\">Apple<\/a> Lisa. <\/p>\n<p> Ele destaca a criatividade da placa-m\u00e3e original do 128K. <\/p>\n<p> &quot;Ela tem tudo: ROM, RAM, processador e todas as entradas e sa\u00eddas&quot;, conta. <\/p>\n<p>&quot;Tudo est\u00e1 ali em uma pequena e bela placa quadrada integrada. Para 1984, era incr\u00edvel.&quot;<\/p>\n<p> <a class href=\"https:\/\/g1.globo.com\/tecnologia\/noticia\/2022\/10\/19\/computador-da-apple-usado-por-steves-jobs-ha-34-anos-vai-a-leilao.ghtml\">O pre\u00e7o do Macintosh original ainda pode chegar a valores similares aos de um computador moderno.<\/a> <\/p>\n<p> E, para os colecionadores, ele \u00e9 uma parte da hist\u00f3ria da computa\u00e7\u00e3o, com as assinaturas da equipe que o construiu inscritas na parte de tr\u00e1s do gabinete de pl\u00e1stico, no lado interno. <\/p>\n<p> Mas alguns donos de Mac 128K usam suas valiosas m\u00e1quinas para jogar games curiosos, como Frogger ou Lode Runner \u2014 tudo em preto e branco. O Macintosh II, primeiro Macintosh com tela colorida, s\u00f3 foi lan\u00e7ado em 1987. <\/p>\n<p> O Centro da Hist\u00f3ria da Computa\u00e7\u00e3o de Cambridge, no Reino Unido, \u00e9 uma das muitas cole\u00e7\u00f5es que apresentam um 128K funcionando. <\/p>\n<p> &quot;Ele tem 40 anos de idade e ainda funciona&quot;, conta a diretora do centro, Lisa McGerty. <\/p>\n<p> Ela se lembra do lan\u00e7amento dos computadores Macintosh como um desenvolvimento &quot;de massa&quot; para pessoas do setor editorial e gr\u00e1fico. A impressora gr\u00e1fica da <a class href=\"https:\/\/g1.globo.com\/tudo-sobre\/apple\/\">Apple<\/a>, ImageWriter, foi lan\u00e7ada pouco antes do 128K. <\/p>\n<p> Adrian Page-Mitchell, colega de McGerty e respons\u00e1vel pelas cole\u00e7\u00f5es, afirma que nem sempre \u00e9 f\u00e1cil manter esses antigos Macintoshes funcionando. <\/p>\n<p> Ele conta que um outro 128K que ficou em exibi\u00e7\u00e3o por muito tempo no Centro da Hist\u00f3ria da Computa\u00e7\u00e3o acabou quebrando e &quot;n\u00e3o p\u00f4de ser consertado&quot;. <\/p>\n<p> \u00c0s vezes, os Macs demonstram sua idade de formas estranhas. <\/p>\n<p> O YouTuber e colecionador de computadores Steven Matarazzo conta que um dos capacitores da m\u00e1quina, \u00e0s vezes, pode se degradar com o tempo. Com isso, a tela do 128K n\u00e3o ir\u00e1 funcionar corretamente \u2014 ela ir\u00e1 parecer levemente comprimida. <\/p>\n<p> Em 2023, ele postou um v\u00eddeo no YouTube sobre um aparente prot\u00f3tipo do 128K. Ele n\u00e3o estava funcionando e seu dono pediu a Matarazzo que desse uma olhada no aparelho. Em pouco tempo, Matarazzo fez o computador voltar a funcionar. <\/p>\n<p> Ele estudou detalhadamente cada cent\u00edmetro daquele Mac. E ficou entusiasmado com as min\u00fasculas diferen\u00e7as entre aquele aparelho e a vers\u00e3o que chegou ao mercado. <\/p>\n<p> Havia no prot\u00f3tipo, por exemplo, pequenos logos da <a class href=\"https:\/\/g1.globo.com\/tudo-sobre\/apple\/\">Apple<\/a> impressos sobre os p\u00e9s de borracha, que n\u00e3o estavam presentes no design final. Essas descobertas s\u00e3o um pouco como uma arqueologia dos aparelhos eletr\u00f4nicos. <\/p>\n<p> &quot;Voc\u00ea tenta juntar as pe\u00e7as: qual era o processo aqui, qual a idade disso, qual a idade daquilo&quot;, explica ele. &quot;\u00c9 isso que, especialmente para mim, \u00e9 realmente interessante.&quot; <\/p>\n<ul>\n<li><a class href=\"https:\/\/g1.globo.com\/tecnologia\/noticia\/2024\/01\/26\/as-gemeas-roubadas-apos-nascimento-que-se-reencontraram-gracas-a-video-no-tiktok.ghtml\">As g\u00eameas roubadas ap\u00f3s nascimento que se reencontraram gra\u00e7as a v\u00eddeo no TikTok<\/a><\/li>\n<\/ul>\n<p><h2>&#x27;Tudo o que um computador deveria ser&#x27;<\/h2>\n<\/p>\n<p> O <a class href=\"https:\/\/g1.globo.com\/tudo-sobre\/apple\/\">Apple<\/a> II e o <a class href=\"https:\/\/g1.globo.com\/tudo-sobre\/apple\/\">Apple<\/a> Lisa, lan\u00e7ados antes do 128K, tamb\u00e9m pretendiam ser aparelhos intuitivos com alta capacidade. Mas cada um deles tinha suas pr\u00f3prias falhas ou limita\u00e7\u00f5es. <\/p>\n<p> O <a class href=\"https:\/\/g1.globo.com\/tudo-sobre\/apple\/\">Apple<\/a> II, por exemplo, n\u00e3o tinha uma interface gr\u00e1fica de usu\u00e1rio ou mouse. J\u00e1 o Lisa era muito mais caro que o 128K. <\/p>\n<p> Na \u00e9poca do lan\u00e7amento do 128K, Blatner estava no final do ensino m\u00e9dio. Ele procurava um computador para levar para a faculdade que tivesse a mesma capacidade das m\u00e1quinas que ele havia visto na Xerox anos antes. <\/p>\n<p> Seus pais o levaram \u00e0s compras e eles logo encontraram um 128K \u00e0 venda em uma loja no centro de Palo Alto. <\/p>\n<p>&quot;Ele tinha menus, tinha pastas, tinha uma interface gr\u00e1fica de usu\u00e1rio, tinha um mouse&quot;, relembra ele. &quot;Era tudo o que eu achava que um computador deveria ser.&quot;<\/p>\n<p> Blatner ainda guarda a nota fiscal da compra. Seus pais pagaram pelo aparelho, em 1984, US$ 2.495. <\/p>\n<p> Na faculdade, Blatner logo estaria mostrando o aparelho para seus colegas. Eles costumavam formar filas atr\u00e1s dele no dormit\u00f3rio, aguardando uma chance de usar o computador. <\/p>\n<p> &quot;Tenho um arquivo com todas aquelas coisas malucas que imprim\u00edamos na faculdade&quot;, ele conta. &quot;As pessoas simplesmente adoravam.&quot; <\/p>\n<ul>\n<li><a class href=\"https:\/\/g1.globo.com\/tecnologia\/noticia\/2024\/01\/17\/entenda-o-que-sao-os-celulares-burros-e-por-que-o-modelo-tem-adeptos-pelo-mundo.ghtml\">Dumbphone: o que s\u00e3o os &#x27;celulares burros&#x27; e por que o modelo tem adeptos pelo mundo<\/a><\/li>\n<\/ul>\n<p> N\u00e3o foi por coincid\u00eancia que aquela tecnologia refletiu as experi\u00eancias anteriores de Blatner com computadores na Xerox. <\/p>\n<p> Jef Raskin, que come\u00e7ou o projeto do Macintosh \u2014 e deu ao computador o nome da sua variedade preferida de ma\u00e7\u00e3 \u2014, tamb\u00e9m havia observado a mesma tecnologia da Xerox, que serviu de inspira\u00e7\u00e3o. <\/p>\n<p> Mais do que isso: em dezembro de 1979, Jobs e um grupo de engenheiros da <a class href=\"https:\/\/g1.globo.com\/tudo-sobre\/apple\/\">Apple<\/a> visitaram diversas vezes a Xerox. Eles conseguiram ideias que, mais tarde, seriam usadas no Lisa e no Macintosh. <\/p>\n<p> Em troca dessas importantes demonstra\u00e7\u00f5es, a Xerox recebeu uma grande quantidade de a\u00e7\u00f5es da <a class href=\"https:\/\/g1.globo.com\/tudo-sobre\/apple\/\">Apple<\/a>, que foram rapidamente vendidas. A empresa perdeu a possibilidade de ganhar bilh\u00f5es de d\u00f3lares se tivesse mantido as a\u00e7\u00f5es em seu poder. <\/p>\n<p> Como se sabe, Jobs acabou assumindo o projeto do Macintosh iniciado por Raskin, depois de ser exclu\u00eddo da equipe do Lisa. Naquela \u00e9poca, ele j\u00e1 havia desenvolvido a vis\u00e3o do computador pessoal acess\u00edvel e decidiu que o Macintosh o ajudaria a tornar esse aparelho uma realidade. <\/p>\n<p> Um dos pontos que diferenciava o Macintosh era sua apresenta\u00e7\u00e3o. Ele n\u00e3o era apenas um computador pessoal \u2014 ele tinha personalidade. <\/p>\n<p> A designer gr\u00e1fica Susan Kare criou \u00edcones que pareciam sair de desenhos animados e que praticamente qualquer pessoa conseguiria compreender. Ela tamb\u00e9m colaborou com a cole\u00e7\u00e3o de fontes digitais do Macintosh. <\/p>\n<ul>\n<li><strong>GUIA DE COMPRAS: <\/strong><a class href=\"https:\/\/g1.globo.com\/guia\/guia-de-compras\/tecnologia\/iphone-antigo-ate-qual-versao-ainda-vale-a-pena-comprar.ghtml\">iPhone &#x27;antigo&#x27;: at\u00e9 qual vers\u00e3o ainda vale a pena comprar?<\/a><\/li>\n<\/ul>\n<p>         3 de 4&#013;O Macintosh 128K ocupa at\u00e9 hoje um lugar especial no cora\u00e7\u00e3o dos primeiros funcion\u00e1rios da Apple que trabalharam na \u00e9poca do seu desenvolvimento \u2014 Foto: Getty Images via BBC    <\/p>\n<p> O Macintosh 128K ocupa at\u00e9 hoje um lugar especial no cora\u00e7\u00e3o dos primeiros funcion\u00e1rios da Apple que trabalharam na \u00e9poca do seu desenvolvimento \u2014 Foto: Getty Images via BBC <\/p>\n<p> Mas grande parte do impacto causado pelo Mac foi alimentado pelo marketing e pela propaganda. <\/p>\n<p> O cineasta e historiador Jason Scott trabalha no Internet Archive, uma plataforma de arquivo digital sem fins lucrativos. Ele se lembra de ter visto o an\u00fancio original do Mac 128K na televis\u00e3o quando era adolescente. <\/p>\n<p> A estranha propaganda foi dirigida por Ridley Scott e ilustrava um futuro dist\u00f3pico inspirado pelo romance de George Orwell, 1984. <\/p>\n<p> O que nos salvaria daquele futuro sombrio? O Mac 128K, \u00e9 claro! <\/p>\n<p>&quot;Aquele comercial come\u00e7ou a passar e parecia algo totalmente vindo de Marte&quot;, relembra Scott. &quot;Alguma coisa estava acontecendo, mas eu n\u00e3o entendia muito bem o qu\u00ea.&quot;<\/p>\n<p> N\u00e3o muito tempo depois, Scott testou um Macintosh pela primeira vez e ficou maravilhado. Era, segundo ele, como observar outro mundo por um telesc\u00f3pio. <\/p>\n<p> Ainda assim, o Mac n\u00e3o foi o sucesso de vendas que alguns esperavam. <\/p>\n<p> &quot;Ele n\u00e3o foi vendido para pessoas de neg\u00f3cios, como Steve acreditava que seria&quot;, relembra Andy Cunningham, que trabalhou na campanha de marketing do aparelho. <\/p>\n<p>&quot;Foi por isso, em \u00faltima inst\u00e2ncia, que Steve acabou sendo despedido da <a class href=\"https:\/\/g1.globo.com\/tudo-sobre\/apple\/\">Apple<\/a>.&quot; <\/p>\n<p> Jobs saiu da empresa em 1985, mas retornou no final dos anos 1990. <\/p>\n<p> Foi apenas em 1988 que o total de vendas dos aparelhos Macintosh, incluindo diversas de suas vers\u00f5es posteriores, superou o do <a class href=\"https:\/\/g1.globo.com\/tudo-sobre\/apple\/\">Apple<\/a> II, lan\u00e7ado em 1977. <\/p>\n<p>         4 de 4&#013;Macintosh SE usado entre 1988 e 1994 por Steve Jobs, cofundador da Apple \u2014 Foto: Reprodu\u00e7\u00e3o    <\/p>\n<p> Macintosh SE usado entre 1988 e 1994 por Steve Jobs, cofundador da Apple \u2014 Foto: Reprodu\u00e7\u00e3o <\/p>\n<p> Mas os Macs realmente chamaram a aten\u00e7\u00e3o de muitas pessoas, especialmente jovens e profissionais de \u00e1reas criativas. <\/p>\n<p> Cunningham e sua colega Jane Anderson ajudaram a impulsionar a publicidade do Macintosh original. Eles ofereceram seis horas com pessoas da <a class href=\"https:\/\/g1.globo.com\/tudo-sobre\/apple\/\">Apple<\/a>, incluindo Jobs, a jornalistas individualmente \u2014 e fizeram diversas demonstra\u00e7\u00f5es do aparelho para ter certeza de que eles compreenderiam o objeto das suas reportagens. <\/p>\n<p> &quot;Observei todos eles brincando com o computador e seus olhos simplesmente brilhavam&quot;, relembra Cunningham. <\/p>\n<p>Seria errado afirmar que o Mac 128K era um computador perfeito. Na verdade, ele tinha s\u00e9rias limita\u00e7\u00f5es e seu sucesso comercial inicialmente foi limitado. Mas ele deixou uma marca indel\u00e9vel.<\/p>\n<p> A ascens\u00e3o do computador pessoal, sem d\u00favida, foi um divisor de \u00e1guas. Os computadores com gabinetes ridiculamente grandes, que voc\u00ea s\u00f3 conseguia conectar com um terminal desajeitado, agora parecem irremediavelmente antiquados. <\/p>\n<p> Hoje em dia, temos m\u00e1quinas port\u00e1teis, divertidas e acess\u00edveis, que quase qualquer pessoa consegue usar. <\/p>\n<p> Mas o engra\u00e7ado \u00e9 que a era dos computadores individuais iniciada pelo Macintosh original, de certa forma, est\u00e1 chegando ao fim. <\/p>\n<p> No s\u00e9culo 21, estamos ficando cada vez mais dependentes de fazendas de servidores, processamento em nuvem, grandes volumes de dados e sistemas em rede. Os computadores de outras pessoas s\u00e3o cada vez mais indispens\u00e1veis para podermos operar o nosso pr\u00f3prio equipamento. <\/p>\n<p> &quot;Estamos agora do outro lado&quot;, reflete Blatner. &quot;N\u00f3s realmente precisamos desse per\u00edodo de 40 anos para capacitar e empoderar as pessoas.&quot; <\/p>\n<p> Leia a <a class href=\"https:\/\/www.bbc.com\/future\/article\/20240123-the-apple-macintosh-was-first-released-40-years-ago-these-people-are-still-using-the-aging-computers?xtor=AL-73-%5Bpartner%5D-%5Bg1%5D-%5Blink%5D-%5Bbrazil%5D-%5Bbizdev%5D-%5Bisapi%5D\" target=\"_blank\" rel=\"noopener noreferrer\">vers\u00e3o original desta reportagem (em ingl\u00eas) no site BBC Future<\/a>. <\/p>\n<p>                   <img loading=\"lazy\" decoding=\"async\" class=\"aligncenter size-full wp-image-56953\" src=\"https:\/\/blog.corretoraideal.com.br\/wp-content\/uploads\/2024\/01\/apple-anuncia-o-lancamento-do-iphone-15-e-outras-novidades.jpeg\" alt=\"Apple anuncia o lan\u00e7amento do iPhone 15 e outras novidades\" width=\"800\" height=\"400\" \/>       <\/p>\n<p> Apple anuncia o lan\u00e7amento do iPhone 15 e outras novidades <\/p>\n<p>                    <img loading=\"lazy\" decoding=\"async\" class=\"aligncenter size-full wp-image-56954\" src=\"https:\/\/blog.corretoraideal.com.br\/wp-content\/uploads\/2024\/01\/entenda-o-que-sao-os-2.jpeg\" alt=\"Entenda o que s\u00e3o os \" width=\"800\" height=\"400\" \/>       <\/p>\n<p> Entenda o que s\u00e3o os &#8216;celulares burros&#8217; e por que o modelo tem adeptos pelo mundo <\/p>\n<p>                    <img loading=\"lazy\" decoding=\"async\" class=\"aligncenter size-full wp-image-56955\" src=\"https:\/\/blog.corretoraideal.com.br\/wp-content\/uploads\/2024\/01\/entenda-por-que-as-notificacoes-do-celular-viciam-o-cerebro-1.jpeg\" alt=\"Entenda por que as notifica\u00e7\u00f5es do celular viciam o c\u00e9rebro\" width=\"800\" height=\"400\" \/>       <\/p>\n<p> Entenda por que as notifica\u00e7\u00f5es do celular viciam o c\u00e9rebro <\/p>\n<ul>\n<li> <a href=\"https:\/\/g1.globo.com\/tudo-sobre\/apple\/\" class=\"entities__list-itemLink\" data-track-click=\"Apple\"> Apple <\/a> <\/li>\n<li> <a href=\"https:\/\/g1.globo.com\/tudo-sobre\/steve-jobs\/\" class=\"entities__list-itemLink\" data-track-click=\"Steve Jobs\"> Steve Jobs <\/a> <\/li>\n<\/ul>\n<h3> <a id=\"js-next-article-desktop-link\" class=\"next-article-desktop-link\"><\/a> <\/h3>\n<h3> <a id=\"js-next-article-smart-link\" class=\"next-article-smart-link\"><\/a> <\/h3>\n<p>Veja tamb\u00e9m<\/p>\n<\/p>\n<\/p>\n<p>       Anterior   Pr\u00f3ximo     <\/p>\n","protected":false},"excerpt":{"rendered":"<p>O primeiro computador Mac faz 40 anos \u2013 e continua em uso Em 24 de janeiro de 1984, o computador pessoal Apple Macintosh 128K foi apresentado ao mundo. Quarenta anos depois, ele ainda conta com f\u00e3s e usu\u00e1rios. Por Chris Baraniuk 30\/01\/2024 03h00 Atualizado 30\/01\/2024 1 de 4&#013;O lan\u00e7amento do Macintosh 128K acaba de completar [&hellip;]<\/p>\n","protected":false},"author":1,"featured_media":0,"comment_status":"closed","ping_status":"closed","sticky":false,"template":"","format":"standard","meta":{"footnotes":""},"categories":[],"tags":[],"class_list":["post-56951","post","type-post","status-publish","format-standard","hentry"],"_links":{"self":[{"href":"https:\/\/blog.corretoraideal.com.br\/index.php\/wp-json\/wp\/v2\/posts\/56951","targetHints":{"allow":["GET"]}}],"collection":[{"href":"https:\/\/blog.corretoraideal.com.br\/index.php\/wp-json\/wp\/v2\/posts"}],"about":[{"href":"https:\/\/blog.corretoraideal.com.br\/index.php\/wp-json\/wp\/v2\/types\/post"}],"author":[{"embeddable":true,"href":"https:\/\/blog.corretoraideal.com.br\/index.php\/wp-json\/wp\/v2\/users\/1"}],"replies":[{"embeddable":true,"href":"https:\/\/blog.corretoraideal.com.br\/index.php\/wp-json\/wp\/v2\/comments?post=56951"}],"version-history":[{"count":1,"href":"https:\/\/blog.corretoraideal.com.br\/index.php\/wp-json\/wp\/v2\/posts\/56951\/revisions"}],"predecessor-version":[{"id":56956,"href":"https:\/\/blog.corretoraideal.com.br\/index.php\/wp-json\/wp\/v2\/posts\/56951\/revisions\/56956"}],"wp:attachment":[{"href":"https:\/\/blog.corretoraideal.com.br\/index.php\/wp-json\/wp\/v2\/media?parent=56951"}],"wp:term":[{"taxonomy":"category","embeddable":true,"href":"https:\/\/blog.corretoraideal.com.br\/index.php\/wp-json\/wp\/v2\/categories?post=56951"},{"taxonomy":"post_tag","embeddable":true,"href":"https:\/\/blog.corretoraideal.com.br\/index.php\/wp-json\/wp\/v2\/tags?post=56951"}],"curies":[{"name":"wp","href":"https:\/\/api.w.org\/{rel}","templated":true}]}}