{"id":56972,"date":"2024-01-30T12:29:44","date_gmt":"2024-01-30T12:29:44","guid":{"rendered":"https:\/\/blog.corretoraideal.com.br\/?p=56972"},"modified":"2024-01-30T12:29:44","modified_gmt":"2024-01-30T12:29:44","slug":"azul-e-preto-ou-branco-e-dourado-quase-10-anos-depois-vestido-que-viralizou-continua-gerando-polemica-e-e-motivo-de-estudos-tecnologia-g1","status":"publish","type":"post","link":"https:\/\/blog.corretoraideal.com.br\/index.php\/2024\/01\/30\/azul-e-preto-ou-branco-e-dourado-quase-10-anos-depois-vestido-que-viralizou-continua-gerando-polemica-e-e-motivo-de-estudos-tecnologia-g1\/","title":{"rendered":"Azul e preto ou branco e dourado? Quase 10 anos depois, vestido que viralizou continua gerando pol\u00eamica e \u00e9 motivo de estudos | Tecnologia | G1"},"content":{"rendered":"<br \/>\n<h1>Azul e preto ou branco e dourado? Quase 10 anos depois, vestido que viralizou continua gerando pol\u00eamica e \u00e9 motivo de estudos<\/h1>\n<h2>V\u00eddeos sobre o caso continuam fazendo sucesso no TikTok e no X (ex-Twitter). Fatores ambientais e as nossas viv\u00eancias passadas explicam a &#039;confus\u00e3o&#039; de cor, dizem especialistas. <\/h2>\n<p> Por <a class=\"multi_signatures\" href=\"https:\/\/g1.globo.com\/autores\/darlan-helder\/\">Darlan Helder<\/a>, g1 <\/p>\n<p>  30\/01\/2024 05h02    Atualizado  30\/01\/2024    <\/p>\n<ul>\n<li>\n<p> O vestido que dividiu a internet entre #AzulePreto e #BrancoeDourado em 2015 continua gerando pol\u00eamica nas redes sociais. <\/p>\n<\/li>\n<li>\n<p> Especialistas acreditam que isso acontece porque as pessoas revivem a hist\u00f3ria e intensificam o debate defendendo o que enxergam. <\/p>\n<\/li>\n<li>\n<p> Uma neurocientista e um oftalmologista explicam que a diverg\u00eancia tem a ver com fatores ambientais e as percep\u00e7\u00f5es de cada um devem ser respeitadas. <\/p>\n<\/li>\n<\/ul>\n<p> O vestido que dividiu a internet entre #AzulePreto e #BrancoeDourado em 2015 continua gerando pol\u00eamica nas redes sociais. <\/p>\n<p> Especialistas acreditam que isso acontece porque as pessoas revivem a hist\u00f3ria e intensificam o debate defendendo o que enxergam. <\/p>\n<p> Uma neurocientista e um oftalmologista explicam que a diverg\u00eancia tem a ver com fatores ambientais e as percep\u00e7\u00f5es de cada um devem ser respeitadas. <\/p>\n<p>                   <img loading=\"lazy\" decoding=\"async\" class=\"aligncenter size-full wp-image-56974\" src=\"https:\/\/blog.corretoraideal.com.br\/wp-content\/uploads\/2024\/01\/quase-10-anos-depois-vestido-que-viralizou-continua-gerando-polemica.jpeg\" alt=\"Quase 10 anos depois, vestido que viralizou continua gerando pol\u00eamica\" width=\"800\" height=\"400\" \/>       <\/p>\n<p> Quase 10 anos depois, vestido que viralizou continua gerando pol\u00eamica <\/p>\n<p> Para alguns, azul e preto. Para outros, branco e dourado. Voc\u00ea certamente se lembra de uma das maiores pol\u00eamicas de 2015: o famoso vestido (#TheDress, como ficou conhecido) que <a class href=\"https:\/\/g1.globo.com\/tecnologia\/noticia\/2015\/02\/azul-e-preto-ou-branco-e-dourado-vestido-polemico-quebra-internet.html\">agitou a internet gerando debates sobre a real cor dele<\/a>. <\/p>\n<p> Quase 10 anos depois, muitas pessoas ainda t\u00eam curiosidade no assunto e as discuss\u00f5es em torno do vestido seguem movimentando comunidades de neuroci\u00eancia, al\u00e9m de posts no X (ex-<a class href=\"https:\/\/g1.globo.com\/tudo-sobre\/twitter\/\">Twitter<\/a>) e no <a class href=\"https:\/\/g1.globo.com\/tudo-sobre\/tiktok\/\">TikTok<\/a>, que nem existia na \u00e9poca do viral. <\/p>\n<p> Mas por que at\u00e9 hoje o tal vestido promove embates? ? <\/p>\n<p> O <a class href=\"https:\/\/g1.globo.com\/\">g1<\/a> conversou com um oftalmologista, uma neurocientista e um especialista em redes sociais. Eles afirmam que, passados todos esses anos, o caso ainda \u00e9 estudado e o fen\u00f4meno est\u00e1 mais relacionado com nossas viv\u00eancias. <\/p>\n<p> &quot;O entendimento de cor dos seres humanos tem rela\u00e7\u00e3o com quest\u00f5es biol\u00f3gicas e tamb\u00e9m com suas experi\u00eancias&quot;, explica Flavio Mac, que \u00e9 oftalmologista e diretor da Sociedade Brasileira de Oftalmologia (SBO). <\/p>\n<p> <strong>Nesta reportagem, voc\u00ea saber\u00e1:<\/strong> <\/p>\n<ul>\n<li><a class href=\"https:\/\/g1.globo.com\/tecnologia\/noticia\/2024\/01\/30\/azul-e-preto-ou-branco-e-dourado-quase-10-anos-depois-vestido-que-viralizou-continua-gerando-polemica-e-e-motivo-de-estudos.ghtml#comecou\">Como tudo isso come\u00e7ou? ?<\/a><\/li>\n<li><a class href=\"https:\/\/g1.globo.com\/tecnologia\/noticia\/2024\/01\/30\/azul-e-preto-ou-branco-e-dourado-quase-10-anos-depois-vestido-que-viralizou-continua-gerando-polemica-e-e-motivo-de-estudos.ghtml#coroficial\">Ent\u00e3o, qual \u00e9 a cor oficial? ?<\/a><\/li>\n<li><a class href=\"https:\/\/g1.globo.com\/tecnologia\/noticia\/2024\/01\/30\/azul-e-preto-ou-branco-e-dourado-quase-10-anos-depois-vestido-que-viralizou-continua-gerando-polemica-e-e-motivo-de-estudos.ghtml#divergncia\">O que explica a diverg\u00eancia de cor? ?\u200d\u2640\ufe0f<\/a><\/li>\n<\/ul>\n<p><h2>Como tudo isso come\u00e7ou? ?<\/h2>\n<\/p>\n<p>         1 de 3&#013;Postagem no Tumblr que iniciou a discuss\u00e3o sobre a cor do vestido \u2014 Foto: Reprodu\u00e7\u00e3o\/Tumblr    <\/p>\n<p> Postagem no Tumblr que iniciou a discuss\u00e3o sobre a cor do vestido \u2014 Foto: Reprodu\u00e7\u00e3o\/Tumblr <\/p>\n<p> O rolo todo se iniciou na Esc\u00f3cia. Na loja do vestido, uma mulher chamada Cecilia Bleasdale enviou imagens para sua filha de algumas op\u00e7\u00f5es de roupa que ela poderia usar no casamento da jovem. <\/p>\n<p> Bleasdale tirou tr\u00eas fotos, de tr\u00eas pe\u00e7as diferentes. &quot;A terceira fotografia que enviei foi a do vestido infame&quot;, disse ela em entrevista \u00e0 BBC. <\/p>\n<p> Referindo-se ao<a class href=\"https:\/\/g1.globo.com\/tecnologia\/noticia\/2016\/01\/apos-polemica-na-internet-vestido-mais-famoso-de-2015-pode-ser-alvo-de-batalha-judicial.html\"> <\/a>modelo que depois se tornou viral, a noiva ent\u00e3o disse: &quot;Este \u00e9 lindo, m\u00e3e. O branco e dourado&quot;. Cecilia, que enxerga azul e preto, estranhou a mensagem da filha e foi confirmar a cor com o marido, Paul Jinks, que tamb\u00e9m estava na loja. <\/p>\n<p> Para a sua surpresa, Jinks n\u00e3o conseguiu observar nada de azul e preto ali, deixando a cabe\u00e7a da esposa ainda mais confusa. <\/p>\n<p> No dia da cerim\u00f4nia, muitos dos convidados concordaram que o vestido realmente era azul e preto. Obviamente, n\u00e3o era uma unanimidade. <\/p>\n<p> A filha de Cecilia, ent\u00e3o, resolveu publicar a imagem da pe\u00e7a no <a class href=\"https:\/\/g1.globo.com\/tudo-sobre\/facebook\/\">Facebook<\/a>. J\u00e1 Caitlin McNeill, que fazia parte de uma banda de folk e tocou no tal casamento, tamb\u00e9m postou a foto no Tumblr, uma plataforma de blog (veja na imagem acima). <\/p>\n<p> Em 48 horas, a postagem no Tumblr recebeu mais de 400 mil coment\u00e1rios, segundo o Know Your Meme, um portal on-line considerado a Wikip\u00e9dia dos memes. <\/p>\n<p> Depois dessas postagens, a pol\u00eamica escalou. No dia 26 de fevereiro de 2015, #PretoeAzul e #BrancoEDourado <a class href=\"https:\/\/g1.globo.com\/tecnologia\/noticia\/2015\/02\/azul-e-preto-ou-branco-e-dourado-vestido-polemico-quebra-internet.html\">tomaram conta da internet, sendo um dos assuntos mais comentados<\/a> no Brasil e no mundo no Twitter. <\/p>\n<p> At\u00e9 as estrelas Taylor Swift, Lady Gaga, Justin Bieber, Demi Lovato e Kim Kardashian se posicionaram, <a class href=\"https:\/\/g1.globo.com\/pop-arte\/noticia\/2015\/02\/famosos-repercutem-em-redes-sociais-qual-e-cor-deste-vestido.html\">defendendo o que enxergavam ali<\/a>. <\/p>\n<p><h2>Ent\u00e3o, qual \u00e9 a cor oficial? ?<\/h2>\n<\/p>\n<p> Identificado como &quot;Royal-Blue Lace Detail Bodycon Dress&quot;, o vestido original \u00e9 <strong>azul e preto<\/strong>. Ele foi produzido pela marca inglesa Roman Originals e custava 50 libras (algo em torno de R$ 300 hoje). <\/p>\n<p> O <a class href=\"https:\/\/g1.globo.com\/\">g1 <\/a>verificou que a roupa n\u00e3o est\u00e1 mais dispon\u00edvel para compra, mas a empresa mant\u00e9m em seu site uma p\u00e1gina exclusiva para tratar do assunto. <\/p>\n<p> &quot;O fen\u00f4meno revelou diferen\u00e7as na percep\u00e7\u00e3o humana das cores que t\u00eam sido objeto de investiga\u00e7\u00e3o cient\u00edfica cont\u00ednua em neuroci\u00eancia e ci\u00eancia da vis\u00e3o. Fizemos at\u00e9 uma vers\u00e3o #WhiteandGold (branco e dourado) que foi leiloada para caridade&quot;, diz a Roman na p\u00e1gina especial. <\/p>\n<p> Segundo eles, ap\u00f3s viralizar, em 48 horas, 3.622.960 pessoas acessaram sua loja on-line para ver o vestido e todas as unidades dispon\u00edveis foram vendidas em apenas 34 minutos. A #thedress foi usada em 2.214.343 postagens nas redes sociais. <\/p>\n<p>         2 de 3&#013;Vestido Azul, dourado, preto, branco &#8211; 3 Cores \u2014 Foto: Reprodu\u00e7\u00e3o\/Tumblr    <\/p>\n<p> Vestido Azul, dourado, preto, branco &#8211; 3 Cores \u2014 Foto: Reprodu\u00e7\u00e3o\/Tumblr <\/p>\n<p> Jo\u00e3o Finamor, professor de marketing digital da ESPM e especialista em redes sociais, diz que \u00e9 natural que de tempos em tempos a discuss\u00e3o volte na internet e que seja estimulada por uma gera\u00e7\u00e3o mais nova que s\u00f3 ficou sabendo da pol\u00eamica agora. <\/p>\n<p> &quot;Al\u00e9m disso, tamb\u00e9m h\u00e1 pessoas que relembram a hist\u00f3ria e v\u00e3o para as redes defender o que enxergam&quot;, afirma. <\/p>\n<p> O caso do vestido n\u00e3o \u00e9 o \u00fanico a gerar debates. O Know Your Meme relembra que, em julho de 2015, a imagem de um sapato ao lado de dois esmaltes de tons de violeta gerou enorme repercuss\u00e3o nas redes por causa da cor. <\/p>\n<p> Naquela ocasi\u00e3o, uma usu\u00e1ria do Twitter publicou a imagem (<a class href=\"https:\/\/web.archive.org\/web\/20150709232731\/https:\/\/twitter.com\/totallymendes\/status\/618898681912279041\" target=\"_blank\" rel=\"noopener noreferrer\">veja aqui<\/a>) perguntando qual esmalte combinaria melhor com os sapatos. Mas algumas pessoas n\u00e3o enxergavam tons diferentes naqueles frascos, revivendo a pol\u00eamica das cores. <\/p>\n<p>         3 de 3&#013;Caso do esmalte de cores diferentes tamb\u00e9m viralizou em 2015 \u2014 Foto: Reprodu\u00e7\u00e3o\/Twitter via Wayback Machine    <\/p>\n<p> Caso do esmalte de cores diferentes tamb\u00e9m viralizou em 2015 \u2014 Foto: Reprodu\u00e7\u00e3o\/Twitter via Wayback Machine <\/p>\n<p><h2>O que explica a diverg\u00eancia da cor? ?\u200d\u2640\ufe0f<\/h2>\n<\/p>\n<p> Para o oftalmologista e diretor da Sociedade Brasileira de Oftalmologia (SBO), Flavio Mac, o caso do vestido \u00e9 complexo porque envolve a percep\u00e7\u00e3o de cor pelas pessoas. E essa vis\u00e3o \u00e9 subjetiva e n\u00e3o objetiva, explica. <\/p>\n<p> A neurocientista Cl\u00e1udia Feitosa-Santana conta que o efeito do #TheDress \u00e9 in\u00e9dito porque mostra que a nossa calibra\u00e7\u00e3o de cor nem sempre funciona da mesma forma. <\/p>\n<p> Cl\u00e1udia pesquisa sobre o fen\u00f4meno do vestido desde o in\u00edcio e revela em seu livro &quot;Eu controlo como me sinto: Como a neuroci\u00eancia pode ajudar voc\u00ea a construir uma vida mais feliz&quot; (2021) que a <strong>diverg\u00eancia de cor <\/strong><strong>tem mais a ver com fatores ambientais<\/strong><strong> do que gen\u00e9ticos<\/strong>, segundo estudos. <\/p>\n<p>&quot;Existem pesquisas que levam a crer que a exposi\u00e7\u00e3o com mais sol ou menos sol pode influenciar na nossa percep\u00e7\u00e3o de cores. E esses resultados tamb\u00e9m indicam que provavelmente a exposi\u00e7\u00e3o a um c\u00e9u azulado ou mais acinzentado pode modular a forma como percebemos as cores&quot;, disse Cl\u00e1udia em <a class href=\"https:\/\/g1.globo.com\/ciencia-e-saude\/noticia\/azul-e-preto-ou-branco-e-dourado-ciencia-desvenda-o-que-pode-fazer-voce-ver-vestidos-diferentes.ghtml\">entrevista ao g1, em 2018<\/a>. <\/p>\n<p> Em um artigo para o Hospital Albert Einstein, a profissional exemplifica: se voc\u00ea nasceu em uma regi\u00e3o em que a luz natural costumava ser mais quente, como amarelada ou alaranjada, ent\u00e3o muito provavelmente voc\u00ea enxergar\u00e1 o vestido como azul e preto. <\/p>\n<p> Flavio Mac concorda: &quot;O hist\u00f3rico de vida da pessoa tem muito a ver. Por exemplo, o quanto ela foi exposta a ambientes mais ou menos iluminados. O quanto ela esteve exposta a cores diferentes na inf\u00e2ncia tamb\u00e9m vai influenciar na interpreta\u00e7\u00e3o de cores na vida adulta&quot;, diz o oftalmologista. <\/p>\n<p>&quot;O local onde a pessoa viu a foto interfere, mas n\u00e3o s\u00f3 isso. A idade, o humor da pessoa no momento da visualiza\u00e7\u00e3o, a mem\u00f3ria e suas experi\u00eancias passadas tamb\u00e9m contam&quot;, completa. <\/p>\n<p> Ao <a class href=\"https:\/\/g1.globo.com\/\">g1<\/a>, Cl\u00e1udia Feitosa-Santana conta que at\u00e9 hoje o vestido \u00e9 analisado em grupos de neuroci\u00eancia. &quot;Recentemente, tanto em Oxford quanto no Castle of Rauischholzhausen, na Alemanha, falamos sobre esse viral e continuamos estudando&quot;, disse. <\/p>\n<p> &quot;A mensagem principal \u00e9 aprender a respeitar que o outro pode ver de forma diferente e a percep\u00e7\u00e3o dele \u00e9 t\u00e3o v\u00e1lida quanto a nossa, pois a maneira como vemos \u00e9 resultado da nossa hist\u00f3ria que engloba gen\u00e9tica e ambiente de forma muito ampla&quot;, finaliza a profissional. <\/p>\n<p> <strong>LEIA TAMB\u00c9M:<\/strong> <\/p>\n<ul>\n<li><a class href=\"https:\/\/g1.globo.com\/tecnologia\/noticia\/2016\/01\/apos-polemica-na-internet-vestido-mais-famoso-de-2015-pode-ser-alvo-de-batalha-judicial.html\">Ap\u00f3s pol\u00eamica na internet, vestido mais famoso de 2015 pode ser alvo de batalha judicial<\/a><\/li>\n<li><a class href=\"https:\/\/g1.globo.com\/tecnologia\/noticia\/2024\/01\/18\/galaxy-s24-e-iphone-15-apostam-no-titanio-em-suas-versoes-mais-caras-compare-os-celulares.ghtml\">Galaxy S24 e iPhone 15 apostam no tit\u00e2nio em suas vers\u00f5es mais caras; compare os celulares<\/a><\/li>\n<li><a class href=\"https:\/\/g1.globo.com\/tecnologia\/noticia\/2023\/12\/21\/lactea-meu-fii-influenciador-viraliza-com-videos-que-tiram-sarro-de-coisas-do-cotidiano.ghtml\">&#x27;Lactea Meu Fii&#x27;: influenciador viraliza com v\u00eddeos que tiram sarro de coisas do cotidiano<\/a><\/li>\n<\/ul>\n<p><h2>ASSISTA TAMB\u00c9M:<\/h2>\n<\/p>\n<p> <strong>Os bastidores, as estrat\u00e9gias e a rotina de quem ganha a vida vendendo v\u00eddeos de sexo: <\/strong> <\/p>\n<p>                   <img loading=\"lazy\" decoding=\"async\" class=\"aligncenter size-full wp-image-56975\" src=\"https:\/\/blog.corretoraideal.com.br\/wp-content\/uploads\/2024\/01\/os-bastidores-as-estrategias-e-a-rotina-de-quem-ganha-a-vida-vendendo-videos-de-sexo-4.jpeg\" alt=\"Os bastidores, as estrat\u00e9gias e a rotina de quem ganha a vida vendendo v\u00eddeos de sexo\" width=\"800\" height=\"400\" \/>       <\/p>\n<p> Os bastidores, as estrat\u00e9gias e a rotina de quem ganha a vida vendendo v\u00eddeos de sexo <\/p>\n<p> <strong>Jovens est\u00e3o trocando o Google pelo TikTok na hora fazer pesquisas<\/strong> <\/p>\n<p>                   <img loading=\"lazy\" decoding=\"async\" class=\"aligncenter size-full wp-image-56976\" src=\"https:\/\/blog.corretoraideal.com.br\/wp-content\/uploads\/2024\/01\/jovens-estao-trocando-o-google-pelo-tiktok-na-hora-fazer-pesquisas-7.jpeg\" alt=\"Jovens est\u00e3o trocando o Google pelo TikTok na hora fazer pesquisas\" width=\"800\" height=\"400\" \/>       <\/p>\n<p> Jovens est\u00e3o trocando o Google pelo TikTok na hora fazer pesquisas <\/p>\n<p> <strong>&#x27;Lactea Meu Fii&#x27;: Influencer de MG viraliza com v\u00eddeos que tiram sarro do cotidiano<\/strong> <\/p>\n<p>                   <img loading=\"lazy\" decoding=\"async\" class=\"aligncenter size-full wp-image-56977\" src=\"https:\/\/blog.corretoraideal.com.br\/wp-content\/uploads\/2024\/01\/imagem30-01-2024-12-01-42.jpeg\" alt=\"imagem30-01-2024-12-01-42\" width=\"800\" height=\"400\" \/>       <\/p>\n<p> &#8216;Lactea Meu Fii&#8217;: Influencer de MG viraliza com v\u00eddeos que tiram sarro do cotidiano <\/p>\n<ul>\n<li> <a href=\"https:\/\/g1.globo.com\/tudo-sobre\/facebook\/\" class=\"entities__list-itemLink\" data-track-click=\"Facebook\"> Facebook <\/a> <\/li>\n<li> <a href=\"https:\/\/g1.globo.com\/tudo-sobre\/tiktok\/\" class=\"entities__list-itemLink\" data-track-click=\"TikTok\"> TikTok <\/a> <\/li>\n<li> <a href=\"https:\/\/g1.globo.com\/tudo-sobre\/twitter\/\" class=\"entities__list-itemLink\" data-track-click=\"Twitter\"> Twitter <\/a> <\/li>\n<\/ul>\n<h3> <a id=\"js-next-article-desktop-link\" class=\"next-article-desktop-link\"><\/a> <\/h3>\n<h3> <a id=\"js-next-article-smart-link\" class=\"next-article-smart-link\"><\/a> <\/h3>\n<p>Veja tamb\u00e9m<\/p>\n<\/p>\n<\/p>\n<p>       Anterior   Pr\u00f3ximo     <\/p>\n","protected":false},"excerpt":{"rendered":"<p>Azul e preto ou branco e dourado? Quase 10 anos depois, vestido que viralizou continua gerando pol\u00eamica e \u00e9 motivo de estudos V\u00eddeos sobre o caso continuam fazendo sucesso no TikTok e no X (ex-Twitter). Fatores ambientais e as nossas viv\u00eancias passadas explicam a &#039;confus\u00e3o&#039; de cor, dizem especialistas. Por Darlan Helder, g1 30\/01\/2024 05h02 [&hellip;]<\/p>\n","protected":false},"author":1,"featured_media":0,"comment_status":"closed","ping_status":"closed","sticky":false,"template":"","format":"standard","meta":{"footnotes":""},"categories":[],"tags":[],"class_list":["post-56972","post","type-post","status-publish","format-standard","hentry"],"_links":{"self":[{"href":"https:\/\/blog.corretoraideal.com.br\/index.php\/wp-json\/wp\/v2\/posts\/56972","targetHints":{"allow":["GET"]}}],"collection":[{"href":"https:\/\/blog.corretoraideal.com.br\/index.php\/wp-json\/wp\/v2\/posts"}],"about":[{"href":"https:\/\/blog.corretoraideal.com.br\/index.php\/wp-json\/wp\/v2\/types\/post"}],"author":[{"embeddable":true,"href":"https:\/\/blog.corretoraideal.com.br\/index.php\/wp-json\/wp\/v2\/users\/1"}],"replies":[{"embeddable":true,"href":"https:\/\/blog.corretoraideal.com.br\/index.php\/wp-json\/wp\/v2\/comments?post=56972"}],"version-history":[{"count":1,"href":"https:\/\/blog.corretoraideal.com.br\/index.php\/wp-json\/wp\/v2\/posts\/56972\/revisions"}],"predecessor-version":[{"id":56978,"href":"https:\/\/blog.corretoraideal.com.br\/index.php\/wp-json\/wp\/v2\/posts\/56972\/revisions\/56978"}],"wp:attachment":[{"href":"https:\/\/blog.corretoraideal.com.br\/index.php\/wp-json\/wp\/v2\/media?parent=56972"}],"wp:term":[{"taxonomy":"category","embeddable":true,"href":"https:\/\/blog.corretoraideal.com.br\/index.php\/wp-json\/wp\/v2\/categories?post=56972"},{"taxonomy":"post_tag","embeddable":true,"href":"https:\/\/blog.corretoraideal.com.br\/index.php\/wp-json\/wp\/v2\/tags?post=56972"}],"curies":[{"name":"wp","href":"https:\/\/api.w.org\/{rel}","templated":true}]}}