{"id":56979,"date":"2024-01-30T15:29:39","date_gmt":"2024-01-30T15:29:39","guid":{"rendered":"https:\/\/blog.corretoraideal.com.br\/?p=56979"},"modified":"2024-01-30T15:29:39","modified_gmt":"2024-01-30T15:29:39","slug":"itamaraty-desaconselha-visitas-ao-machu-picchu-no-peru-por-conta-de-onda-de-protestos-turismo-e-viagem-g1","status":"publish","type":"post","link":"https:\/\/blog.corretoraideal.com.br\/index.php\/2024\/01\/30\/itamaraty-desaconselha-visitas-ao-machu-picchu-no-peru-por-conta-de-onda-de-protestos-turismo-e-viagem-g1\/","title":{"rendered":"Itamaraty desaconselha visitas ao Machu Picchu, no Peru, por conta de onda de protestos | Turismo e Viagem | G1"},"content":{"rendered":"<br \/>\n<h1>Itamaraty desaconselha visitas ao Machu Picchu, no Peru, por conta de onda de protestos <\/h1>\n<h2>Desde quinta-feira (25), manifestantes bloqueiam acesso ao s\u00edtio arqueol\u00f3gico, uma das sete maravilhas do mundo moderno, em protesto contra a privatiza\u00e7\u00e3o da venda de entradas. <\/h2>\n<p> Por g1 <\/p>\n<p>  30\/01\/2024 11h45    Atualizado  30\/01\/2024    <\/p>\n<p> O Itamaraty orientou nesta ter\u00e7a-feira (30)<strong> que turistas brasileiros evitem ir ao Machu Picchu<\/strong>, no <a class href=\"https:\/\/g1.globo.com\/tudo-sobre\/peru\/\">Peru<\/a>, por conta da onda de protestos e da greve na regi\u00e3o. <\/p>\n<p> Desde quinta-feira (25), <a class href=\"https:\/\/g1.globo.com\/turismo-e-viagem\/noticia\/2024\/01\/30\/por-que-machu-picchu-entrou-em-greve-por-tempo-indeterminado.ghtml\">moradores e trabalhadores locais fazem manifesta\u00e7\u00f5es e paralisa\u00e7\u00f5es no s\u00edtio arqueol\u00f3gico<\/a>, considerado <strong>uma das sete maravilhas do mundo<\/strong> moderno. Os manifestantes <strong>protestam contra a decis\u00e3o do governo local de privatizar a venda de ingressos<\/strong> ao parque. <\/p>\n<p> As paralisa\u00e7\u00f5es bloqueou o transporte ferrovi\u00e1rio de \u00c1guas Calientes, cidade de onde saem \u00f4nibus que levam os turistas at\u00e9 o Machu Picchu. <\/p>\n<p> Em comunicado,<strong> o Itamaraty desaconselha que turistas tentem entrar no distrito do parque por qualquer via<\/strong> &#8211; tamb\u00e9m \u00e9 poss\u00edvel chegar ao s\u00edtio arqueol\u00f3gico por meio de uma trilha. Aos brasileiros que est\u00e3o em \u00c1guas Calientes, o \u00f3rg\u00e3o pediu que os turistas entrem em contato com o Iper\u00fa, a entidade do governo peruano respons\u00e1vel pela assist\u00eancia tur\u00edstica. <\/p>\n<ul>\n<li><a class href=\"https:\/\/g1.globo.com\/mundo\/noticia\/2024\/01\/26\/agencia-de-ajuda-da-onu-investiga-funcionarios-suspeitos-de-participacao-em-ataques-contra-israel.ghtml\"><strong>\u2705 Clique aqui para seguir o canal de not\u00edcias internacionais do g1 no WhatsApp<\/strong><\/a><\/li>\n<\/ul>\n<p> Veja, abaixo, a nota na \u00edntegra:  <\/p>\n<p> A Embaixada do Brasil em Lima informa que desde o dia 25\/01\/24 t\u00eam sido registrados na regi\u00e3o de Machu Picchu protestos e greves, envolvendo inclusive a presta\u00e7\u00e3o de servi\u00e7os a turistas.  <\/p>\n<p> Desde aquela data est\u00e1 bloqueado o transporte ferrovi\u00e1rio para a cidade de Aguas Calientes (tamb\u00e9m conhecida como Machu Picchu Pueblo), principal forma de acesso ao Santu\u00e1rio Hist\u00f3rico de Machu Picchu. N\u00e3o h\u00e1, no momento, previs\u00e3o de restaura\u00e7\u00e3o do servi\u00e7o de transporte ferrovi\u00e1rio. <\/p>\n<p> A Embaixada orienta turistas brasileiros que estejam em Aguas Calientes a evitar deslocamentos desnecess\u00e1rios e a entrar em contato com a IPER\u00da &#8211; entidade do governo peruano que \u00e9 respons\u00e1vel pela assist\u00eancia ao turista e est\u00e1 coordenando a evacua\u00e7\u00e3o de turistas do local.  <\/p>\n<p> Para al\u00e9m de seu canal de atendimento por Whatsapp (+51 944 492 314), a IPER\u00da circulou formul\u00e1rio de cadastro para turistas que estejam retidos na regi\u00e3o (https:\/\/forms.gle\/vXf1U7sJC8CqqagG8), a fim de facilitar sua eventual evacua\u00e7\u00e3o. <\/p>\n<p> Adicionalmente, a Embaixada orienta turistas brasileiros no Peru a n\u00e3o tentarem ingressar no distrito de Machu Picchu at\u00e9 que esteja superado o contexto de greves e protestos. Visitas ao local devem ser evitadas inclusive com respeito a vias de acesso alternativas (caminhadas\/trilhas).  <\/p>\n<p> A Embaixada segue acompanhando de perto a situa\u00e7\u00e3o e mantendo contato com as autoridades locais. Cidad\u00e3os brasileiros podem entrar em contato com a Embaixada por -mail (consular.lima@itamaraty.gov.br) e, em caso de emerg\u00eancias, pelo telefone do plant\u00e3o consular (+51 985 039 263). <\/p>\n<ul>\n<li> <a href=\"https:\/\/g1.globo.com\/tudo-sobre\/peru\/\" class=\"entities__list-itemLink\" data-track-click=\"Peru\"> Peru <\/a> <\/li>\n<\/ul>\n<h3> <a id=\"js-next-article-desktop-link\" class=\"next-article-desktop-link\"><\/a> <\/h3>\n<h3> <a id=\"js-next-article-smart-link\" class=\"next-article-smart-link\"><\/a> <\/h3>\n<p>Veja tamb\u00e9m<\/p>\n<\/p>\n<\/p>\n<p>       Anterior   Pr\u00f3ximo     <\/p>\n","protected":false},"excerpt":{"rendered":"<p>Itamaraty desaconselha visitas ao Machu Picchu, no Peru, por conta de onda de protestos Desde quinta-feira (25), manifestantes bloqueiam acesso ao s\u00edtio arqueol\u00f3gico, uma das sete maravilhas do mundo moderno, em protesto contra a privatiza\u00e7\u00e3o da venda de entradas. Por g1 30\/01\/2024 11h45 Atualizado 30\/01\/2024 O Itamaraty orientou nesta ter\u00e7a-feira (30) que turistas brasileiros evitem [&hellip;]<\/p>\n","protected":false},"author":1,"featured_media":0,"comment_status":"closed","ping_status":"closed","sticky":false,"template":"","format":"standard","meta":{"footnotes":""},"categories":[],"tags":[],"class_list":["post-56979","post","type-post","status-publish","format-standard","hentry"],"_links":{"self":[{"href":"https:\/\/blog.corretoraideal.com.br\/index.php\/wp-json\/wp\/v2\/posts\/56979","targetHints":{"allow":["GET"]}}],"collection":[{"href":"https:\/\/blog.corretoraideal.com.br\/index.php\/wp-json\/wp\/v2\/posts"}],"about":[{"href":"https:\/\/blog.corretoraideal.com.br\/index.php\/wp-json\/wp\/v2\/types\/post"}],"author":[{"embeddable":true,"href":"https:\/\/blog.corretoraideal.com.br\/index.php\/wp-json\/wp\/v2\/users\/1"}],"replies":[{"embeddable":true,"href":"https:\/\/blog.corretoraideal.com.br\/index.php\/wp-json\/wp\/v2\/comments?post=56979"}],"version-history":[{"count":1,"href":"https:\/\/blog.corretoraideal.com.br\/index.php\/wp-json\/wp\/v2\/posts\/56979\/revisions"}],"predecessor-version":[{"id":56981,"href":"https:\/\/blog.corretoraideal.com.br\/index.php\/wp-json\/wp\/v2\/posts\/56979\/revisions\/56981"}],"wp:attachment":[{"href":"https:\/\/blog.corretoraideal.com.br\/index.php\/wp-json\/wp\/v2\/media?parent=56979"}],"wp:term":[{"taxonomy":"category","embeddable":true,"href":"https:\/\/blog.corretoraideal.com.br\/index.php\/wp-json\/wp\/v2\/categories?post=56979"},{"taxonomy":"post_tag","embeddable":true,"href":"https:\/\/blog.corretoraideal.com.br\/index.php\/wp-json\/wp\/v2\/tags?post=56979"}],"curies":[{"name":"wp","href":"https:\/\/api.w.org\/{rel}","templated":true}]}}