{"id":56982,"date":"2024-01-30T16:29:39","date_gmt":"2024-01-30T16:29:39","guid":{"rendered":"https:\/\/blog.corretoraideal.com.br\/?p=56982"},"modified":"2024-01-30T16:29:39","modified_gmt":"2024-01-30T16:29:39","slug":"endividamento-do-agro-preocupa-e-governo-estuda-medidas-estruturantes-diz-ministro-agronegocios-g1","status":"publish","type":"post","link":"https:\/\/blog.corretoraideal.com.br\/index.php\/2024\/01\/30\/endividamento-do-agro-preocupa-e-governo-estuda-medidas-estruturantes-diz-ministro-agronegocios-g1\/","title":{"rendered":"Endividamento do agro preocupa, e governo estuda &#039;medidas estruturantes&#039;, diz ministro | Agroneg\u00f3cios | G1"},"content":{"rendered":"<br \/>\n<h1>Endividamento do agro preocupa, e governo estuda &#039;medidas estruturantes&#039;, diz ministro <\/h1>\n<h2>Ministro da Agricultura, Carlos F\u00e1varo, diz que equipe econ\u00f4mica ainda analisa o tamanho da d\u00edvida e a possibilidade de renegocia\u00e7\u00e3o.<\/h2>\n<p> Por <a class=\"multi_signatures\" href=\"https:\/\/g1.globo.com\/autores\/lais-carregosa\/\">Lais Carregosa<\/a>, g1 &mdash; Bras\u00edlia <\/p>\n<p>  30\/01\/2024 12h59    Atualizado  30\/01\/2024    <\/p>\n<p> O ministro da Agricultura e Pecu\u00e1ria, <a class href=\"https:\/\/g1.globo.com\/politica\/politico\/carlos-henrique-baqueta-favaro\">Carlos F\u00e1varo<\/a>, afirmou nesta ter\u00e7a-feira (30) que o governo estuda sa\u00eddas para lidar com d\u00edvidas do setor agr\u00edcola que vencem em 2024. <\/p>\n<p> O endividamento do agro preocupa, e a \u00e1rea econ\u00f4mica deve fazer um diagn\u00f3stico do quadro para propor &quot;medidas estruturantes&quot; de acordo com F\u00e1varo. A an\u00e1lise deve dizer qual o montante da d\u00edvida que precisa de uma &quot;equaliza\u00e7\u00e3o&quot; da taxa de juros \u2013 e, talvez, de uma renegocia\u00e7\u00e3o do contrato. <\/p>\n<p> F\u00e1varo se encontrou com o ministro da Fazenda, Fernando Haddad, na manh\u00e3 desta ter\u00e7a-feira (30) para &quot;trazer um cen\u00e1rio da agropecu\u00e1ria brasileira\u201d. <\/p>\n<p> O pano de fundo s\u00e3o as varia\u00e7\u00f5es clim\u00e1ticas extremas, como a seca no Centro-Oeste e na regi\u00e3o do Tocantins, Maranh\u00e3o, Piau\u00ed e Bahia, al\u00e9m das chuvas no sul do pa\u00eds. <\/p>\n<p>\u201cA equipe do ministro Fernando Haddad come\u00e7a agora ent\u00e3o a desenhar cen\u00e1rios para que a gente possa, depois de conversar com o presidente Lula, apresentar ent\u00e3o algumas propostas ao setor para que a gente possa antecipadamente evitar uma crise que venha a acontecer com judicializa\u00e7\u00e3o, com recupera\u00e7\u00f5es judiciais, com inadimpl\u00eancia&quot;, disse F\u00e1varo a jornalistas. <\/p>\n<p> O ministro afirmou que planeja anunciar uma amplia\u00e7\u00e3o de cr\u00e9dito para o setor junto ao Banco Nacional de Desenvolvimento Econ\u00f4mico e Social (BNDES) na pr\u00f3xima sexta-feira (2). <\/p>\n<p>                       <img loading=\"lazy\" decoding=\"async\" class=\"aligncenter size-full wp-image-56984\" src=\"https:\/\/blog.corretoraideal.com.br\/wp-content\/uploads\/2024\/01\/pib-agricultura-vai-travar-o-crescimento-em-2024.jpeg\" alt=\"PIB: agricultura vai travar o crescimento em 2024\" width=\"800\" height=\"400\" \/>       <\/p>\n<p> PIB: agricultura vai travar o crescimento em 2024 <\/p>\n<p> Contudo, as medidas estruturantes devem ser anunciadas s\u00f3 em outro momento. <\/p>\n<p>\u201cA gente vai ent\u00e3o deixar o an\u00fancio do dia 2 [de fevereiro] acontecendo, mas as medidas estruturantes s\u00f3 depois que a equipe econ\u00f4mica ent\u00e3o fizer o levantamento, os custos, quanto vai custar isso, e depois que a gente apresentar ao presidente Lula. E quem vai determinar o que fazer, por \u00f3bvio, \u00e9 o presidente Lula\u201d, declarou. <\/p>\n<p> Segundo F\u00e1varo, o cen\u00e1rio \u00e9 de \u201cdistor\u00e7\u00e3o muito grande\u201d. Por um lado, a perspectiva do governo \u00e9 que a safra de soja supere a supersafra de 2023 em 15 milh\u00f5es de toneladas, \u201cs\u00f3 que com regi\u00f5es com grandes perdas\u201d. <\/p>\n<p> Al\u00e9m disso, h\u00e1 um cen\u00e1rio de redu\u00e7\u00e3o de pre\u00e7o da soja e outras commodities, junto a um endividamento que chega a 2024 como \u201cum passivo muito grande para o setor\u201d, afirma. <\/p>\n<p>                   <img loading=\"lazy\" decoding=\"async\" class=\"aligncenter size-full wp-image-56985\" src=\"https:\/\/blog.corretoraideal.com.br\/wp-content\/uploads\/2024\/01\/safra-de-soja-deve-ser-menor-em-partes-do-centro-oeste-e-preco-preocupa-produtor.jpeg\" alt=\"Safra de soja deve ser menor em partes do Centro Oeste e pre\u00e7o preocupa produtor\" width=\"800\" height=\"400\" \/>       <\/p>\n<p> Safra de soja deve ser menor em partes do Centro-Oeste e pre\u00e7o preocupa produtor <\/p>\n<ul>\n<li> <a href=\"https:\/\/g1.globo.com\/politica\/politico\/carlos-henrique-baqueta-favaro\" class=\"entities__list-itemLink\" data-track-click=\"Carlos F\u00e1varo\"> Carlos F\u00e1varo <\/a> <\/li>\n<\/ul>\n<h3> <a id=\"js-next-article-desktop-link\" class=\"next-article-desktop-link\"><\/a> <\/h3>\n<h3> <a id=\"js-next-article-smart-link\" class=\"next-article-smart-link\"><\/a> <\/h3>\n<p>Veja tamb\u00e9m<\/p>\n<\/p>\n<\/p>\n<p>       Anterior   Pr\u00f3ximo     <\/p>\n","protected":false},"excerpt":{"rendered":"<p>Endividamento do agro preocupa, e governo estuda &#039;medidas estruturantes&#039;, diz ministro Ministro da Agricultura, Carlos F\u00e1varo, diz que equipe econ\u00f4mica ainda analisa o tamanho da d\u00edvida e a possibilidade de renegocia\u00e7\u00e3o. Por Lais Carregosa, g1 &mdash; Bras\u00edlia 30\/01\/2024 12h59 Atualizado 30\/01\/2024 O ministro da Agricultura e Pecu\u00e1ria, Carlos F\u00e1varo, afirmou nesta ter\u00e7a-feira (30) que o [&hellip;]<\/p>\n","protected":false},"author":1,"featured_media":0,"comment_status":"closed","ping_status":"closed","sticky":false,"template":"","format":"standard","meta":{"footnotes":""},"categories":[],"tags":[],"class_list":["post-56982","post","type-post","status-publish","format-standard","hentry"],"_links":{"self":[{"href":"https:\/\/blog.corretoraideal.com.br\/index.php\/wp-json\/wp\/v2\/posts\/56982","targetHints":{"allow":["GET"]}}],"collection":[{"href":"https:\/\/blog.corretoraideal.com.br\/index.php\/wp-json\/wp\/v2\/posts"}],"about":[{"href":"https:\/\/blog.corretoraideal.com.br\/index.php\/wp-json\/wp\/v2\/types\/post"}],"author":[{"embeddable":true,"href":"https:\/\/blog.corretoraideal.com.br\/index.php\/wp-json\/wp\/v2\/users\/1"}],"replies":[{"embeddable":true,"href":"https:\/\/blog.corretoraideal.com.br\/index.php\/wp-json\/wp\/v2\/comments?post=56982"}],"version-history":[{"count":1,"href":"https:\/\/blog.corretoraideal.com.br\/index.php\/wp-json\/wp\/v2\/posts\/56982\/revisions"}],"predecessor-version":[{"id":56986,"href":"https:\/\/blog.corretoraideal.com.br\/index.php\/wp-json\/wp\/v2\/posts\/56982\/revisions\/56986"}],"wp:attachment":[{"href":"https:\/\/blog.corretoraideal.com.br\/index.php\/wp-json\/wp\/v2\/media?parent=56982"}],"wp:term":[{"taxonomy":"category","embeddable":true,"href":"https:\/\/blog.corretoraideal.com.br\/index.php\/wp-json\/wp\/v2\/categories?post=56982"},{"taxonomy":"post_tag","embeddable":true,"href":"https:\/\/blog.corretoraideal.com.br\/index.php\/wp-json\/wp\/v2\/tags?post=56982"}],"curies":[{"name":"wp","href":"https:\/\/api.w.org\/{rel}","templated":true}]}}