{"id":56994,"date":"2024-01-30T19:29:36","date_gmt":"2024-01-30T19:29:36","guid":{"rendered":"https:\/\/blog.corretoraideal.com.br\/?p=56994"},"modified":"2024-01-30T19:29:36","modified_gmt":"2024-01-30T19:29:36","slug":"beneficiarios-do-programa-minha-casa-minha-vida-em-macae-sao-convocados-para-escolha-de-unidades-habitacionais-norte-fluminense-g1","status":"publish","type":"post","link":"https:\/\/blog.corretoraideal.com.br\/index.php\/2024\/01\/30\/beneficiarios-do-programa-minha-casa-minha-vida-em-macae-sao-convocados-para-escolha-de-unidades-habitacionais-norte-fluminense-g1\/","title":{"rendered":"Benefici\u00e1rios do programa Minha Casa Minha Vida em Maca\u00e9 s\u00e3o convocados para escolha de unidades habitacionais | Norte Fluminense | G1"},"content":{"rendered":"<br \/>\n<h1>Benefici\u00e1rios do programa Minha Casa Minha Vida em Maca\u00e9 s\u00e3o convocados para escolha de unidades habitacionais<\/h1>\n<h2>Listagem com os nomes foi publicada em dois editais e est\u00e1 disponibilizada para consulta no Portal da Prefeitura. Benefici\u00e1rios devem se apresentar desta quarta (31) at\u00e9 o dia 9 de fevereiro.<\/h2>\n<p> Por g1 &mdash; Maca\u00e9 <\/p>\n<p>  30\/01\/2024 14h32    Atualizado  30\/01\/2024    <\/p>\n<p>                      1 de 1&#013;Pr\u00e9dios do Minha Casa Minha Vida em Maca\u00e9 \u2014 Foto: Ascom Maca\u00e9\/Divulga\u00e7\u00e3o    <\/p>\n<p> Pr\u00e9dios do Minha Casa Minha Vida em Maca\u00e9 \u2014 Foto: Ascom Maca\u00e9\/Divulga\u00e7\u00e3o <\/p>\n<p> Benefici\u00e1rios do programa Minha Casa Minha Vida em <a class href=\"https:\/\/g1.globo.com\/rj\/regiao-dos-lagos\/cidade\/macae\/\">Maca\u00e9<\/a>, no Norte Fluminense, est\u00e3o sendo convocados para fazer a escolha de unidades habitacionais. <\/p>\n<p> Trata-se de uma nova convoca\u00e7\u00e3o feita pela Secretaria Municipal Adjunta de Habita\u00e7\u00e3o e Fundo Municipal de Habita\u00e7\u00e3o de Interesse Social por meio da Lei Municipal n\u00ba 3.278\/2009. A informa\u00e7\u00e3o foi divulgada nesta ter\u00e7a-feira (30). <\/p>\n<p> Foram publicados dois editais no Portal da Prefeitura, contendo as seguintes listagens com os nomes e CPFs dos convocados: <\/p>\n<ul>\n<li>Acesse a lista de <a class href=\"https:\/\/macae.rj.gov.br\/midia\/conteudo\/arquivos\/1706716764.pdf\" target=\"_blank\" rel=\"noopener noreferrer\">convoca\u00e7\u00e3o de benefici\u00e1rios para escolha de unidade habitacional<\/a><\/li>\n<li>Acesse a lista de convoca\u00e7\u00e3o de <a class href=\"https:\/\/macae.rj.gov.br\/midia\/conteudo\/arquivos\/1706661625.pdf\" target=\"_blank\" rel=\"noopener noreferrer\">benefici\u00e1rios para cumprimento de dilig\u00eancias na documenta\u00e7\u00e3o<\/a><\/li>\n<\/ul>\n<p><h2>Servi\u00e7o<\/h2>\n<\/p>\n<ul>\n<li><strong>Per\u00edodo para se apresentar:<\/strong> de 31\/01\/2024 a 09\/02\/2024<\/li>\n<li><strong>Onde:<\/strong> Secretaria Municipal Adjunta de Habita\u00e7\u00e3o, localizada na Avenida Lacerda Agostinho, 477, Linha Azul, no Hotel de Deus, localizado no bairro Virgem Santa<\/li>\n<li><strong>Hor\u00e1rio de atendimento:<\/strong> das 9h \u00e0s 12h e 14h \u00e0s 16h<\/li>\n<\/ul>\n<p> A Prefeitura lembra que as pessoas devem levar toda a documenta\u00e7\u00e3o original, sob pena de desclassifica\u00e7\u00e3o no processo. <\/p>\n<ul>\n<li> <a href=\"https:\/\/g1.globo.com\/rj\/regiao-dos-lagos\/cidade\/macae\/\" class=\"entities__list-itemLink\" data-track-click=\"Maca\u00e9\"> Maca\u00e9 <\/a> <\/li>\n<\/ul>\n<h3> <a id=\"js-next-article-desktop-link\" class=\"next-article-desktop-link\"><\/a> <\/h3>\n<h3> <a id=\"js-next-article-smart-link\" class=\"next-article-smart-link\"><\/a> <\/h3>\n<p>Veja tamb\u00e9m<\/p>\n<\/p>\n<\/p>\n<p>       Anterior   Pr\u00f3ximo     <\/p>\n","protected":false},"excerpt":{"rendered":"<p>Benefici\u00e1rios do programa Minha Casa Minha Vida em Maca\u00e9 s\u00e3o convocados para escolha de unidades habitacionais Listagem com os nomes foi publicada em dois editais e est\u00e1 disponibilizada para consulta no Portal da Prefeitura. Benefici\u00e1rios devem se apresentar desta quarta (31) at\u00e9 o dia 9 de fevereiro. Por g1 &mdash; Maca\u00e9 30\/01\/2024 14h32 Atualizado 30\/01\/2024 [&hellip;]<\/p>\n","protected":false},"author":1,"featured_media":0,"comment_status":"closed","ping_status":"closed","sticky":false,"template":"","format":"standard","meta":{"footnotes":""},"categories":[],"tags":[],"class_list":["post-56994","post","type-post","status-publish","format-standard","hentry"],"_links":{"self":[{"href":"https:\/\/blog.corretoraideal.com.br\/index.php\/wp-json\/wp\/v2\/posts\/56994","targetHints":{"allow":["GET"]}}],"collection":[{"href":"https:\/\/blog.corretoraideal.com.br\/index.php\/wp-json\/wp\/v2\/posts"}],"about":[{"href":"https:\/\/blog.corretoraideal.com.br\/index.php\/wp-json\/wp\/v2\/types\/post"}],"author":[{"embeddable":true,"href":"https:\/\/blog.corretoraideal.com.br\/index.php\/wp-json\/wp\/v2\/users\/1"}],"replies":[{"embeddable":true,"href":"https:\/\/blog.corretoraideal.com.br\/index.php\/wp-json\/wp\/v2\/comments?post=56994"}],"version-history":[{"count":1,"href":"https:\/\/blog.corretoraideal.com.br\/index.php\/wp-json\/wp\/v2\/posts\/56994\/revisions"}],"predecessor-version":[{"id":56996,"href":"https:\/\/blog.corretoraideal.com.br\/index.php\/wp-json\/wp\/v2\/posts\/56994\/revisions\/56996"}],"wp:attachment":[{"href":"https:\/\/blog.corretoraideal.com.br\/index.php\/wp-json\/wp\/v2\/media?parent=56994"}],"wp:term":[{"taxonomy":"category","embeddable":true,"href":"https:\/\/blog.corretoraideal.com.br\/index.php\/wp-json\/wp\/v2\/categories?post=56994"},{"taxonomy":"post_tag","embeddable":true,"href":"https:\/\/blog.corretoraideal.com.br\/index.php\/wp-json\/wp\/v2\/tags?post=56994"}],"curies":[{"name":"wp","href":"https:\/\/api.w.org\/{rel}","templated":true}]}}