{"id":56997,"date":"2024-01-30T20:29:57","date_gmt":"2024-01-30T20:29:57","guid":{"rendered":"https:\/\/blog.corretoraideal.com.br\/?p=56997"},"modified":"2024-01-30T20:29:57","modified_gmt":"2024-01-30T20:29:57","slug":"por-que-machu-picchu-entrou-em-greve-por-tempo-indeterminado-turismo-e-viagem-g1","status":"publish","type":"post","link":"https:\/\/blog.corretoraideal.com.br\/index.php\/2024\/01\/30\/por-que-machu-picchu-entrou-em-greve-por-tempo-indeterminado-turismo-e-viagem-g1\/","title":{"rendered":"Por que Machu Picchu entrou em \u2018greve por tempo indeterminado\u2019? | Turismo e Viagem | G1"},"content":{"rendered":"<br \/>\n<h1>Por que Machu Picchu entrou em \u2018greve por tempo indeterminado\u2019?<\/h1>\n<h2>A venda de ingressos para Machu Picchu por uma empresa privada gerou uma s\u00e9rie de protestos que est\u00e3o afetando o turismo e a economia local.<\/h2>\n<p>       <a href=\"http:\/\/www.bbc.com\/portuguese\" target=\"_blank\" rel=\"noopener noreferrer\">    <\/a>   <\/p>\n<p> Por BBC <\/p>\n<p>  30\/01\/2024 03h00    Atualizado  30\/01\/2024    <\/p>\n<p>                         1 de 3&#013;Machu Picchu, no Peru \u2014 Foto: AFP    <\/p>\n<p> Machu Picchu, no Peru \u2014 Foto: AFP <\/p>\n<p> Sa\u00edda de turistas, protestos, fechamento de empresas e uma \u201cgreve por tempo indeterminado\u201d. <\/p>\n<p> Esse \u00e9 atual cen\u00e1rio em Machu Picchu, o ic\u00f4nico s\u00edtio arqueol\u00f3gico do Peru considerado uma das sete maravilhas do mundo moderno. <\/p>\n<p> A situa\u00e7\u00e3o conturbada ocorre depois que uma empresa privada, a Joinnus, assumiu a comercializa\u00e7\u00e3o dos ingressos do local. <\/p>\n<p> Os manifestantes consideram que a novidade representa uma \u201cprivatiza\u00e7\u00e3o sistem\u00e1tica\u201d da cidade inca e, pelo quarto dia consecutivo desde quinta-feira (25\/01), os operadores tur\u00edsticos e moradores mantiveram os seus neg\u00f3cios fechados e bloquearam o acesso \u00e0 regi\u00e3o em protesto. <\/p>\n<p> As atividades dos trens que levam as pessoas ao parque arqueol\u00f3gico tamb\u00e9m foram suspensas por precau\u00e7\u00e3o, causando a sa\u00edda \u00e0s pressas de centenas de turistas. <\/p>\n<p> Machu Picchu \u00e9 uma das joias do turismo peruano que atraiu cerca de 4,5 milh\u00f5es de visitantes ao pa\u00eds antes da pandemia do coronav\u00edrus em 2020. <\/p>\n<p><h2>O que pedem os manifestantes?<\/h2>\n<\/p>\n<p> Os manifestantes exigem o cancelamento do contrato com a Joinnus. <\/p>\n<p> Ap\u00f3s negocia\u00e7\u00f5es infrut\u00edferas entre os ministros da Cultura e do Com\u00e9rcio Exterior e Turismo, o prefeito de Machu Picchu e o governador Werner Salcedo declararam neste domingo (28\/1) a \u201cradicaliza\u00e7\u00e3o\u201d da greve. <\/p>\n<p> Grande parte dos protestos s\u00e3o dirigidos contra a ministra da Cultura peruana, Leslie Urteaga, a quem culpam por permitir a venda de ingressos pela Joinnus. <\/p>\n<p> \u201cMinistra da Cultura, n\u00e3o alugue Machu Picchu, alugue sua casa\u201d, dizia uma das faixas carregadas pelos manifestantes. <\/p>\n<p> Eles tamb\u00e9m questionam \u201ca cobran\u00e7a de uma comiss\u00e3o de 3,9% por ingresso vendido\u201d pela empresa, segundo comunicado do coletivo popular de Machu Picchu. <\/p>\n<p> Urteaga negou que a venda de ingressos estivesse sendo privatizada, defendeu que \u201cMachu Picchu pertence a todos os peruanos\u201d e prop\u00f4s uma mesa de di\u00e1logo para encontrar uma solu\u00e7\u00e3o. <\/p>\n<p> A empresa Joinnus, por outro lado, disse que se colocou \u201c\u00e0 disposi\u00e7\u00e3o\u201d do Minist\u00e9rio da Cultura para iniciar um novo processo seletivo caso seja necess\u00e1rio e que \u201crenunciou voluntariamente ao recebimento da comiss\u00e3o vari\u00e1vel por ingresso por um per\u00edodo de seis meses.&quot; <\/p>\n<p> Mas essas declara\u00e7\u00f5es n\u00e3o parecem ter acalmado os manifestantes, que aguardam agora o resultado de negocia\u00e7\u00f5es marcadas para essa ter\u00e7a-feira, 30 de janeiro. <\/p>\n<p>         2 de 3&#013;Por que Machu Picchu entrou em \u2018greve por tempo indeterminado\u2019? \u2014 Foto: Getty Images    <\/p>\n<p> Por que Machu Picchu entrou em \u2018greve por tempo indeterminado\u2019? \u2014 Foto: Getty Images <\/p>\n<p><h2>Golpe para o turismo<\/h2>\n<\/p>\n<p> O turismo est\u00e1 sendo a grande v\u00edtima da paralisa\u00e7\u00e3o por tempo indeterminado. <\/p>\n<p> Centenas de visitantes n\u00e3o conseguiram acessar a atra\u00e7\u00e3o tur\u00edstica ou voltar para suas acomoda\u00e7\u00f5es, o que levou as autoridades a intervir para realoj\u00e1-los. <\/p>\n<p> V\u00e1rios ve\u00edculos de imprensa publicaram imagens de turistas completando a viagem a Machu Picchu a p\u00e9 e sob chuva. <\/p>\n<p> Carlos Gonz\u00e1lez, presidente da C\u00e2mara de Com\u00e9rcio e Turismo de Ollantaytambo, outro importante ponto de acesso \u00e0s ru\u00ednas, estimou em at\u00e9 1.800 o n\u00famero de turistas que precisaram ser retirados. <\/p>\n<p> A Defensoria P\u00fablica do Peru \u201crecha\u00e7ou o bloqueio de estradas pelos manifestantes\u201d e insistiu que \u201ctodas as reivindica\u00e7\u00f5es devem ser canalizadas para o di\u00e1logo\u201d. <\/p>\n<p> O direito de protestar \u201cn\u00e3o d\u00e1 poder aos manifestantes para impedir a livre circula\u00e7\u00e3o ou afetar os direitos de outras pessoas\u201d, acrescentou a defensoria. <\/p>\n<p> Os fechamentos tamb\u00e9m prejudicaram a economia local. <\/p>\n<p> Roland Llave, reitor da Faculdade deTurismo de Cuzco, disse \u00e0 r\u00e1dio peruana RPP que \u201co impacto \u00e9 de milh\u00f5es de soles\u201d para as fam\u00edlias da regi\u00e3o. Elas dependem em grande parte do fluxo de viajantes que precisam de guias, hotelaria e alojamento. <\/p>\n<p><h2>Os problemas de Machu Picchu<\/h2>\n<\/p>\n<p> Machu Picchu, declarado em 1983 Patrim\u00f4nio Mundial da Organiza\u00e7\u00e3o das Na\u00e7\u00f5es Unidas para a Educa\u00e7\u00e3o, a Ci\u00eancia e a Cultura (Unesco), enfrentou v\u00e1rios desafios nos \u00faltimos tempos. <\/p>\n<p> No final de dezembro, os minist\u00e9rios da Cultura, do Com\u00e9rcio Exterior e do Turismo e do Meio Ambiente anunciaram o aumento do n\u00famero de visitantes para at\u00e9 5.600 pessoas em dias espec\u00edficos e 4.500 em datas comuns. <\/p>\n<p> Durante d\u00e9cadas, Machu Picchu sofreu problemas de conserva\u00e7\u00e3o e sustentabilidade devido ao elevado n\u00famero de visitantes. <\/p>\n<p> Em setembro, o pr\u00f3prio Minist\u00e9rio da Cultura anunciou o encerramento da visita a tr\u00eas setores da cidade inca devido ao desgaste dos seus elementos l\u00edticos. <\/p>\n<p> Antes, no in\u00edcio de 2023, a atra\u00e7\u00e3o ficou fechada por cerca de um m\u00eas devido a bloqueios feitos por protestos contra o governo. <\/p>\n<p>         3 de 3&#013;Machu Picchu \u2014 Foto: AFP    <\/p>\n<p> Machu Picchu \u2014 Foto: AFP <\/p>\n<ul> <\/ul>\n<h3> <a id=\"js-next-article-desktop-link\" class=\"next-article-desktop-link\"><\/a> <\/h3>\n<h3> <a id=\"js-next-article-smart-link\" class=\"next-article-smart-link\"><\/a> <\/h3>\n<p>Veja tamb\u00e9m<\/p>\n<\/p>\n<\/p>\n<p>       Anterior   Pr\u00f3ximo     <\/p>\n","protected":false},"excerpt":{"rendered":"<p>Por que Machu Picchu entrou em \u2018greve por tempo indeterminado\u2019? A venda de ingressos para Machu Picchu por uma empresa privada gerou uma s\u00e9rie de protestos que est\u00e3o afetando o turismo e a economia local. Por BBC 30\/01\/2024 03h00 Atualizado 30\/01\/2024 1 de 3&#013;Machu Picchu, no Peru \u2014 Foto: AFP Machu Picchu, no Peru \u2014 [&hellip;]<\/p>\n","protected":false},"author":1,"featured_media":0,"comment_status":"closed","ping_status":"closed","sticky":false,"template":"","format":"standard","meta":{"footnotes":""},"categories":[],"tags":[],"class_list":["post-56997","post","type-post","status-publish","format-standard","hentry"],"_links":{"self":[{"href":"https:\/\/blog.corretoraideal.com.br\/index.php\/wp-json\/wp\/v2\/posts\/56997","targetHints":{"allow":["GET"]}}],"collection":[{"href":"https:\/\/blog.corretoraideal.com.br\/index.php\/wp-json\/wp\/v2\/posts"}],"about":[{"href":"https:\/\/blog.corretoraideal.com.br\/index.php\/wp-json\/wp\/v2\/types\/post"}],"author":[{"embeddable":true,"href":"https:\/\/blog.corretoraideal.com.br\/index.php\/wp-json\/wp\/v2\/users\/1"}],"replies":[{"embeddable":true,"href":"https:\/\/blog.corretoraideal.com.br\/index.php\/wp-json\/wp\/v2\/comments?post=56997"}],"version-history":[{"count":1,"href":"https:\/\/blog.corretoraideal.com.br\/index.php\/wp-json\/wp\/v2\/posts\/56997\/revisions"}],"predecessor-version":[{"id":56999,"href":"https:\/\/blog.corretoraideal.com.br\/index.php\/wp-json\/wp\/v2\/posts\/56997\/revisions\/56999"}],"wp:attachment":[{"href":"https:\/\/blog.corretoraideal.com.br\/index.php\/wp-json\/wp\/v2\/media?parent=56997"}],"wp:term":[{"taxonomy":"category","embeddable":true,"href":"https:\/\/blog.corretoraideal.com.br\/index.php\/wp-json\/wp\/v2\/categories?post=56997"},{"taxonomy":"post_tag","embeddable":true,"href":"https:\/\/blog.corretoraideal.com.br\/index.php\/wp-json\/wp\/v2\/tags?post=56997"}],"curies":[{"name":"wp","href":"https:\/\/api.w.org\/{rel}","templated":true}]}}