{"id":57000,"date":"2024-01-30T21:29:42","date_gmt":"2024-01-30T21:29:42","guid":{"rendered":"https:\/\/blog.corretoraideal.com.br\/?p=57000"},"modified":"2024-01-30T21:29:42","modified_gmt":"2024-01-30T21:29:42","slug":"em-gesto-de-simbolismo-politico-lula-assinara-ficha-de-refiliacao-de-marta-ao-pt-blog-ana-flor-g1","status":"publish","type":"post","link":"https:\/\/blog.corretoraideal.com.br\/index.php\/2024\/01\/30\/em-gesto-de-simbolismo-politico-lula-assinara-ficha-de-refiliacao-de-marta-ao-pt-blog-ana-flor-g1\/","title":{"rendered":"Em gesto de simbolismo pol\u00edtico, Lula assinar\u00e1 ficha de refilia\u00e7\u00e3o de Marta ao PT | Blog Ana Flor | G1"},"content":{"rendered":"\n<p> Por Ana Flor <\/p>\n<p> Jornalista e comentarista da GloboNews.<\/p>\n<h1>Em gesto de simbolismo pol\u00edtico, Lula assinar\u00e1 ficha de refilia\u00e7\u00e3o de Marta ao PT<\/h1>\n<\/p>\n<p>  30\/01\/2024 18h07    Atualizado  30\/01\/2024    <\/p>\n<p> O presidente Luiz In\u00e1cio <a class href=\"https:\/\/g1.globo.com\/politica\/politico\/lula\/\">Lula<\/a> da Silva vai abonar a ficha de refilia\u00e7\u00e3o de Marta Suplicy ao PT, na pr\u00f3xima sexta-feira, em S\u00e3o Paulo. O evento, previsto para a sexta-feira (2), marca a volta ao partido da ex-prefeita de S\u00e3o Paulo, que tamb\u00e9m j\u00e1 ocupou cargos de ministra e foi ainda senadora pelo PT. <\/p>\n<p> Muitos partidos e, em especial o PT, t\u00eam uma tradi\u00e7\u00e3o de valorizar o simbolismo de quem assina a ficha da entrada de um novo filiado. \u00c9 uma esp\u00e9cie de padrinho pol\u00edtico. <\/p>\n<p> No caso de Marta, a refilia\u00e7\u00e3o foi costurada por Lula, que j\u00e1 planejava o nome da ex-prefeita para a vaga de vice de <a class href=\"https:\/\/g1.globo.com\/politica\/politico\/guilherme-boulos\/\">Guilherme Boulos<\/a>, candidato do PSOL \u00e0 prefeitura da capital. <\/p>\n<p>                   <img loading=\"lazy\" decoding=\"async\" class=\"aligncenter size-full wp-image-57002\" src=\"https:\/\/blog.corretoraideal.com.br\/wp-content\/uploads\/2024\/01\/filiacao-de-marta-suplicy-ao-pt-sera-dia-2-de-fevereiro.jpeg\" alt=\"Filia\u00e7\u00e3o de Marta Suplicy ao PT ser\u00e1 dia 2 de fevereiro\" width=\"800\" height=\"400\" \/>       <\/p>\n<p> Filia\u00e7\u00e3o de Marta Suplicy ao PT ser\u00e1 dia 2 de fevereiro <\/p>\n<ul>\n<li> <a href=\"https:\/\/g1.globo.com\/politica\/politico\/guilherme-boulos\/\" class=\"entities__list-itemLink\" data-track-click=\"Guilherme Boulos\"> Guilherme Boulos <\/a> <\/li>\n<li> <a href=\"https:\/\/g1.globo.com\/politica\/politico\/lula\/\" class=\"entities__list-itemLink\" data-track-click=\"Lula\"> Lula <\/a> <\/li>\n<\/ul>\n<h3> <a id=\"js-next-article-desktop-link\" class=\"next-article-desktop-link\"><\/a> <\/h3>\n<h3> <a id=\"js-next-article-smart-link\" class=\"next-article-smart-link\"><\/a> <\/h3>\n<p>Veja tamb\u00e9m<\/p>\n<\/p>\n<\/p>\n<p>       Anterior   Pr\u00f3ximo     <\/p>\n","protected":false},"excerpt":{"rendered":"<p>Por Ana Flor Jornalista e comentarista da GloboNews. Em gesto de simbolismo pol\u00edtico, Lula assinar\u00e1 ficha de refilia\u00e7\u00e3o de Marta ao PT 30\/01\/2024 18h07 Atualizado 30\/01\/2024 O presidente Luiz In\u00e1cio Lula da Silva vai abonar a ficha de refilia\u00e7\u00e3o de Marta Suplicy ao PT, na pr\u00f3xima sexta-feira, em S\u00e3o Paulo. O evento, previsto para a [&hellip;]<\/p>\n","protected":false},"author":1,"featured_media":0,"comment_status":"closed","ping_status":"closed","sticky":false,"template":"","format":"standard","meta":{"footnotes":""},"categories":[],"tags":[],"class_list":["post-57000","post","type-post","status-publish","format-standard","hentry"],"_links":{"self":[{"href":"https:\/\/blog.corretoraideal.com.br\/index.php\/wp-json\/wp\/v2\/posts\/57000","targetHints":{"allow":["GET"]}}],"collection":[{"href":"https:\/\/blog.corretoraideal.com.br\/index.php\/wp-json\/wp\/v2\/posts"}],"about":[{"href":"https:\/\/blog.corretoraideal.com.br\/index.php\/wp-json\/wp\/v2\/types\/post"}],"author":[{"embeddable":true,"href":"https:\/\/blog.corretoraideal.com.br\/index.php\/wp-json\/wp\/v2\/users\/1"}],"replies":[{"embeddable":true,"href":"https:\/\/blog.corretoraideal.com.br\/index.php\/wp-json\/wp\/v2\/comments?post=57000"}],"version-history":[{"count":1,"href":"https:\/\/blog.corretoraideal.com.br\/index.php\/wp-json\/wp\/v2\/posts\/57000\/revisions"}],"predecessor-version":[{"id":57003,"href":"https:\/\/blog.corretoraideal.com.br\/index.php\/wp-json\/wp\/v2\/posts\/57000\/revisions\/57003"}],"wp:attachment":[{"href":"https:\/\/blog.corretoraideal.com.br\/index.php\/wp-json\/wp\/v2\/media?parent=57000"}],"wp:term":[{"taxonomy":"category","embeddable":true,"href":"https:\/\/blog.corretoraideal.com.br\/index.php\/wp-json\/wp\/v2\/categories?post=57000"},{"taxonomy":"post_tag","embeddable":true,"href":"https:\/\/blog.corretoraideal.com.br\/index.php\/wp-json\/wp\/v2\/tags?post=57000"}],"curies":[{"name":"wp","href":"https:\/\/api.w.org\/{rel}","templated":true}]}}