{"id":57004,"date":"2024-01-30T22:29:33","date_gmt":"2024-01-30T22:29:33","guid":{"rendered":"https:\/\/blog.corretoraideal.com.br\/?p=57004"},"modified":"2024-01-30T22:29:33","modified_gmt":"2024-01-30T22:29:33","slug":"paypal-vai-demitir-9-de-sua-forca-de-trabalho-tecnologia-g1","status":"publish","type":"post","link":"https:\/\/blog.corretoraideal.com.br\/index.php\/2024\/01\/30\/paypal-vai-demitir-9-de-sua-forca-de-trabalho-tecnologia-g1\/","title":{"rendered":"PayPal vai demitir 9% de sua for\u00e7a de trabalho | Tecnologia | G1"},"content":{"rendered":"<br \/>\n<h1>PayPal vai demitir 9% de sua for\u00e7a de trabalho<\/h1>\n<h2>Medida representa corte de 2.500 vagas de trabalho, segundo a Bloomberg News e a Reuters. Em carta para funcion\u00e1rios, o presidente-executivo do servi\u00e7o de pagamentos afirmou que decis\u00e3o foi tomada para dimensionar corretamente a empresa. <\/h2>\n<p>  30\/01\/2024 17h38    Atualizado  30\/01\/2024    <\/p>\n<p>                      1 de 1&#013;PayPal \u2014 Foto: Reuters\/Thomas White    <\/p>\n<p> PayPal \u2014 Foto: Reuters\/Thomas White <\/p>\n<p> O servi\u00e7o de pagamentos PayPal vai demitir cerca de 9% de sua for\u00e7a de trabalho, informaram nesta ter\u00e7a-feira (30) a Bloomberg e a Reuters. Os ve\u00edculos tiveram acesso a uma carta enviada para os funcion\u00e1rios da empresa pelo presidente-executivo Alex Chriss. <\/p>\n<p> A redu\u00e7\u00e3o vai representar um corte de cerca de 2.500 vagas de trabalho no PayPal e acontece em um momento em que a empresa enfrenta dificuldades com mais concorr\u00eancia na \u00e1rea de pagamentos, de acordo com a Bloomberg. <\/p>\n<p> Na carta, Chriss afirmou que a decis\u00e3o foi tomada para dimensionar corretamente a empresa e ser\u00e1 realizada por meio de demiss\u00f5es diretas e de elimina\u00e7\u00f5es de vagas em aberto. Os funcion\u00e1rios inclu\u00eddos nos cortes ser\u00e3o informados at\u00e9 o final desta semana. <\/p>\n<p> O executivo afirmou que a redu\u00e7\u00e3o da equipe vai permitir que o PayPal avance na velocidade exigida para seguir um crescimento lucrativo. &quot;Continuaremos a investir em \u00e1reas de neg\u00f3cios que acreditamos que criar\u00e3o e acelerar\u00e3o o crescimento&quot;, afirmou Chriss. <\/p>\n<p> Esta \u00e9 a segunda rodada de demiss\u00f5es no PayPal desde que a companhia contratou cerca de 29.900 funcion\u00e1rios no final de 2022. A primeira aconteceu j\u00e1 no in\u00edcio de 2023, <a class href=\"https:\/\/g1.globo.com\/economia\/noticia\/2023\/02\/01\/paypal-vai-demitir-7-de-sua-forca-de-trabalho.ghtml\">quando o servi\u00e7o anunciou que reduziria sua for\u00e7a de trabalho em 7%<\/a>, o equivalente a 2.000 empregos. <\/p>\n<p> Alex Chriss foi nomeado presidente-executivo do PayPal em agosto de 2023. Ele substituiu Dan Schulman, que estava no cargo desde 2014 e havia anunciado a inten\u00e7\u00e3o de se aposentar. <\/p>\n<p> Em novembro, Chriss disse que esperava aumentar a receita fora do volume puramente relacionado a transa\u00e7\u00f5es e se comprometeu a tornar a empresa mais enxuta, reduzindo sua base de custos. <\/p>\n<ul> <\/ul>\n<h3> <a id=\"js-next-article-desktop-link\" class=\"next-article-desktop-link\"><\/a> <\/h3>\n<h3> <a id=\"js-next-article-smart-link\" class=\"next-article-smart-link\"><\/a> <\/h3>\n<p>Veja tamb\u00e9m<\/p>\n<\/p>\n<\/p>\n<p>       Anterior   Pr\u00f3ximo     <\/p>\n","protected":false},"excerpt":{"rendered":"<p>PayPal vai demitir 9% de sua for\u00e7a de trabalho Medida representa corte de 2.500 vagas de trabalho, segundo a Bloomberg News e a Reuters. Em carta para funcion\u00e1rios, o presidente-executivo do servi\u00e7o de pagamentos afirmou que decis\u00e3o foi tomada para dimensionar corretamente a empresa. 30\/01\/2024 17h38 Atualizado 30\/01\/2024 1 de 1&#013;PayPal \u2014 Foto: Reuters\/Thomas White [&hellip;]<\/p>\n","protected":false},"author":1,"featured_media":0,"comment_status":"closed","ping_status":"closed","sticky":false,"template":"","format":"standard","meta":{"footnotes":""},"categories":[],"tags":[],"class_list":["post-57004","post","type-post","status-publish","format-standard","hentry"],"_links":{"self":[{"href":"https:\/\/blog.corretoraideal.com.br\/index.php\/wp-json\/wp\/v2\/posts\/57004","targetHints":{"allow":["GET"]}}],"collection":[{"href":"https:\/\/blog.corretoraideal.com.br\/index.php\/wp-json\/wp\/v2\/posts"}],"about":[{"href":"https:\/\/blog.corretoraideal.com.br\/index.php\/wp-json\/wp\/v2\/types\/post"}],"author":[{"embeddable":true,"href":"https:\/\/blog.corretoraideal.com.br\/index.php\/wp-json\/wp\/v2\/users\/1"}],"replies":[{"embeddable":true,"href":"https:\/\/blog.corretoraideal.com.br\/index.php\/wp-json\/wp\/v2\/comments?post=57004"}],"version-history":[{"count":1,"href":"https:\/\/blog.corretoraideal.com.br\/index.php\/wp-json\/wp\/v2\/posts\/57004\/revisions"}],"predecessor-version":[{"id":57006,"href":"https:\/\/blog.corretoraideal.com.br\/index.php\/wp-json\/wp\/v2\/posts\/57004\/revisions\/57006"}],"wp:attachment":[{"href":"https:\/\/blog.corretoraideal.com.br\/index.php\/wp-json\/wp\/v2\/media?parent=57004"}],"wp:term":[{"taxonomy":"category","embeddable":true,"href":"https:\/\/blog.corretoraideal.com.br\/index.php\/wp-json\/wp\/v2\/categories?post=57004"},{"taxonomy":"post_tag","embeddable":true,"href":"https:\/\/blog.corretoraideal.com.br\/index.php\/wp-json\/wp\/v2\/tags?post=57004"}],"curies":[{"name":"wp","href":"https:\/\/api.w.org\/{rel}","templated":true}]}}