{"id":57033,"date":"2024-01-31T12:29:36","date_gmt":"2024-01-31T12:29:36","guid":{"rendered":"https:\/\/blog.corretoraideal.com.br\/?p=57033"},"modified":"2024-01-31T12:29:36","modified_gmt":"2024-01-31T12:29:36","slug":"desemprego-cai-a-74-no-trimestre-terminado-em-dezembro-diz-ibge-economia-g1","status":"publish","type":"post","link":"https:\/\/blog.corretoraideal.com.br\/index.php\/2024\/01\/31\/desemprego-cai-a-74-no-trimestre-terminado-em-dezembro-diz-ibge-economia-g1\/","title":{"rendered":"Desemprego cai a 7,4% no trimestre terminado em dezembro, diz IBGE | Economia | G1"},"content":{"rendered":"<br \/>\n<h1>Desemprego cai a 7,4% no trimestre terminado em dezembro, diz IBGE<\/h1>\n<h2>Desocupa\u00e7\u00e3o ainda atinge 8,1 milh\u00f5es de brasileiros. Por outro lado, popula\u00e7\u00e3o ocupada chegou a mais um recorde hist\u00f3rico, de 101 milh\u00f5es de pessoas. A m\u00e9dia anual de 2023 ficou em 7,8%. <\/h2>\n<p> Por <a class=\"multi_signatures\" href=\"https:\/\/g1.globo.com\/autores\/raphael-martins\/\">Raphael Martins<\/a>, g1 <\/p>\n<p>  31\/01\/2024 09h00    Atualizado  31\/01\/2024    <\/p>\n<p>                   1 de 1&#013;Carteira de trabalho \u2014 Foto: Mauro Pimentel\/AFP\/Arquivo    <\/p>\n<p> Carteira de trabalho \u2014 Foto: Mauro Pimentel\/AFP\/Arquivo <\/p>\n<p> A <strong>taxa de desemprego no Brasil foi de 7,4% no quarto trimestre de 2023<\/strong>, segundo a Pesquisa Nacional por Amostra de Domic\u00edlios (PNAD) Cont\u00ednua, divulgada nesta quarta-feira (31) pelo Instituto Brasileiro de Geografia e Estat\u00edstica (<a class href=\"https:\/\/g1.globo.com\/tudo-sobre\/ibge\/\">IBGE<\/a>). A <a class href=\"https:\/\/g1.globo.com\/economia\/noticia\/2024\/01\/31\/desemprego-cai-para-media-de-78percent-em-2023-diz-ibge.ghtml\">m\u00e9dia anual de 2023 ficou em 7,8%.<\/a> (saiba mais abaixo) <\/p>\n<p> Em rela\u00e7\u00e3o ao trimestre imediatamente anterior, entre julho e setembro, o per\u00edodo traz redu\u00e7\u00e3o de 0,3 ponto percentual (7,7%) na taxa de desocupa\u00e7\u00e3o. No mesmo trimestre de 2022, a taxa era de 7,9%. \u00c9 a menor taxa trimestral desde janeiro de 2015. Para um trimestre encerrado em dezembro, desde 2014. <\/p>\n<p> Com os resultados deste trimestre, o n\u00famero absoluto de desocupados teve queda de 2,8% contra o trimestre anterior, <strong>atingindo 8,1 milh\u00f5es de pessoas.<\/strong> O pa\u00eds chegou ao menor contingente de desocupados em n\u00fameros absolutos desde o trimestre m\u00f3vel encerrado em mar\u00e7o de 2015. <\/p>\n<p> No trimestre, houve crescimento de 1,1% na popula\u00e7\u00e3o ocupada, <strong>que chegou ao recorde de 101 milh\u00f5es de pessoas, maior n\u00famero da s\u00e9rie hist\u00f3rica iniciada em 2012.<\/strong> No ano, o aumento foi de 1,6%, com mais 1,6 milh\u00e3o de pessoas ocupadas. <\/p>\n<p> Assim, o percentual de pessoas ocupadas na popula\u00e7\u00e3o em idade de trabalhar \u2014 chamado de n\u00edvel da ocupa\u00e7\u00e3o \u2014 foi estimado em 57,6%, alta de 0,5 p.p. no trimestre. Em rela\u00e7\u00e3o ao mesmo trimestre do ano anterior, a alta \u00e9 de 0,4 p.p. <\/p>\n<p> O n\u00famero de pessoas dentro da for\u00e7a de trabalho (soma de ocupados e desocupados), teve alta de 0,8% no trimestre, estimado em 109,1 milh\u00f5es. <strong>A popula\u00e7\u00e3o fora da for\u00e7a totalizou 66,3 milh\u00f5es, uma redu\u00e7\u00e3o de 0,8% no per\u00edodo.<\/strong> <\/p>\n<p><h2>Veja os destaques da pesquisa<\/h2>\n<\/p>\n<ul>\n<li>Taxa de desocupa\u00e7\u00e3o: 7,4%<\/li>\n<li>Popula\u00e7\u00e3o desocupada: 8,1 milh\u00f5es de pessoas<\/li>\n<li>Popula\u00e7\u00e3o ocupada: 101 milh\u00f5es<\/li>\n<li>Popula\u00e7\u00e3o fora da for\u00e7a de trabalho: 66,3 milh\u00f5es<\/li>\n<li>Popula\u00e7\u00e3o desalentada: 3,5 milh\u00f5es<\/li>\n<li>Empregados com carteira assinada: 37,9 milh\u00f5es<\/li>\n<li>Empregados sem carteira assinada: 13,5 milh\u00f5es<\/li>\n<li>Trabalhadores por conta pr\u00f3pria: 25,6 milh\u00f5es<\/li>\n<li>Trabalhadores dom\u00e9sticos: 6 milh\u00f5es<\/li>\n<li>Trabalhadores informais: 39,5 milh\u00f5es<\/li>\n<li>Taxa de informalidade: 39,1%<\/li>\n<\/ul>\n<p><h2>Carteira assinada bate recorde<\/h2>\n<\/p>\n<p> Com 37,9 milh\u00f5es de trabalhadores no setor privado com carteira assinada, <strong>o contingente foi recorde da s\u00e9rie hist\u00f3rica, desde 2012.<\/strong> Houve alta de 1,6% no trimestre e de 3% na compara\u00e7\u00e3o anual. <\/p>\n<p> Empregados sem carteira no setor privado (13,5 milh\u00f5es), trabalhadores por conta pr\u00f3pria (25,6 milh\u00f5es), o de empregadores (4,2 milh\u00f5es) e o de empregados no setor p\u00fablico (12,2 milh\u00f5es) ficaram est\u00e1veis na medi\u00e7\u00e3o de dezembro. <\/p>\n<p><h2>Rendimento em alta<\/h2>\n<\/p>\n<p> O <strong>rendimento real habitual ficou est\u00e1vel frente ao trimestre anterior, e passou a R$ 3.032.<\/strong> No ano, o crescimento foi de 3,1%. &quot;Houve aumento no grupamento Administra\u00e7\u00e3o p\u00fablica, defesa, seguridade social, educa\u00e7\u00e3o, sa\u00fade humana e servi\u00e7os sociais (2%). Os demais grupamentos n\u00e3o apresentaram varia\u00e7\u00e3o significativa&quot;, destaca o IBGE. <\/p>\n<p> J\u00e1 a massa de rendimento real habitual foi estimada <strong>em R$ 301,6 bilh\u00f5es, mais um recorde da s\u00e9rie hist\u00f3rica do IBGE. <\/strong>O resultado subiu 2,1% frente ao trimestre anterior, e cresceu 5% na compara\u00e7\u00e3o anual. <\/p>\n<p><h2>Taxa m\u00e9dia de desemprego em 2023<\/h2>\n<\/p>\n<p> A <a class href=\"https:\/\/g1.globo.com\/economia\/noticia\/2024\/01\/31\/desemprego-cai-para-media-de-78percent-em-2023-diz-ibge.ghtml\">taxa de m\u00e9dia de desemprego no Brasil em 2023 foi de 7,8%.<\/a> Esse \u00e9 o menor patamar desde 2014, quando a taxa foi de 7%. O resultado tamb\u00e9m representa uma redu\u00e7\u00e3o em rela\u00e7\u00e3o aos n\u00fameros registrados em 2022, quando <a class href=\"https:\/\/g1.globo.com\/economia\/noticia\/2023\/02\/28\/brasil-encerra-2022-com-taxa-de-desemprego-media-de-93percent.ghtml\">a taxa m\u00e9dia de desemprego foi de 9,3%.<\/a> <\/p>\n<p>&quot;O resultado anual \u00e9 o menor desde 2014, confirmando a tend\u00eancia j\u00e1 apresentada em 2022 de recupera\u00e7\u00e3o do mercado de trabalho ap\u00f3s o impacto da pandemia da Covid-19&quot;, afirmou o IBGE, em nota.<\/p>\n<ul>\n<li> <a href=\"https:\/\/g1.globo.com\/tudo-sobre\/ibge\/\" class=\"entities__list-itemLink\" data-track-click=\"IBGE\"> IBGE <\/a> <\/li>\n<\/ul>\n<h3> <a id=\"js-next-article-desktop-link\" class=\"next-article-desktop-link\"><\/a> <\/h3>\n<h3> <a id=\"js-next-article-smart-link\" class=\"next-article-smart-link\"><\/a> <\/h3>\n<p>Veja tamb\u00e9m<\/p>\n<\/p>\n<\/p>\n<p>       Anterior   Pr\u00f3ximo     <\/p>\n","protected":false},"excerpt":{"rendered":"<p>Desemprego cai a 7,4% no trimestre terminado em dezembro, diz IBGE Desocupa\u00e7\u00e3o ainda atinge 8,1 milh\u00f5es de brasileiros. Por outro lado, popula\u00e7\u00e3o ocupada chegou a mais um recorde hist\u00f3rico, de 101 milh\u00f5es de pessoas. A m\u00e9dia anual de 2023 ficou em 7,8%. Por Raphael Martins, g1 31\/01\/2024 09h00 Atualizado 31\/01\/2024 1 de 1&#013;Carteira de trabalho [&hellip;]<\/p>\n","protected":false},"author":1,"featured_media":0,"comment_status":"closed","ping_status":"closed","sticky":false,"template":"","format":"standard","meta":{"footnotes":""},"categories":[],"tags":[],"class_list":["post-57033","post","type-post","status-publish","format-standard","hentry"],"_links":{"self":[{"href":"https:\/\/blog.corretoraideal.com.br\/index.php\/wp-json\/wp\/v2\/posts\/57033","targetHints":{"allow":["GET"]}}],"collection":[{"href":"https:\/\/blog.corretoraideal.com.br\/index.php\/wp-json\/wp\/v2\/posts"}],"about":[{"href":"https:\/\/blog.corretoraideal.com.br\/index.php\/wp-json\/wp\/v2\/types\/post"}],"author":[{"embeddable":true,"href":"https:\/\/blog.corretoraideal.com.br\/index.php\/wp-json\/wp\/v2\/users\/1"}],"replies":[{"embeddable":true,"href":"https:\/\/blog.corretoraideal.com.br\/index.php\/wp-json\/wp\/v2\/comments?post=57033"}],"version-history":[{"count":1,"href":"https:\/\/blog.corretoraideal.com.br\/index.php\/wp-json\/wp\/v2\/posts\/57033\/revisions"}],"predecessor-version":[{"id":57035,"href":"https:\/\/blog.corretoraideal.com.br\/index.php\/wp-json\/wp\/v2\/posts\/57033\/revisions\/57035"}],"wp:attachment":[{"href":"https:\/\/blog.corretoraideal.com.br\/index.php\/wp-json\/wp\/v2\/media?parent=57033"}],"wp:term":[{"taxonomy":"category","embeddable":true,"href":"https:\/\/blog.corretoraideal.com.br\/index.php\/wp-json\/wp\/v2\/categories?post=57033"},{"taxonomy":"post_tag","embeddable":true,"href":"https:\/\/blog.corretoraideal.com.br\/index.php\/wp-json\/wp\/v2\/tags?post=57033"}],"curies":[{"name":"wp","href":"https:\/\/api.w.org\/{rel}","templated":true}]}}