{"id":57036,"date":"2024-01-31T13:30:08","date_gmt":"2024-01-31T13:30:08","guid":{"rendered":"https:\/\/blog.corretoraideal.com.br\/?p=57036"},"modified":"2024-01-31T13:30:08","modified_gmt":"2024-01-31T13:30:08","slug":"o-bonus-de-r-275-bilhoes-da-tesla-a-elon-musk-que-causa-polemica-e-foi-bloqueado-pela-justica-dos-eua-tecnologia-g1","status":"publish","type":"post","link":"https:\/\/blog.corretoraideal.com.br\/index.php\/2024\/01\/31\/o-bonus-de-r-275-bilhoes-da-tesla-a-elon-musk-que-causa-polemica-e-foi-bloqueado-pela-justica-dos-eua-tecnologia-g1\/","title":{"rendered":"O b\u00f4nus de R$ 275 bilh\u00f5es da Tesla a Elon Musk que causa pol\u00eamica e foi bloqueado pela Justi\u00e7a dos EUA | Tecnologia | G1"},"content":{"rendered":"<br \/>\n<h1>O b\u00f4nus de R$ 275 bilh\u00f5es da Tesla a Elon Musk que causa pol\u00eamica e foi bloqueado pela Justi\u00e7a dos EUA<\/h1>\n<h2>Uma ju\u00edza do Estado de Delaware, nos Estados Unidos, anulou um acordo de um b\u00f4nus salarial concedido ao bilion\u00e1rio em 2018. Segundo ela, quantia n\u00e3o \u00e9 justa com os demais acionistas.<\/h2>\n<p>       <a href=\"http:\/\/www.bbc.com\/portuguese\" target=\"_blank\" rel=\"noopener noreferrer\">    <\/a>   <\/p>\n<p> Por BBC <\/p>\n<p>  31\/01\/2024 08h44    Atualizado  31\/01\/2024    <\/p>\n<p>                         1 de 1&#013;A\u00e7\u00e3o contra b\u00f4nus salarial a Elon Musk foi ajuizada por um acionista que argumentou que se tratava de pagamento excessivo \u2014 Foto: GETTY IMAGES    <\/p>\n<p> A\u00e7\u00e3o contra b\u00f4nus salarial a Elon Musk foi ajuizada por um acionista que argumentou que se tratava de pagamento excessivo \u2014 Foto: GETTY IMAGES <\/p>\n<p> Uma ju\u00edza do Estado de Delaware, nos Estados Unidos, anulou um acordo de um b\u00f4nus salarial de US$ 55,8 bilh\u00f5es (cerca de R$ 275 bilh\u00f5es) <a class href=\"https:\/\/www.bbc.com\/portuguese\/internacional-43027325?xtor=AL-73-%5Bpartner%5D-%5Bg1%5D-%5Blink%5D-%5Bbrazil%5D-%5Bbizdev%5D-%5Bisapi%5D\" target=\"_blank\" rel=\"noopener noreferrer\">concedido a Elon Musk<\/a> em 2018 pela <a class href=\"https:\/\/www.bbc.com\/portuguese\/articles\/cp6r11y47r9o?xtor=AL-73-%5Bpartner%5D-%5Bg1%5D-%5Blink%5D-%5Bbrazil%5D-%5Bbizdev%5D-%5Bisapi%5D\" target=\"_blank\" rel=\"noopener noreferrer\">empresa de carros el\u00e9tricos Tesla<\/a>. <\/p>\n<p> A a\u00e7\u00e3o foi ajuizada por um acionista que argumentou que se tratava de pagamento excessivo. <\/p>\n<p> A ju\u00edza Kathaleen McCormick disse que a compensa\u00e7\u00e3o salarial a Musk \u00e9 &quot;uma quantia inimagin\u00e1vel&quot; de dinheiro que n\u00e3o \u00e9 justa com os demais acionistas. Ela decidiu que o acordo deveria ser cancelado. <\/p>\n<p> Musk pode entrar com recurso na Suprema Corte de Delaware. <\/p>\n<p> Em uma postagem no X (antigo Twitter), plataforma social que pertence a Musk, ele escreveu: &quot;Nunca constitua sua empresa no estado de Delaware&quot;. <\/p>\n<p> O acordo salarial, decidido em 2018, foi o maior de todos os tempos na hist\u00f3ria corporativa, e contribuiu para tornar Musk a <a class href=\"https:\/\/www.bbc.com\/portuguese\/geral-64576409?xtor=AL-73-%5Bpartner%5D-%5Bg1%5D-%5Blink%5D-%5Bbrazil%5D-%5Bbizdev%5D-%5Bisapi%5D\" target=\"_blank\" rel=\"noopener noreferrer\">pessoa mais rica do mundo. <\/a>Bloomberg e Forbes estimaram o patrim\u00f4nio l\u00edquido de Musk entre US$ 198 bilh\u00f5es (R$ 980 bi) e US$ 220 bilh\u00f5es (R$ 1,089 tri), em novembro de 2023. <\/p>\n<p> <strong>Leia tamb\u00e9m:<\/strong> <\/p>\n<ul>\n<li><a class href=\"https:\/\/g1.globo.com\/inovacao\/noticia\/2024\/01\/30\/como-e-o-chip-cerebral-implantado-pela-empresa-de-elon-musk-em-uma-pessoa.ghtml\">Como \u00e9 o chip cerebral implantado pela empresa de Elon Musk em uma pessoa<\/a><\/li>\n<li><strong>Azul e preto ou branco e dourado? <\/strong><a class href=\"https:\/\/g1.globo.com\/tecnologia\/noticia\/2024\/01\/30\/azul-e-preto-ou-branco-e-dourado-quase-10-anos-depois-vestido-que-viralizou-continua-gerando-polemica-e-e-motivo-de-estudos.ghtml\">Quase 10 anos depois, vestido que viralizou continua gerando pol\u00eamica e \u00e9 motivo de estudos<\/a><\/li>\n<\/ul>\n<p> O pacote da Tesla vinculou a remunera\u00e7\u00e3o de Musk a metas de desempenho, como o pre\u00e7o das a\u00e7\u00f5es da Tesla e a lucratividade. A informa\u00e7\u00e3o \u00e9 de que ele n\u00e3o recebe sal\u00e1rio pela empresa. <\/p>\n<p> Durante o julgamento, que durou uma semana, os advogados argumentaram que o acordo foi feito para garantir que Musk \u2014 segundo eles, um dos empres\u00e1rios mais din\u00e2micos do mundo \u2014 continue se dedicando \u00e0 empresa. <\/p>\n<p> Mas a ju\u00edza McCormick disse, em sua decis\u00e3o, que os diretores da Tesla foram &quot;varridos pela ret\u00f3rica&quot; em torno do &quot;apelo de superstar&quot; de Musk. <\/p>\n<p> Al\u00e9m disso, disse que Musk tinha &quot;extensos la\u00e7os&quot; com os funcion\u00e1rios da Tesla encarregados de negociar o pr\u00eamio salarial. Ela citou o relacionamento de 15 anos dele com o presidente do comit\u00ea de remunera\u00e7\u00e3o, Ira Ehrenpreis. <\/p>\n<p> Ela afirmou, ainda, que Musk tamb\u00e9m tinha rela\u00e7\u00f5es comerciais, de mais de 20 anos, com outro membro do comit\u00ea de remunera\u00e7\u00e3o, Antonio Gracia. <\/p>\n<p> Ap\u00f3s a divulga\u00e7\u00e3o da decis\u00e3o, Greg Varallo, advogado do acionista da Tesla que apresentou a\u00e7\u00e3o, Richard Tornetta, disse que foi um &quot;bom dia para os mocinhos&quot;, em um e-mail relatado pela ag\u00eancia de not\u00edcias Reuters. <\/p>\n<p> &quot;Dado que a ju\u00edza concluiu que Musk est\u00e1 no controle do conselho, \u00e9 dif\u00edcil justificar uma transa\u00e7\u00e3o como esta&quot;, disse Brian Quinn, professor da Boston College Law School (EUA), \u00e0 BBC. <\/p>\n<p> As a\u00e7\u00f5es da Tesla ca\u00edram cerca de 2,5% em Nova York. Neste ano, elas j\u00e1 perderam mais de 20% de seu valor. <\/p>\n<p> Musk tamb\u00e9m postou no X: &quot;Recomendo a constitui\u00e7\u00e3o de empresa em Nevada ou no Texas se voc\u00ea preferir que os acionistas decidam os assuntos&quot;. <\/p>\n<p> Ele ent\u00e3o postou uma enquete perguntando a seus seguidores se a Tesla deveria ou n\u00e3o &quot;mudar seu estado de incorpora\u00e7\u00e3o para o Texas, onde fica a sua sede f\u00edsica&quot;. <\/p>\n<p> Brian Quinn afirmou que &quot;essa \u00e9 uma quest\u00e3o para os acionistas da Tesla, n\u00e3o para seus seguidores no Twitter&quot;. <\/p>\n<p> Al\u00e9m de ser o executivo-chefe e principal acionista da Tesla, Musk tamb\u00e9m possui v\u00e1rias outras empresas \u2014 incluindo a plataforma de m\u00eddia social X, a empresa de foguetes SpaceX e a empresa de chips cerebrais Neuralink. <\/p>\n<p> Ap\u00f3s vender uma grande parte de sua participa\u00e7\u00e3o na Tesla para comprar o X, Musk atualmente possui cerca de 13% da montadora de carros el\u00e9tricos. Recentemente, ele disse que deseja ter uma participa\u00e7\u00e3o maior na empresa. <\/p>\n<p> Musk disse estar preocupado com os investimentos da Tesla em tecnologia de intelig\u00eancia artificial (IA). <\/p>\n<p> &quot;N\u00e3o me sinto confort\u00e1vel em fazer da Tesla l\u00edder em IA e rob\u00f3tica sem ter 25% de controle de voto&quot;, disse ele em uma postagem nas redes sociais. <\/p>\n<p> Ele disse que a atual estrutura acion\u00e1ria torna a Tesla vulner\u00e1vel a uma &quot;aquisi\u00e7\u00e3o por interesses duvidosos&quot; e quer mais controle sobre sua dire\u00e7\u00e3o. <\/p>\n<p> &quot;A menos que seja esse o caso, preferiria construir produtos fora da Tesla&quot;, disse Musk. <\/p>\n<p>                   <img loading=\"lazy\" decoding=\"async\" class=\"aligncenter size-full wp-image-57038\" src=\"https:\/\/blog.corretoraideal.com.br\/wp-content\/uploads\/2024\/01\/os-bastidores-as-estrategias-e-a-rotina-de-quem-ganha-a-vida-vendendo-videos-de-sexo-5.jpeg\" alt=\"Os bastidores, as estrat\u00e9gias e a rotina de quem ganha a vida vendendo v\u00eddeos de sexo\" width=\"800\" height=\"400\" \/>       <\/p>\n<p> Os bastidores, as estrat\u00e9gias e a rotina de quem ganha a vida vendendo v\u00eddeos de sexo <\/p>\n<p>                    <img loading=\"lazy\" decoding=\"async\" class=\"aligncenter size-full wp-image-57039\" src=\"https:\/\/blog.corretoraideal.com.br\/wp-content\/uploads\/2024\/01\/quase-10-anos-depois-vestido-que-viralizou-continua-gerando-polemica-1.jpeg\" alt=\"Quase 10 anos depois, vestido que viralizou continua gerando pol\u00eamica\" width=\"800\" height=\"400\" \/>       <\/p>\n<p> Quase 10 anos depois, vestido que viralizou continua gerando pol\u00eamica <\/p>\n<ul>\n<li> <a href=\"https:\/\/g1.globo.com\/tudo-sobre\/elon-musk\/\" class=\"entities__list-itemLink\" data-track-click=\"Elon Musk\"> Elon Musk <\/a> <\/li>\n<\/ul>\n<h3> <a id=\"js-next-article-desktop-link\" class=\"next-article-desktop-link\"><\/a> <\/h3>\n<h3> <a id=\"js-next-article-smart-link\" class=\"next-article-smart-link\"><\/a> <\/h3>\n<p>Veja tamb\u00e9m<\/p>\n<\/p>\n<\/p>\n<p>       Anterior   Pr\u00f3ximo     <\/p>\n","protected":false},"excerpt":{"rendered":"<p>O b\u00f4nus de R$ 275 bilh\u00f5es da Tesla a Elon Musk que causa pol\u00eamica e foi bloqueado pela Justi\u00e7a dos EUA Uma ju\u00edza do Estado de Delaware, nos Estados Unidos, anulou um acordo de um b\u00f4nus salarial concedido ao bilion\u00e1rio em 2018. Segundo ela, quantia n\u00e3o \u00e9 justa com os demais acionistas. Por BBC 31\/01\/2024 [&hellip;]<\/p>\n","protected":false},"author":1,"featured_media":0,"comment_status":"closed","ping_status":"closed","sticky":false,"template":"","format":"standard","meta":{"footnotes":""},"categories":[],"tags":[],"class_list":["post-57036","post","type-post","status-publish","format-standard","hentry"],"_links":{"self":[{"href":"https:\/\/blog.corretoraideal.com.br\/index.php\/wp-json\/wp\/v2\/posts\/57036","targetHints":{"allow":["GET"]}}],"collection":[{"href":"https:\/\/blog.corretoraideal.com.br\/index.php\/wp-json\/wp\/v2\/posts"}],"about":[{"href":"https:\/\/blog.corretoraideal.com.br\/index.php\/wp-json\/wp\/v2\/types\/post"}],"author":[{"embeddable":true,"href":"https:\/\/blog.corretoraideal.com.br\/index.php\/wp-json\/wp\/v2\/users\/1"}],"replies":[{"embeddable":true,"href":"https:\/\/blog.corretoraideal.com.br\/index.php\/wp-json\/wp\/v2\/comments?post=57036"}],"version-history":[{"count":1,"href":"https:\/\/blog.corretoraideal.com.br\/index.php\/wp-json\/wp\/v2\/posts\/57036\/revisions"}],"predecessor-version":[{"id":57040,"href":"https:\/\/blog.corretoraideal.com.br\/index.php\/wp-json\/wp\/v2\/posts\/57036\/revisions\/57040"}],"wp:attachment":[{"href":"https:\/\/blog.corretoraideal.com.br\/index.php\/wp-json\/wp\/v2\/media?parent=57036"}],"wp:term":[{"taxonomy":"category","embeddable":true,"href":"https:\/\/blog.corretoraideal.com.br\/index.php\/wp-json\/wp\/v2\/categories?post=57036"},{"taxonomy":"post_tag","embeddable":true,"href":"https:\/\/blog.corretoraideal.com.br\/index.php\/wp-json\/wp\/v2\/tags?post=57036"}],"curies":[{"name":"wp","href":"https:\/\/api.w.org\/{rel}","templated":true}]}}