{"id":57041,"date":"2024-01-31T17:29:32","date_gmt":"2024-01-31T17:29:32","guid":{"rendered":"https:\/\/blog.corretoraideal.com.br\/?p=57041"},"modified":"2024-01-31T17:29:32","modified_gmt":"2024-01-31T17:29:32","slug":"brasil-quer-usar-luz-para-todos-como-base-para-cooperar-com-inclusao-energetica-de-outros-paises-economia-g1","status":"publish","type":"post","link":"https:\/\/blog.corretoraideal.com.br\/index.php\/2024\/01\/31\/brasil-quer-usar-luz-para-todos-como-base-para-cooperar-com-inclusao-energetica-de-outros-paises-economia-g1\/","title":{"rendered":"Brasil quer usar Luz para Todos como base para cooperar com inclus\u00e3o energ\u00e9tica de outros pa\u00edses | Economia | G1"},"content":{"rendered":"<br \/>\n<h1>Brasil quer usar Luz para Todos como base para cooperar com inclus\u00e3o energ\u00e9tica de outros pa\u00edses<\/h1>\n<h2>Governo assinou nesta quarta-feira (31) plano de transi\u00e7\u00e3o energ\u00e9tica com a Ag\u00eancia Internacional de Energia (EIA). Acordo tamb\u00e9m envolve compartilhamento de dados e discuss\u00e3o de pol\u00edticas de efici\u00eancia.<\/h2>\n<p> Por <a class=\"multi_signatures\" href=\"https:\/\/g1.globo.com\/autores\/lais-carregosa\/\">Lais Carregosa<\/a>, Nathalia Sarmento, g1 &mdash; Bras\u00edlia <\/p>\n<p>  31\/01\/2024 12h29    Atualizado  31\/01\/2024    <\/p>\n<p>                   1 de 1&#013;Programa Luz para Todos chega em \u00e1rea que nunca tiveram energia el\u00e9trica \u2014 Foto: Divulga\u00e7\u00e3o    <\/p>\n<p> Programa Luz para Todos chega em \u00e1rea que nunca tiveram energia el\u00e9trica \u2014 Foto: Divulga\u00e7\u00e3o <\/p>\n<p> O Brasil vai cooperar com outros pa\u00edses em programas de inclus\u00e3o energ\u00e9tica, <a class href=\"https:\/\/g1.globo.com\/economia\/noticia\/2023\/08\/28\/governo-preve-gastar-r-25-bilhoes-com-programa-luz-para-todos-em-2024.ghtml\">nos moldes do programa Luz Para Todos<\/a>. Nesta quarta-feira (31), o governo assinou um plano de transi\u00e7\u00e3o energ\u00e9tica com a Ag\u00eancia Internacional de Energia (EIA). <\/p>\n<p> O objetivo \u00e9 usar a experi\u00eancia brasileira na promo\u00e7\u00e3o do acesso a energia em pa\u00edses emergentes e em desenvolvimento. O plano tamb\u00e9m envolve compartilhamento de dados e discuss\u00e3o de pol\u00edticas de efici\u00eancia energ\u00e9tica. <\/p>\n<p> &quot;Com a nossa experi\u00eancia, podemos ajudar as demais na\u00e7\u00f5es, para al\u00e9m da quest\u00e3o da transi\u00e7\u00e3o energ\u00e9tica, a combaterem a pobreza energ\u00e9tica, se espelhando no nosso Luz para Todos&quot;, disse o ministro de Minas e Energia, Alexandre Silveira. <\/p>\n<p> Segundo o ministro, o Brasil est\u00e1 contribuindo por meio da estatal Empresa de Pesquisa Energ\u00e9tica (EPE) com pa\u00edses que ainda t\u00eam altos n\u00fameros de pessoas sem acesso \u00e0 energia em suas resid\u00eancias. <\/p>\n<p> Silveira disse que recebeu um convite da ex-presidente Dilma Rousseff, hoje no Novo Banco de Desenvolvimento (NBD), para colaborar com pa\u00edses na \u00c1frica. <\/p>\n<p> Al\u00e9m disso, disse ter procurado a Organiza\u00e7\u00e3o das Na\u00e7\u00f5es Unidas &quot;para que a gente possa elevar toda a nossa expertise de pobreza energ\u00e9tica para que possamos contribuir com a pobreza energ\u00e9tica de outros pa\u00edses&quot;. <\/p>\n<p><h2>Luz Para Todos<\/h2>\n<\/p>\n<p> Silveira disse que o programa Luz Para Todos deve ser finalizado at\u00e9 2026, quando termina o terceiro mandato do presidente Luiz In\u00e1cio Lula da Silva (PT). <\/p>\n<p> O governo federal prev\u00ea gastos de aproximadamente R$ 2,5 bilh\u00f5es com o programa este ano, financiados pela Conta de Desenvolvimento Energ\u00e9tico (CDE). <\/p>\n<p> Criado em 2003, o programa Luz para Todos tinha o objetivo de levar energia el\u00e9trica \u00e0s resid\u00eancias que n\u00e3o s\u00e3o atendidas pelas distribuidoras. <\/p>\n<p> Prorrogado por diversas vezes at\u00e9 2022, o programa foi retomado pelo presidente Luiz In\u00e1cio Lula da Silva no \u00faltimo dia 4 de agosto. <\/p>\n<p><h2>Brasil vai responder por 4% da produ\u00e7\u00e3o mundial<\/h2>\n<\/p>\n<p> O diretor-executivo da Ag\u00eancia Internacional de Energia (EIA, na sigla em ingl\u00eas), Fatih Birol, disse que o Brasil deve responder por 4% da produ\u00e7\u00e3o mundial de petr\u00f3leo em 2030, e manter\u00e1 esse n\u00edvel at\u00e9 2040. <\/p>\n<p> De acordo com ele, o Brasil supre hoje 3% do petr\u00f3leo ao redor do mundo, mas a estimativa \u00e9 que esse percentual passe para 4% at\u00e9 2040, afirmou em entrevista a jornalistas nesta quarta-feira (31). <\/p>\n<p> Para o ministro Alexandre Silveira, a inten\u00e7\u00e3o de liderar a transi\u00e7\u00e3o energ\u00e9tica, e ao mesmo tempo aumentar a produ\u00e7\u00e3o nacional de petr\u00f3leo, n\u00e3o representa uma contradi\u00e7\u00e3o do governo. <\/p>\n<p> &quot;A pr\u00f3pria palavra disse transi\u00e7\u00e3o, transi\u00e7\u00e3o n\u00e3o \u00e9 mudan\u00e7a. Transi\u00e7\u00e3o \u00e9 um processo, ent\u00e3o o Brasil tem que se olhar e com muita parcim\u00f4nia ajudar o mundo a valorar a transi\u00e7\u00e3o energ\u00e9tica para que a gente a acelere e ao mesmo tempo olhar para a sua gente para que ela n\u00e3o deprima sua economia&quot;, disse. <\/p>\n<ul> <\/ul>\n<h3> <a id=\"js-next-article-desktop-link\" class=\"next-article-desktop-link\"><\/a> <\/h3>\n<h3> <a id=\"js-next-article-smart-link\" class=\"next-article-smart-link\"><\/a> <\/h3>\n<p>Veja tamb\u00e9m<\/p>\n<\/p>\n<\/p>\n<p>       Anterior   Pr\u00f3ximo     <\/p>\n","protected":false},"excerpt":{"rendered":"<p>Brasil quer usar Luz para Todos como base para cooperar com inclus\u00e3o energ\u00e9tica de outros pa\u00edses Governo assinou nesta quarta-feira (31) plano de transi\u00e7\u00e3o energ\u00e9tica com a Ag\u00eancia Internacional de Energia (EIA). Acordo tamb\u00e9m envolve compartilhamento de dados e discuss\u00e3o de pol\u00edticas de efici\u00eancia. Por Lais Carregosa, Nathalia Sarmento, g1 &mdash; Bras\u00edlia 31\/01\/2024 12h29 Atualizado [&hellip;]<\/p>\n","protected":false},"author":1,"featured_media":0,"comment_status":"closed","ping_status":"closed","sticky":false,"template":"","format":"standard","meta":{"footnotes":""},"categories":[],"tags":[],"class_list":["post-57041","post","type-post","status-publish","format-standard","hentry"],"_links":{"self":[{"href":"https:\/\/blog.corretoraideal.com.br\/index.php\/wp-json\/wp\/v2\/posts\/57041","targetHints":{"allow":["GET"]}}],"collection":[{"href":"https:\/\/blog.corretoraideal.com.br\/index.php\/wp-json\/wp\/v2\/posts"}],"about":[{"href":"https:\/\/blog.corretoraideal.com.br\/index.php\/wp-json\/wp\/v2\/types\/post"}],"author":[{"embeddable":true,"href":"https:\/\/blog.corretoraideal.com.br\/index.php\/wp-json\/wp\/v2\/users\/1"}],"replies":[{"embeddable":true,"href":"https:\/\/blog.corretoraideal.com.br\/index.php\/wp-json\/wp\/v2\/comments?post=57041"}],"version-history":[{"count":1,"href":"https:\/\/blog.corretoraideal.com.br\/index.php\/wp-json\/wp\/v2\/posts\/57041\/revisions"}],"predecessor-version":[{"id":57043,"href":"https:\/\/blog.corretoraideal.com.br\/index.php\/wp-json\/wp\/v2\/posts\/57041\/revisions\/57043"}],"wp:attachment":[{"href":"https:\/\/blog.corretoraideal.com.br\/index.php\/wp-json\/wp\/v2\/media?parent=57041"}],"wp:term":[{"taxonomy":"category","embeddable":true,"href":"https:\/\/blog.corretoraideal.com.br\/index.php\/wp-json\/wp\/v2\/categories?post=57041"},{"taxonomy":"post_tag","embeddable":true,"href":"https:\/\/blog.corretoraideal.com.br\/index.php\/wp-json\/wp\/v2\/tags?post=57041"}],"curies":[{"name":"wp","href":"https:\/\/api.w.org\/{rel}","templated":true}]}}