{"id":57055,"date":"2024-01-31T23:29:34","date_gmt":"2024-01-31T23:29:34","guid":{"rendered":"https:\/\/blog.corretoraideal.com.br\/?p=57055"},"modified":"2024-01-31T23:29:34","modified_gmt":"2024-01-31T23:29:34","slug":"mark-zuckerberg-pede-desculpas-as-familias-de-criancas-vitimas-de-danos-causados-pelas-redes-sociais-tecnologia-g1","status":"publish","type":"post","link":"https:\/\/blog.corretoraideal.com.br\/index.php\/2024\/01\/31\/mark-zuckerberg-pede-desculpas-as-familias-de-criancas-vitimas-de-danos-causados-pelas-redes-sociais-tecnologia-g1\/","title":{"rendered":"Mark Zuckerberg pede desculpas \u00e0s fam\u00edlias de crian\u00e7as v\u00edtimas de danos causados pelas redes sociais | Tecnologia | G1"},"content":{"rendered":"<br \/>\n<h1>Mark Zuckerberg pede desculpas \u00e0s fam\u00edlias de crian\u00e7as v\u00edtimas de danos causados pelas redes sociais<\/h1>\n<h2>Presidente-executivo da Meta foi interrogado em audi\u00eancia realizada nos Estados Unidos sobre a exposi\u00e7\u00e3o de menores na internet.<\/h2>\n<p>       <a href=\"https:\/\/www.reuters.com\/\" target=\"_blank\" rel=\"noopener noreferrer\">    <\/a>   <\/p>\n<p> Por Reuters <\/p>\n<p>  31\/01\/2024 18h34    Atualizado  31\/01\/2024    <\/p>\n<ul>\n<li>\n<p> O CEO da Meta, Mark Zuckerberg, pediu desculpas \u00e0s fam\u00edlias de crian\u00e7as afetadas por conte\u00fados de explora\u00e7\u00e3o sexual infantil disponibilizados nas redes sociais. <\/p>\n<\/li>\n<li>\n<p> Executivos das principais plataformas digitais, como X (antigo Twitter), TikTok, Snap e Discord tamb\u00e9m foram interrogados. <\/p>\n<\/li>\n<li>\n<p> O senador republicano Josh Hawley criticou Zuckerberg durante uma discuss\u00e3o. &quot;Seu produto est\u00e1 matando pessoas&quot;, disse. <\/p>\n<\/li>\n<\/ul>\n<p> O CEO da Meta, Mark Zuckerberg, pediu desculpas \u00e0s fam\u00edlias de crian\u00e7as afetadas por conte\u00fados de explora\u00e7\u00e3o sexual infantil disponibilizados nas redes sociais. <\/p>\n<p> Executivos das principais plataformas digitais, como X (antigo Twitter), TikTok, Snap e Discord tamb\u00e9m foram interrogados. <\/p>\n<p> O senador republicano Josh Hawley criticou Zuckerberg durante uma discuss\u00e3o. &quot;Seu produto est\u00e1 matando pessoas&quot;, disse. <\/p>\n<p>                   <img loading=\"lazy\" decoding=\"async\" class=\"aligncenter size-full wp-image-57057\" src=\"https:\/\/blog.corretoraideal.com.br\/wp-content\/uploads\/2024\/01\/mark-zuckerberg-pede-desculpas-por-danos-causados-em-suas-redes-sociais.jpeg\" alt=\"Mark Zuckerberg pede desculpas por danos causados em suas redes sociais\" width=\"800\" height=\"400\" \/>       <\/p>\n<p> Mark Zuckerberg pede desculpas por danos causados em suas redes sociais <\/p>\n<p> Pressionado em uma audi\u00eancia do senado nos Estados Unidos, nesta quarta-feira (31), o presidente-executivo da <a class href=\"https:\/\/g1.globo.com\/tudo-sobre\/meta\/\"><strong>Meta<\/strong><\/a>, <a class href=\"https:\/\/g1.globo.com\/tudo-sobre\/mark-zuckerberg\/\"><strong>Mark Zuckerberg<\/strong><\/a>, pediu desculpas \u00e0s fam\u00edlias de crian\u00e7as afetadas por conte\u00fados de explora\u00e7\u00e3o sexual infantil disponibilizados nas redes sociais, em uma audi\u00eancia do Senado dos Estados Unidos. <\/p>\n<p> Al\u00e9m de Zuckerberg, que comanda o <a class href=\"https:\/\/g1.globo.com\/tudo-sobre\/facebook\/\"><strong>Facebook<\/strong><\/a> e o <a class href=\"https:\/\/g1.globo.com\/tudo-sobre\/instagram\/\"><strong>Instagram<\/strong><\/a>, executivos das principais plataformas digitais, como Linda Yaccarino, do X (antigo <a class href=\"https:\/\/g1.globo.com\/tudo-sobre\/twitter\/\">Twitter<\/a>), Shou Zi Chew, do <a class href=\"https:\/\/g1.globo.com\/tudo-sobre\/tiktok\/\">TikTok<\/a>, Evan Spiegel, do Snap, e Jason Citron, do Discord, tamb\u00e9m foram interrogados. <\/p>\n<p> Ap\u00f3s o come\u00e7o da audi\u00eancia, o comit\u00ea exibiu um v\u00eddeo em que os menores de idade falavam sobre suas experi\u00eancias sofrendo bullying nas plataformas da internet. <\/p>\n<p> Senadores contaram hist\u00f3rias de pessoas jovens que tiraram a pr\u00f3pria vida depois de serem extorquidas por dinheiro, ap\u00f3s compartilharem fotos com predadores sexuais. <\/p>\n<p> Em meio a uma discuss\u00e3o, o senador republicano Josh Hawley perguntou se Zuckerberg demitiu algu\u00e9m da sua empresa. <\/p>\n<p> &quot;37% das adolescentes entre 13 e 15 anos foram expostas a nudez indesejada em uma semana no <a class href=\"https:\/\/g1.globo.com\/tudo-sobre\/instagram\/\">Instagram<\/a>. Voc\u00ea sabia disso. Quem voc\u00ea demitiu?&quot;, perguntou. <\/p>\n<p> &quot;Senador, \u00e9 por isso que estamos construindo todas essas ferramentas&#8230;&quot;, iniciou Mark, sendo interrompido pelo pol\u00edtico. &quot;Quem voc\u00ea demitiu?&quot; Ap\u00f3s Zuckerberg se recusar a responder por achar a abordagem inapropriada, o senador disparou: <\/p>\n<p> &quot;Porque voc\u00ea n\u00e3o demitiu ningu\u00e9m, certo? Voc\u00ea n\u00e3o tomou nenhuma a\u00e7\u00e3o significativa. Voc\u00ea sabe que est\u00e1 sentado atr\u00e1s de voc\u00ea? H\u00e1 fam\u00edlias de todo o pa\u00eds cujos filhos foram gravemente feridos ou morreram. E voc\u00ea n\u00e3o acha apropriado falar das a\u00e7\u00f5es que voc\u00ea tomou? Do fato de voc\u00ea n\u00e3o ter demitido uma \u00fanica pessoa?&quot;, indagou. <\/p>\n<p> Em seguida, Hawley perguntou se ele indenizou meninas adolescentes que viram nudez indesejada no <a class href=\"https:\/\/g1.globo.com\/tudo-sobre\/instagram\/\">Instagram<\/a>. Zuckerberg respondeu que n\u00e3o. <\/p>\n<p> O senador, ent\u00e3o, pediu para que Zuckerberg se levantasse e falasse com as fam\u00edlias que seguravam imagens de seus filhos que, segundo elas, <a class href=\"https:\/\/g1.globo.com\/tecnologia\/noticia\/2023\/10\/24\/mais-de-40-estados-nos-eua-processam-meta-por-prejudicar-a-saude-de-menores.ghtml\"><strong>foram prejudicados pelas redes sociais<\/strong><\/a>. <\/p>\n<p> &quot;Voc\u00ea gostaria agora de pedir desculpas \u00e0s v\u00edtimas que foram prejudicadas pelo seu produto?&quot;, perguntou Hawley, mencionando que a audi\u00eancia estava sendo transmitida ao vivo pela televis\u00e3o. <\/p>\n<p> Ap\u00f3s ser pressionado, Zuckerberg levantou, se virou e se dirigiu \u00e0s fam\u00edlias. <\/p>\n<p>&quot;Pe\u00e7o desculpas por tudo que voc\u00eas passaram. Ningu\u00e9m deveria passar pelas coisas que suas fam\u00edlias sofreram e \u00e9 por isso que investimos tanto e continuaremos com esfor\u00e7os em toda a ind\u00fastria para garantir que ningu\u00e9m passe pelas coisas que suas fam\u00edlias tiveram que sofrer&quot;, disse. <\/p>\n<p> Hawley criticou Zuckerberg agressivamente durante uma discuss\u00e3o quente. &quot;Seu produto est\u00e1 matando pessoas&quot;, disse. <\/p>\n<ul>\n<li> <a href=\"https:\/\/g1.globo.com\/tudo-sobre\/facebook\/\" class=\"entities__list-itemLink\" data-track-click=\"Facebook\"> Facebook <\/a> <\/li>\n<li> <a href=\"https:\/\/g1.globo.com\/tudo-sobre\/instagram\/\" class=\"entities__list-itemLink\" data-track-click=\"Instagram\"> Instagram <\/a> <\/li>\n<li> <a href=\"https:\/\/g1.globo.com\/tudo-sobre\/tiktok\/\" class=\"entities__list-itemLink\" data-track-click=\"TikTok\"> TikTok <\/a> <\/li>\n<li> <a href=\"https:\/\/g1.globo.com\/tudo-sobre\/twitter\/\" class=\"entities__list-itemLink\" data-track-click=\"Twitter\"> Twitter <\/a> <\/li>\n<\/ul>\n<h3> <a id=\"js-next-article-desktop-link\" class=\"next-article-desktop-link\"><\/a> <\/h3>\n<h3> <a id=\"js-next-article-smart-link\" class=\"next-article-smart-link\"><\/a> <\/h3>\n<p>Veja tamb\u00e9m<\/p>\n<\/p>\n<\/p>\n<p>       Anterior   Pr\u00f3ximo     <\/p>\n","protected":false},"excerpt":{"rendered":"<p>Mark Zuckerberg pede desculpas \u00e0s fam\u00edlias de crian\u00e7as v\u00edtimas de danos causados pelas redes sociais Presidente-executivo da Meta foi interrogado em audi\u00eancia realizada nos Estados Unidos sobre a exposi\u00e7\u00e3o de menores na internet. Por Reuters 31\/01\/2024 18h34 Atualizado 31\/01\/2024 O CEO da Meta, Mark Zuckerberg, pediu desculpas \u00e0s fam\u00edlias de crian\u00e7as afetadas por conte\u00fados de [&hellip;]<\/p>\n","protected":false},"author":1,"featured_media":0,"comment_status":"closed","ping_status":"closed","sticky":false,"template":"","format":"standard","meta":{"footnotes":""},"categories":[],"tags":[],"class_list":["post-57055","post","type-post","status-publish","format-standard","hentry"],"_links":{"self":[{"href":"https:\/\/blog.corretoraideal.com.br\/index.php\/wp-json\/wp\/v2\/posts\/57055","targetHints":{"allow":["GET"]}}],"collection":[{"href":"https:\/\/blog.corretoraideal.com.br\/index.php\/wp-json\/wp\/v2\/posts"}],"about":[{"href":"https:\/\/blog.corretoraideal.com.br\/index.php\/wp-json\/wp\/v2\/types\/post"}],"author":[{"embeddable":true,"href":"https:\/\/blog.corretoraideal.com.br\/index.php\/wp-json\/wp\/v2\/users\/1"}],"replies":[{"embeddable":true,"href":"https:\/\/blog.corretoraideal.com.br\/index.php\/wp-json\/wp\/v2\/comments?post=57055"}],"version-history":[{"count":1,"href":"https:\/\/blog.corretoraideal.com.br\/index.php\/wp-json\/wp\/v2\/posts\/57055\/revisions"}],"predecessor-version":[{"id":57058,"href":"https:\/\/blog.corretoraideal.com.br\/index.php\/wp-json\/wp\/v2\/posts\/57055\/revisions\/57058"}],"wp:attachment":[{"href":"https:\/\/blog.corretoraideal.com.br\/index.php\/wp-json\/wp\/v2\/media?parent=57055"}],"wp:term":[{"taxonomy":"category","embeddable":true,"href":"https:\/\/blog.corretoraideal.com.br\/index.php\/wp-json\/wp\/v2\/categories?post=57055"},{"taxonomy":"post_tag","embeddable":true,"href":"https:\/\/blog.corretoraideal.com.br\/index.php\/wp-json\/wp\/v2\/tags?post=57055"}],"curies":[{"name":"wp","href":"https:\/\/api.w.org\/{rel}","templated":true}]}}