{"id":57059,"date":"2024-02-01T01:29:34","date_gmt":"2024-02-01T01:29:34","guid":{"rendered":"https:\/\/blog.corretoraideal.com.br\/?p=57059"},"modified":"2024-02-01T01:29:34","modified_gmt":"2024-02-01T01:29:34","slug":"corpo-de-jovem-que-era-procurado-na-praia-do-farol-em-campos-e-encontrado-norte-fluminense-g1","status":"publish","type":"post","link":"https:\/\/blog.corretoraideal.com.br\/index.php\/2024\/02\/01\/corpo-de-jovem-que-era-procurado-na-praia-do-farol-em-campos-e-encontrado-norte-fluminense-g1\/","title":{"rendered":"Corpo de jovem que era procurado na praia do Farol, em Campos, \u00e9 encontrado | Norte Fluminense | G1"},"content":{"rendered":"<br \/>\n<h1>Corpo de jovem que era procurado na praia do Farol, em Campos, \u00e9 encontrado<\/h1>\n<h2>Buscas estavam sendo feitas na areia e \u00e1gua; outros dois homens tamb\u00e9m se afogaram, mas foram resgatados no domingo (28).<\/h2>\n<p> Por g1 &mdash; Campos <\/p>\n<p>  31\/01\/2024 17h57    Atualizado  31\/01\/2024    <\/p>\n<p>                                <img loading=\"lazy\" decoding=\"async\" class=\"aligncenter size-full wp-image-57061\" src=\"https:\/\/blog.corretoraideal.com.br\/wp-content\/uploads\/2024\/02\/jovem-que-morreu-afogado-sera-enterrado-nesta-quarta-em-campos.jpeg\" alt=\"Jovem que morreu afogado ser\u00e1 enterrado nesta quarta em Campos\" width=\"800\" height=\"400\" \/>       <\/p>\n<p> Jovem que morreu afogado ser\u00e1 enterrado nesta quarta em Campos <\/p>\n<p> O corpo de Iwerson de Almeida do Ros\u00e1rio, de 25 anos, <a class href=\"https:\/\/g1.globo.com\/rj\/norte-fluminense\/noticia\/2024\/01\/28\/corpo-de-bombeiros-realiza-buscas-por-homem-desaparecido-no-farol-de-sao-thome-em-campos.ghtml\">que estava sendo procurado desde o \u00faltimo domingo (28) praia do Farol de S\u00e3o Thom\u00e9<\/a>, em <a class href=\"https:\/\/g1.globo.com\/rj\/norte-fluminense\/cidade\/campos-dos-goytacazes\/\">Campos dos Goytacazes<\/a>, no Norte Fluminense, foi encontrado nesta ter\u00e7a-feira (30), com enterro previsto para esta quarta (31) em Campos. <\/p>\n<p> Outros dois homens tamb\u00e9m estavam se afogando, mas conseguiram ser salvos no domingo. <\/p>\n<p>         1 de 1&#013;Afogamento ocorreu no domingo (28) \u2014 Foto: Divulga\u00e7\u00e3o    <\/p>\n<p> Afogamento ocorreu no domingo (28) \u2014 Foto: Divulga\u00e7\u00e3o <\/p>\n<p> O corpo de Iwerson foi encontrado no terceiro dia de buscas por equipes de Guarda Vidas do Corpo de Bombeiros, que contaram com apoio de um helic\u00f3ptero e de um drone da corpora\u00e7\u00e3o. <\/p>\n<p> As buscas tamb\u00e9m ocorreram pela orla da praia. <\/p>\n<ul>\n<li> <a href=\"https:\/\/g1.globo.com\/rj\/norte-fluminense\/cidade\/campos-dos-goytacazes\/\" class=\"entities__list-itemLink\" data-track-click=\"Campos dos Goytacazes\"> Campos dos Goytacazes <\/a> <\/li>\n<\/ul>\n<h3> <a id=\"js-next-article-desktop-link\" class=\"next-article-desktop-link\"><\/a> <\/h3>\n<h3> <a id=\"js-next-article-smart-link\" class=\"next-article-smart-link\"><\/a> <\/h3>\n<p>Veja tamb\u00e9m<\/p>\n<\/p>\n<\/p>\n<p>       Anterior   Pr\u00f3ximo     <\/p>\n","protected":false},"excerpt":{"rendered":"<p>Corpo de jovem que era procurado na praia do Farol, em Campos, \u00e9 encontrado Buscas estavam sendo feitas na areia e \u00e1gua; outros dois homens tamb\u00e9m se afogaram, mas foram resgatados no domingo (28). Por g1 &mdash; Campos 31\/01\/2024 17h57 Atualizado 31\/01\/2024 Jovem que morreu afogado ser\u00e1 enterrado nesta quarta em Campos O corpo de [&hellip;]<\/p>\n","protected":false},"author":1,"featured_media":0,"comment_status":"closed","ping_status":"closed","sticky":false,"template":"","format":"standard","meta":{"footnotes":""},"categories":[],"tags":[],"class_list":["post-57059","post","type-post","status-publish","format-standard","hentry"],"_links":{"self":[{"href":"https:\/\/blog.corretoraideal.com.br\/index.php\/wp-json\/wp\/v2\/posts\/57059","targetHints":{"allow":["GET"]}}],"collection":[{"href":"https:\/\/blog.corretoraideal.com.br\/index.php\/wp-json\/wp\/v2\/posts"}],"about":[{"href":"https:\/\/blog.corretoraideal.com.br\/index.php\/wp-json\/wp\/v2\/types\/post"}],"author":[{"embeddable":true,"href":"https:\/\/blog.corretoraideal.com.br\/index.php\/wp-json\/wp\/v2\/users\/1"}],"replies":[{"embeddable":true,"href":"https:\/\/blog.corretoraideal.com.br\/index.php\/wp-json\/wp\/v2\/comments?post=57059"}],"version-history":[{"count":1,"href":"https:\/\/blog.corretoraideal.com.br\/index.php\/wp-json\/wp\/v2\/posts\/57059\/revisions"}],"predecessor-version":[{"id":57062,"href":"https:\/\/blog.corretoraideal.com.br\/index.php\/wp-json\/wp\/v2\/posts\/57059\/revisions\/57062"}],"wp:attachment":[{"href":"https:\/\/blog.corretoraideal.com.br\/index.php\/wp-json\/wp\/v2\/media?parent=57059"}],"wp:term":[{"taxonomy":"category","embeddable":true,"href":"https:\/\/blog.corretoraideal.com.br\/index.php\/wp-json\/wp\/v2\/categories?post=57059"},{"taxonomy":"post_tag","embeddable":true,"href":"https:\/\/blog.corretoraideal.com.br\/index.php\/wp-json\/wp\/v2\/tags?post=57059"}],"curies":[{"name":"wp","href":"https:\/\/api.w.org\/{rel}","templated":true}]}}