{"id":57087,"date":"2024-02-01T14:29:38","date_gmt":"2024-02-01T14:29:38","guid":{"rendered":"https:\/\/blog.corretoraideal.com.br\/?p=57087"},"modified":"2024-02-01T14:29:38","modified_gmt":"2024-02-01T14:29:38","slug":"o-pedido-de-desculpas-de-mark-zuckerberg-a-familias-de-criancas-prejudicadas-por-redes-sociais-tecnologia-g1","status":"publish","type":"post","link":"https:\/\/blog.corretoraideal.com.br\/index.php\/2024\/02\/01\/o-pedido-de-desculpas-de-mark-zuckerberg-a-familias-de-criancas-prejudicadas-por-redes-sociais-tecnologia-g1\/","title":{"rendered":"O pedido de desculpas de Mark Zuckerberg a fam\u00edlias de crian\u00e7as prejudicadas por redes sociais | Tecnologia | G1"},"content":{"rendered":"<br \/>\n<h1>O pedido de desculpas de Mark Zuckerberg a fam\u00edlias de crian\u00e7as prejudicadas por redes sociais<\/h1>\n<h2> Mark Zuckerberg, CEO da Meta \u2013 que administra o Instagram e o Facebook \u2013, disse para pais cujos filhos foram prejudicados pelas redes sociais que &#034;ningu\u00e9m deveria passar&#034; pelo que eles passaram.<\/h2>\n<p>       <a href=\"http:\/\/www.bbc.com\/portuguese\" target=\"_blank\" rel=\"noopener noreferrer\">    <\/a>   <\/p>\n<p> Por BBC <\/p>\n<p>  01\/02\/2024 08h54    Atualizado  01\/02\/2024    <\/p>\n<p>                         1 de 2&#013;Zuckerberg disse a pais de filhos prejudicados pelas redes sociais que &#039;ningu\u00e9m deveria passar&#039; pelo que eles passaram \u2014 Foto: TASOS KATOPODIS\/EPA-EFE\/REX\/SHUTTERSTOCK    <\/p>\n<p> Zuckerberg disse a pais de filhos prejudicados pelas redes sociais que &#039;ningu\u00e9m deveria passar&#039; pelo que eles passaram \u2014 Foto: TASOS KATOPODIS\/EPA-EFE\/REX\/SHUTTERSTOCK <\/p>\n<p> O <a class href=\"https:\/\/www.bbc.com\/portuguese\/articles\/cnlk5qwe4nlo?xtor=AL-73-%5Bpartner%5D-%5Bg1%5D-%5Blink%5D-%5Bbrazil%5D-%5Bbizdev%5D-%5Bisapi%5D\" target=\"_blank\" rel=\"noopener noreferrer\">CEO da Meta<\/a>, <a class href=\"https:\/\/g1.globo.com\/tudo-sobre\/mark-zuckerberg\/\">Mark Zuckerberg<\/a>,<a class href=\"https:\/\/g1.globo.com\/tecnologia\/noticia\/2024\/01\/31\/mark-zuckerberg-pede-desculpas-as-familias-de-criancas-vitimas-de-danos-causados-pelas-redes-sociais.ghtml\"> pediu desculpas a fam\u00edlias<\/a> que dizem que seus filhos foram prejudicados pelas redes sociais, durante audi\u00eancia no Senado dos Estados Unidos. <\/p>\n<p> Zuckerberg \u2013 que administra o <a class href=\"https:\/\/g1.globo.com\/tudo-sobre\/instagram\/\">Instagram<\/a> e o <a class href=\"https:\/\/g1.globo.com\/tudo-sobre\/facebook\/\">Facebook<\/a> \u2013 virou-se para pais de filhos presentes na audi\u00eancia e disse que &quot;ningu\u00e9m deveria passar&quot; pelo que eles passaram. <\/p>\n<p> Ele e os diretores do <a class href=\"https:\/\/g1.globo.com\/tudo-sobre\/tiktok\/\">TikTok<\/a>, Snap, X e Discord foram interrogados durante quase quatro horas por senadores dos dois partidos. <\/p>\n<p> Os parlamentares querem saber o que as empresas est\u00e3o fazendo para proteger as crian\u00e7as nas suas plataformas na internet. <\/p>\n<p>Est\u00e1 em tramita\u00e7\u00e3o no Congresso uma legisla\u00e7\u00e3o que busca responsabilizar as empresas de m\u00eddia social pelo material postado em suas plataformas.<\/p>\n<p> A audi\u00eancia de quarta-feira (31\/1) foi uma rara oportunidade para os senadores dos EUA questionarem os chefes das empresas de tecnologia. <\/p>\n<p> Zuckerberg e o CEO do <a class href=\"https:\/\/g1.globo.com\/tudo-sobre\/tiktok\/\">TikTok<\/a>, Shou Zi Chew, concordaram voluntariamente em dar seu depoimento \u2013 mas os diretores do Snap, X (antigo Twitter) e da plataforma de mensagens Discord inicialmente recusaram e foram intimados. <\/p>\n<p> Sentados atr\u00e1s dos cinco diretores das gigantes de tecnologia estavam fam\u00edlias que disseram que seus filhos se machucaram ou se mataram como resultado de conte\u00fado nas redes sociais. <\/p>\n<p>Os pais se manifestaram o tempo todo durante a audi\u00eancia \u2014 vaiando quando os CEOs entraram e aplaudindo quando os legisladores fizeram perguntas dif\u00edceis.<\/p>\n<p> Embora a audi\u00eancia tenha se concentrado principalmente na prote\u00e7\u00e3o das crian\u00e7as contra a explora\u00e7\u00e3o sexual online, as quest\u00f5es variaram bastante, com os senadores aproveitando a oportunidade de ter cinco executivos poderosos sob juramento. <\/p>\n<p> Shou Zi Chew, diretor do <a class href=\"https:\/\/g1.globo.com\/tudo-sobre\/tiktok\/\">TikTok<\/a> (que pertence \u00e0 empresa chinesa ByteDance), foi questionado se sua empresa compartilhava dados de usu\u00e1rios dos EUA com o governo chin\u00eas, o que ele negou. <\/p>\n<p> O senador Tom Cotton perguntou a Chew, que \u00e9 de Singapura, se alguma vez ele pertenceu ao Partido Comunista Chin\u00eas. <\/p>\n<p> &quot;Senador, sou de Siganpura. N\u00e3o&quot;, respondeu Chew. <\/p>\n<p> Cotton ent\u00e3o perguntou: &quot;Voc\u00ea j\u00e1 foi associado ou afiliado ao Partido Comunista Chin\u00eas?&quot; <\/p>\n<p> Chew respondeu: &quot;N\u00e3o, senador. Mais uma vez, sou de Singapura.&quot; <\/p>\n<p> Ele acrescentou que, como pai de tr\u00eas filhos pequenos, sabia que as quest\u00f5es em discuss\u00e3o eram &quot;horr\u00edveis e o pesadelo de todos os pais&quot;. <\/p>\n<p> Ele afirmou que seus pr\u00f3prios filhos n\u00e3o usavam o <a class href=\"https:\/\/g1.globo.com\/tudo-sobre\/tiktok\/\">TikTok<\/a> por causa das regras em Singapura, que pro\u00edbem menores de 13 anos de criar contas. <\/p>\n<p>         2 de 2&#013;Pais de filhos que se machucaram ou se mataram por causa de redes sociais se manifestaram na audi\u00eancia \u2014 Foto: Getty Images    <\/p>\n<p> Pais de filhos que se machucaram ou se mataram por causa de redes sociais se manifestaram na audi\u00eancia \u2014 Foto: Getty Images <\/p>\n<p><h2>Senadores frustrados<\/h2>\n<\/p>\n<p> O foco da audi\u00eancia foi a atitude das empresas em rela\u00e7\u00e3o \u00e0 legisla\u00e7\u00e3o de seguran\u00e7a online atualmente em tramita\u00e7\u00e3o no Congresso. <\/p>\n<p> Isso foi resumido em um debate tenso entre Jason Citron, da empresa Discord, e o legislador republicano Lindsey Graham. <\/p>\n<p> Graham listou uma s\u00e9rie de projetos de lei em tramita\u00e7\u00e3o no Congresso relacionados \u00e0 seguran\u00e7a online, perguntando se Citron os apoiava ou n\u00e3o. <\/p>\n<p> Embora Graham tenha dado poucas oportunidades a Citron para responder, o chefe do Discord parecia ter reservas sobre a maioria deles. <\/p>\n<p> Graham concluiu: &quot;Ent\u00e3o aqui est\u00e1 \u2013 se voc\u00eas esperam que esses caras resolvam o problema, vamos morrer esperando&quot;. <\/p>\n<p> Antes da audi\u00eancia, Meta anunciou novas medidas de seguran\u00e7a, incluindo que menores de idade n\u00e3o poder\u00e3o receber mensagens de estranhos no <a class href=\"https:\/\/g1.globo.com\/tudo-sobre\/instagram\/\">Instagram<\/a> e no Messenger. <\/p>\n<p> O analista da ind\u00fastria de m\u00eddia social Matt Navarra disse \u00e0 BBC que acha que a audi\u00eancia se assemelha a muitos outros confrontos \u2014 com exibi\u00e7\u00e3o de muita arrog\u00e2ncia por parte dos pol\u00edticos e com Zuckerberg aproveitando uma oportunidade perfeita para aparecer nas fotos do notici\u00e1rio, com seu pedido de desculpas, segundo ele. <\/p>\n<p> O especialista diz que, apesar dos senadores concordarem com a necessidade de uma legisla\u00e7\u00e3o bipartid\u00e1ria para regular as plataformas, n\u00e3o se sabe o que ser\u00e1 decidido no futuro. <\/p>\n<p>&quot;Vimos essas audi\u00eancias repetidas vezes, at\u00e9 agora, elas ainda n\u00e3o geraram nenhuma regulamenta\u00e7\u00e3o significativa ou substancial&quot;, disse ele.<\/p>\n<p> &quot;Estamos em 2024 e os EUA praticamente n\u00e3o t\u00eam regulamenta\u00e7\u00e3o, como foi apontado nas audi\u00eancias, no que diz respeito \u00e0s empresas de m\u00eddia social.&quot; <\/p>\n<p> Na audi\u00eancia, os diretores revelaram quantas pessoas contrataram para moderar o conte\u00fado em suas plataformas. <\/p>\n<p> Meta e <a class href=\"https:\/\/g1.globo.com\/tudo-sobre\/tiktok\/\">TikTok<\/a>, com o maior n\u00famero de usu\u00e1rios das plataformas representadas, disseram ter 40 mil moderadores cada; o Snap disse ter 2.300, o X, 2 mil e o Discord \u2013 que alegou ser uma plataforma menor \u2013 disse que tinha &quot;centenas&quot; de moderadores. <\/p>\n<p> O Discord \u00e9 uma plataforma de mensagens e j\u00e1 foi questionado no passado sobre como detecta e previne o abuso infantil em sua plataforma. <\/p>\n<p> Ap\u00f3s a audi\u00eancia, alguns dos pais que estavam na sala organizaram uma manifesta\u00e7\u00e3o do lado de fora, com v\u00e1rios apelando aos legisladores para aprovarem urgentemente legisla\u00e7\u00e3o para responsabilizar as empresas. <\/p>\n<p> &quot;Assim como eu fazia antes, muitos pais continuam pensando que esses danos de que estamos falando hoje n\u00e3o afetar\u00e3o suas fam\u00edlias&quot;, disse Joann Bogard, cujo filho Mason morreu em maio de 2019. Ela disse que Mason participou de uma corrente no <a class href=\"https:\/\/g1.globo.com\/tudo-sobre\/tiktok\/\">TikTok<\/a> sobre asfixia. <\/p>\n<p>&quot;Esses danos est\u00e3o acontecendo da noite para o dia com crian\u00e7as comuns&quot;, disse ela. &quot;Temos os testemunhos. Agora \u00e9 a hora de nossos parlamentares aprovarem a Lei de Seguran\u00e7a Online para Crian\u00e7as&quot;.<\/p>\n<p> Arturo B\u00e9jar, um ex-funcion\u00e1rio de alto escal\u00e3o da Meta que testemunhou no Congresso em novembro de 2023, tamb\u00e9m estava na audi\u00eancia de quarta-feira e disse \u00e0 BBC: &quot;A Meta est\u00e1 tentando transferir aos pais sua responsabilidade de fornecer um ambiente seguro para os adolescentes, mas n\u00e3o adiciona um bot\u00e3o onde um adolescente pode dizer que sofreu uma abordagem indesejada.&quot; <\/p>\n<p> &quot;Como eles podem tornar esse ambiente seguro para os adolescentes sem isso?&quot; <\/p>\n<p> Durante a audi\u00eancia desta semana, a Meta disse que criou &quot;mais de 30 ferramentas&quot; para gerar um ambiente seguro para adolescentes na internet. <\/p>\n<p>                   <img loading=\"lazy\" decoding=\"async\" class=\"aligncenter size-full wp-image-57089\" src=\"https:\/\/blog.corretoraideal.com.br\/wp-content\/uploads\/2024\/02\/mark-zuckerberg-pede-desculpas-por-danos-causados-em-suas-redes-sociais.jpeg\" alt=\"Mark Zuckerberg pede desculpas por danos causados em suas redes sociais\" width=\"800\" height=\"400\" \/>       <\/p>\n<p> Mark Zuckerberg pede desculpas por danos causados em suas redes sociais <\/p>\n<ul>\n<li> <a href=\"https:\/\/g1.globo.com\/tudo-sobre\/facebook\/\" class=\"entities__list-itemLink\" data-track-click=\"Facebook\"> Facebook <\/a> <\/li>\n<li> <a href=\"https:\/\/g1.globo.com\/tudo-sobre\/instagram\/\" class=\"entities__list-itemLink\" data-track-click=\"Instagram\"> Instagram <\/a> <\/li>\n<li> <a href=\"https:\/\/g1.globo.com\/tudo-sobre\/mark-zuckerberg\/\" class=\"entities__list-itemLink\" data-track-click=\"Mark Zuckerberg\"> Mark Zuckerberg <\/a> <\/li>\n<li> <a href=\"https:\/\/g1.globo.com\/tudo-sobre\/tiktok\/\" class=\"entities__list-itemLink\" data-track-click=\"TikTok\"> TikTok <\/a> <\/li>\n<\/ul>\n<h3> <a id=\"js-next-article-desktop-link\" class=\"next-article-desktop-link\"><\/a> <\/h3>\n<h3> <a id=\"js-next-article-smart-link\" class=\"next-article-smart-link\"><\/a> <\/h3>\n<p>Veja tamb\u00e9m<\/p>\n<\/p>\n<\/p>\n<p>       Anterior   Pr\u00f3ximo     <\/p>\n","protected":false},"excerpt":{"rendered":"<p>O pedido de desculpas de Mark Zuckerberg a fam\u00edlias de crian\u00e7as prejudicadas por redes sociais Mark Zuckerberg, CEO da Meta \u2013 que administra o Instagram e o Facebook \u2013, disse para pais cujos filhos foram prejudicados pelas redes sociais que &#034;ningu\u00e9m deveria passar&#034; pelo que eles passaram. Por BBC 01\/02\/2024 08h54 Atualizado 01\/02\/2024 1 de [&hellip;]<\/p>\n","protected":false},"author":1,"featured_media":0,"comment_status":"closed","ping_status":"closed","sticky":false,"template":"","format":"standard","meta":{"footnotes":""},"categories":[],"tags":[],"class_list":["post-57087","post","type-post","status-publish","format-standard","hentry"],"_links":{"self":[{"href":"https:\/\/blog.corretoraideal.com.br\/index.php\/wp-json\/wp\/v2\/posts\/57087","targetHints":{"allow":["GET"]}}],"collection":[{"href":"https:\/\/blog.corretoraideal.com.br\/index.php\/wp-json\/wp\/v2\/posts"}],"about":[{"href":"https:\/\/blog.corretoraideal.com.br\/index.php\/wp-json\/wp\/v2\/types\/post"}],"author":[{"embeddable":true,"href":"https:\/\/blog.corretoraideal.com.br\/index.php\/wp-json\/wp\/v2\/users\/1"}],"replies":[{"embeddable":true,"href":"https:\/\/blog.corretoraideal.com.br\/index.php\/wp-json\/wp\/v2\/comments?post=57087"}],"version-history":[{"count":1,"href":"https:\/\/blog.corretoraideal.com.br\/index.php\/wp-json\/wp\/v2\/posts\/57087\/revisions"}],"predecessor-version":[{"id":57090,"href":"https:\/\/blog.corretoraideal.com.br\/index.php\/wp-json\/wp\/v2\/posts\/57087\/revisions\/57090"}],"wp:attachment":[{"href":"https:\/\/blog.corretoraideal.com.br\/index.php\/wp-json\/wp\/v2\/media?parent=57087"}],"wp:term":[{"taxonomy":"category","embeddable":true,"href":"https:\/\/blog.corretoraideal.com.br\/index.php\/wp-json\/wp\/v2\/categories?post=57087"},{"taxonomy":"post_tag","embeddable":true,"href":"https:\/\/blog.corretoraideal.com.br\/index.php\/wp-json\/wp\/v2\/tags?post=57087"}],"curies":[{"name":"wp","href":"https:\/\/api.w.org\/{rel}","templated":true}]}}