{"id":57091,"date":"2024-02-01T18:29:34","date_gmt":"2024-02-01T18:29:34","guid":{"rendered":"https:\/\/blog.corretoraideal.com.br\/?p=57091"},"modified":"2024-02-01T18:29:34","modified_gmt":"2024-02-01T18:29:34","slug":"petrobras-anuncia-reducao-de-2-do-preco-do-gas-natural-para-as-distribuidoras-carros-g1","status":"publish","type":"post","link":"https:\/\/blog.corretoraideal.com.br\/index.php\/2024\/02\/01\/petrobras-anuncia-reducao-de-2-do-preco-do-gas-natural-para-as-distribuidoras-carros-g1\/","title":{"rendered":"Petrobras anuncia redu\u00e7\u00e3o de 2% do pre\u00e7o do g\u00e1s natural para as distribuidoras | Carros | G1"},"content":{"rendered":"<br \/>\n<h1>Petrobras anuncia redu\u00e7\u00e3o de 2% do pre\u00e7o do g\u00e1s natural para as distribuidoras<\/h1>\n<h2>Empresa afirma que contratos com as distribuidoras preveem atualiza\u00e7\u00f5es trimestrais da parcela do pre\u00e7o relacionada \u00e0 mol\u00e9cula do g\u00e1s e vinculam esta varia\u00e7\u00e3o, para cima ou para baixo, \u00e0s oscila\u00e7\u00f5es do petr\u00f3leo Brent e da taxa de c\u00e2mbio.<\/h2>\n<p> Por g1 <\/p>\n<p>  01\/02\/2024 12h17    Atualizado  01\/02\/2024    <\/p>\n<p>                      1 de 1&#013;Edif\u00edcio-sede da Petrobras, no centro do Rio \u2014 Foto: Marcos Serra Lima\/g1    <\/p>\n<p> Edif\u00edcio-sede da Petrobras, no centro do Rio \u2014 Foto: Marcos Serra Lima\/g1 <\/p>\n<p> A <a class href=\"https:\/\/g1.globo.com\/tudo-sobre\/petrobras\/\">Petrobras<\/a> anunciou nesta quinta-feira (1\u00ba) que ir\u00e1 <strong>reduzir em 2%<\/strong> o pre\u00e7o m\u00e9dio do metro c\u00fabico de g\u00e1s natural vendido \u00e0s distribuidoras. O <a class href=\"https:\/\/g1.globo.com\/economia\/noticia\/2023\/12\/26\/petrobras-preco-diesel.ghtml\">\u00faltimo ajuste de combust\u00edveis havia sido realizado em dezembro<\/a>, com redu\u00e7\u00e3o apenas do diesel. <\/p>\n<p> &quot;Lembramos que os clientes com contratos vigentes em 2023 perceberam redu\u00e7\u00e3o acumulada de 22,2% no pre\u00e7o da mol\u00e9cula do G\u00e1s Natural ao longo do ano&quot;, diz a empresa em nota. <\/p>\n<p> A Petrobras informa que os contratos com as distribuidoras preveem atualiza\u00e7\u00f5es trimestrais da parcela do pre\u00e7o relacionada \u00e0 mol\u00e9cula do g\u00e1s e vinculam esta varia\u00e7\u00e3o, para cima ou para baixo, \u00e0s oscila\u00e7\u00f5es do petr\u00f3leo Brent e da taxa de c\u00e2mbio R$\/US$. <\/p>\n<p> &quot;Para o trimestre que inicia em fevereiro de 2024 a refer\u00eancia do petr\u00f3leo caiu 3,6% e o c\u00e2mbio teve deprecia\u00e7\u00e3o de 1,5% (isto \u00e9, a quantia em reais para se converter em um d\u00f3lar aumentou 1,5%).&quot; <\/p>\n<p> A petroleira <a class href=\"https:\/\/g1.globo.com\/economia\/noticia\/2023\/05\/16\/petrobras-anuncia-fim-da-paridade-internacional-do-petroleo-e-nova-politica-de-preco-para-combustiveis.ghtml\">anunciou em maio do ano passado mudan\u00e7as em sua pol\u00edtica de pre\u00e7os<\/a>. Desde ent\u00e3o, a estatal n\u00e3o segue mais a pol\u00edtica de paridade internacional (PPI), que reajustava o pre\u00e7o dos combust\u00edveis automaticamente com base nas varia\u00e7\u00f5es do d\u00f3lar e da cota\u00e7\u00e3o do petr\u00f3leo no exterior. <\/p>\n<p>                   <img loading=\"lazy\" decoding=\"async\" class=\"aligncenter size-full wp-image-57093\" src=\"https:\/\/blog.corretoraideal.com.br\/wp-content\/uploads\/2024\/02\/entenda-a-nova-politica-de-precos-da-petrobras.jpeg\" alt=\"Entenda a nova pol\u00edtica de pre\u00e7os da Petrobras\" width=\"800\" height=\"400\" \/>       <\/p>\n<p> Entenda a nova pol\u00edtica de pre\u00e7os da Petrobras <\/p>\n<p><h2>Veja a nota da Petrobras<\/h2>\n<\/p>\n<p> A Petrobras informa que, a partir desta quinta-feira, 01\/02\/24, conforme os contratos acordados pela Companhia com as distribuidoras, os pre\u00e7os de venda da mol\u00e9cula de g\u00e1s natural ter\u00e3o redu\u00e7\u00e3o m\u00e9dia de 2% em R$\/m\u00b3, com rela\u00e7\u00e3o ao m\u00eas de janeiro de 2024.  <\/p>\n<p> Os contratos com as distribuidoras preveem atualiza\u00e7\u00f5es trimestrais da parcela do pre\u00e7o relacionada \u00e0 mol\u00e9cula do g\u00e1s e vinculam esta varia\u00e7\u00e3o, para cima ou para baixo, \u00e0s oscila\u00e7\u00f5es do petr\u00f3leo Brent e da taxa de c\u00e2mbio R$\/US$. Para o trimestre que inicia em fevereiro de 2024 a refer\u00eancia do petr\u00f3leo caiu 3,6% e o c\u00e2mbio teve deprecia\u00e7\u00e3o de 1,5% (isto \u00e9, a quantia em reais para se converter em um d\u00f3lar aumentou 1,5%).  <\/p>\n<p> Al\u00e9m disso, em janeiro de 2024 entraram em vigor diversos novos contratos oriundos do novo portf\u00f3lio de produtos Petrobras, e dos processos competitivos das Distribuidoras. O portf\u00f3lio trouxe a possibilidade de celebra\u00e7\u00e3o de contratos em diversos prazos (5 anos, 7 anos, 9 anos e 11 anos) e escolha pelas Distribuidoras quanto \u00e0 inclus\u00e3o ou n\u00e3o do transporte de sa\u00edda nos contratos. Assim, o mercado escolheu a melhor combina\u00e7\u00e3o de produtos para atendimento \u00e0s suas necessidades.  <\/p>\n<p> Lembramos que os clientes com contratos vigentes em 2023 perceberam redu\u00e7\u00e3o acumulada de 22,2% no pre\u00e7o da mol\u00e9cula do G\u00e1s Natural ao longo do ano.  <\/p>\n<p> A Petrobras ressalta que o pre\u00e7o final do g\u00e1s natural ao consumidor n\u00e3o \u00e9 determinado apenas pelo pre\u00e7o de venda da mol\u00e9cula pela companhia, mas tamb\u00e9m pelo custo do transporte at\u00e9 a distribuidora, pelo portf\u00f3lio de suprimento de cada distribuidora, assim como por suas margens (e, no caso do GNV \u2013 G\u00e1s Natural Veicular, dos postos de revenda) e pelos tributos federais e estaduais. <\/p>\n<p> Al\u00e9m disso, as tarifas ao consumidor s\u00e3o aprovadas pelas ag\u00eancias reguladoras estaduais, conforme legisla\u00e7\u00e3o e regula\u00e7\u00e3o espec\u00edficas. A Companhia ressalta que a atualiza\u00e7\u00e3o anunciada para 01\/11\/23 n\u00e3o se refere ao pre\u00e7o do GLP (g\u00e1s de cozinha), envasado em botij\u00f5es ou vendido a granel. <\/p>\n<ul>\n<li> <a href=\"https:\/\/g1.globo.com\/tudo-sobre\/petrobras\/\" class=\"entities__list-itemLink\" data-track-click=\"Petrobras\"> Petrobras <\/a> <\/li>\n<\/ul>\n<h3> <a id=\"js-next-article-desktop-link\" class=\"next-article-desktop-link\"><\/a> <\/h3>\n<h3> <a id=\"js-next-article-smart-link\" class=\"next-article-smart-link\"><\/a> <\/h3>\n<p>Veja tamb\u00e9m<\/p>\n<\/p>\n<\/p>\n<p>       Anterior   Pr\u00f3ximo     <\/p>\n","protected":false},"excerpt":{"rendered":"<p>Petrobras anuncia redu\u00e7\u00e3o de 2% do pre\u00e7o do g\u00e1s natural para as distribuidoras Empresa afirma que contratos com as distribuidoras preveem atualiza\u00e7\u00f5es trimestrais da parcela do pre\u00e7o relacionada \u00e0 mol\u00e9cula do g\u00e1s e vinculam esta varia\u00e7\u00e3o, para cima ou para baixo, \u00e0s oscila\u00e7\u00f5es do petr\u00f3leo Brent e da taxa de c\u00e2mbio. Por g1 01\/02\/2024 12h17 [&hellip;]<\/p>\n","protected":false},"author":1,"featured_media":0,"comment_status":"closed","ping_status":"closed","sticky":false,"template":"","format":"standard","meta":{"footnotes":""},"categories":[],"tags":[],"class_list":["post-57091","post","type-post","status-publish","format-standard","hentry"],"_links":{"self":[{"href":"https:\/\/blog.corretoraideal.com.br\/index.php\/wp-json\/wp\/v2\/posts\/57091","targetHints":{"allow":["GET"]}}],"collection":[{"href":"https:\/\/blog.corretoraideal.com.br\/index.php\/wp-json\/wp\/v2\/posts"}],"about":[{"href":"https:\/\/blog.corretoraideal.com.br\/index.php\/wp-json\/wp\/v2\/types\/post"}],"author":[{"embeddable":true,"href":"https:\/\/blog.corretoraideal.com.br\/index.php\/wp-json\/wp\/v2\/users\/1"}],"replies":[{"embeddable":true,"href":"https:\/\/blog.corretoraideal.com.br\/index.php\/wp-json\/wp\/v2\/comments?post=57091"}],"version-history":[{"count":1,"href":"https:\/\/blog.corretoraideal.com.br\/index.php\/wp-json\/wp\/v2\/posts\/57091\/revisions"}],"predecessor-version":[{"id":57094,"href":"https:\/\/blog.corretoraideal.com.br\/index.php\/wp-json\/wp\/v2\/posts\/57091\/revisions\/57094"}],"wp:attachment":[{"href":"https:\/\/blog.corretoraideal.com.br\/index.php\/wp-json\/wp\/v2\/media?parent=57091"}],"wp:term":[{"taxonomy":"category","embeddable":true,"href":"https:\/\/blog.corretoraideal.com.br\/index.php\/wp-json\/wp\/v2\/categories?post=57091"},{"taxonomy":"post_tag","embeddable":true,"href":"https:\/\/blog.corretoraideal.com.br\/index.php\/wp-json\/wp\/v2\/tags?post=57091"}],"curies":[{"name":"wp","href":"https:\/\/api.w.org\/{rel}","templated":true}]}}