{"id":57101,"date":"2024-02-01T21:29:33","date_gmt":"2024-02-01T21:29:33","guid":{"rendered":"https:\/\/blog.corretoraideal.com.br\/?p=57101"},"modified":"2024-02-01T21:29:33","modified_gmt":"2024-02-01T21:29:33","slug":"prefeitura-de-varre-sai-abre-processo-seletivo-para-estagiarios-com-objetivo-de-formar-cadastro-reserva-norte-fluminense-g1","status":"publish","type":"post","link":"https:\/\/blog.corretoraideal.com.br\/index.php\/2024\/02\/01\/prefeitura-de-varre-sai-abre-processo-seletivo-para-estagiarios-com-objetivo-de-formar-cadastro-reserva-norte-fluminense-g1\/","title":{"rendered":"Prefeitura de Varre-Sai abre processo seletivo para estagi\u00e1rios com objetivo de formar cadastro reserva | Norte Fluminense | G1"},"content":{"rendered":"<br \/>\n<h1>Prefeitura de Varre-Sai abre processo seletivo para estagi\u00e1rios com objetivo de formar cadastro reserva <\/h1>\n<h2>Inscri\u00e7\u00f5es come\u00e7aram nesta quinta-feira (1\u00ba) e seguem at\u00e9 16 de fevereiro no setor de Protocolo da Prefeitura.<\/h2>\n<p> Por g1 &mdash; Varre-Sai <\/p>\n<p>  01\/02\/2024 16h46    Atualizado  01\/02\/2024    <\/p>\n<p>                      1 de 1&#013;Inscri\u00e7\u00f5es para o processo seletivo para estagi\u00e1rios de Varre-Sai podem ser feitas no setor de protocolo da Prefeitura \u2014 Foto: Prefeitura de Varre-Sai\/Divulga\u00e7\u00e3o    <\/p>\n<p> Inscri\u00e7\u00f5es para o processo seletivo para estagi\u00e1rios de Varre-Sai podem ser feitas no setor de protocolo da Prefeitura \u2014 Foto: Prefeitura de Varre-Sai\/Divulga\u00e7\u00e3o <\/p>\n<p> A Prefeitura de <a class href=\"https:\/\/g1.globo.com\/rj\/norte-fluminense\/cidade\/varre-sai\/\">Varre-Sai<\/a>, no Noroeste Fluminense, abriu um processo seletivo para forma\u00e7\u00e3o de cadastro reserva para estagi\u00e1rios nesta quinta-feira (1\u00ba) e segue at\u00e9 o dia 16 de fevereiro. <\/p>\n<p> As inscri\u00e7\u00f5es podem ser feitas das 7h \u00e0s 13h, no Setor de Protocolo da Prefeitura. <\/p>\n<p> A sele\u00e7\u00e3o \u00e9 para est\u00e1gio obrigat\u00f3rio e n\u00e3o-obrigat\u00f3rio, que, nesse caso, \u00e9 remunerado. <\/p>\n<p> A sele\u00e7\u00e3o ser\u00e1 mediante provas de conhecimento de m\u00faltipla escolha que ser\u00e3o aplicadas no dia 25 de fevereiro. <\/p>\n<p> No total, s\u00e3o vagas para n\u00edvel superior e n\u00edvel m\u00e9dio e m\u00e9dio (t\u00e9cnico). <\/p>\n<p> As vagas oferecidas no n\u00edvel superior s\u00e3o direcionadas aos estudantes dos seguintes cursos: Administra\u00e7\u00e3o, Agropecu\u00e1ria, Servi\u00e7o Social, Biologia, Ci\u00eancias Cont\u00e1beis, Direito, Engenharia Civil, Engenharia Ambiental, Engenharia Florestal, Enfermagem, Farm\u00e1cia, Fisioterapia, Fonoaudiologia, Gest\u00e3o Ambiental, Inform\u00e1tica, Licenciatura em Letras, Pedagogia, Licenciatura em Biologia, Licenciatura em Matem\u00e1tica, Nutri\u00e7\u00e3o, Odontologia, Psicologia, Medicina Veterin\u00e1ria e Sistema de Informa\u00e7\u00e3o. <\/p>\n<p> J\u00e1 para n\u00edvel m\u00e9dio e m\u00e9dio t\u00e9cnico (a partir do 2\u2070 ano, exceto os cursos de carga hor\u00e1ria integral), as oportunidades s\u00e3o para os estudantes dos cursos: t\u00e9cnico em administra\u00e7\u00e3o, t\u00e9cnico em agropecu\u00e1ria, t\u00e9cnico em enfermagem, t\u00e9cnico ambiental, t\u00e9cnico em Radiologia e t\u00e9cnico em inform\u00e1tica. <\/p>\n<p> \u201c\u00c9 uma oportunidade para os jovens estudantes tomarem conhecimento do mecanismo de funcionamento da Prefeitura. E tamb\u00e9m, para no futuro almejarem algum cargo burocr\u00e1tico ou at\u00e9 mesmo pol\u00edtico \u201d, afirmou o Prefeito de Varre-Sai, Silvestre Jos\u00e9 Gorini. <\/p>\n<p> O edital completo e as informa\u00e7\u00f5es complementares est\u00e3o dispon\u00edveis <a class href=\"https:\/\/varresai.rj.gov.br\/site\/pagina\/estagio\/278\/1\" target=\"_blank\" rel=\"noopener noreferrer\">no site da Prefeitura<\/a>. <\/p>\n<ul>\n<li> <a href=\"https:\/\/g1.globo.com\/rj\/norte-fluminense\/cidade\/varre-sai\/\" class=\"entities__list-itemLink\" data-track-click=\"Varre-Sai\"> Varre-Sai <\/a> <\/li>\n<\/ul>\n<h3> <a id=\"js-next-article-desktop-link\" class=\"next-article-desktop-link\"><\/a> <\/h3>\n<h3> <a id=\"js-next-article-smart-link\" class=\"next-article-smart-link\"><\/a> <\/h3>\n<p>Veja tamb\u00e9m<\/p>\n<\/p>\n<\/p>\n<p>       Anterior   Pr\u00f3ximo     <\/p>\n","protected":false},"excerpt":{"rendered":"<p>Prefeitura de Varre-Sai abre processo seletivo para estagi\u00e1rios com objetivo de formar cadastro reserva Inscri\u00e7\u00f5es come\u00e7aram nesta quinta-feira (1\u00ba) e seguem at\u00e9 16 de fevereiro no setor de Protocolo da Prefeitura. Por g1 &mdash; Varre-Sai 01\/02\/2024 16h46 Atualizado 01\/02\/2024 1 de 1&#013;Inscri\u00e7\u00f5es para o processo seletivo para estagi\u00e1rios de Varre-Sai podem ser feitas no setor [&hellip;]<\/p>\n","protected":false},"author":1,"featured_media":0,"comment_status":"closed","ping_status":"closed","sticky":false,"template":"","format":"standard","meta":{"footnotes":""},"categories":[],"tags":[],"class_list":["post-57101","post","type-post","status-publish","format-standard","hentry"],"_links":{"self":[{"href":"https:\/\/blog.corretoraideal.com.br\/index.php\/wp-json\/wp\/v2\/posts\/57101","targetHints":{"allow":["GET"]}}],"collection":[{"href":"https:\/\/blog.corretoraideal.com.br\/index.php\/wp-json\/wp\/v2\/posts"}],"about":[{"href":"https:\/\/blog.corretoraideal.com.br\/index.php\/wp-json\/wp\/v2\/types\/post"}],"author":[{"embeddable":true,"href":"https:\/\/blog.corretoraideal.com.br\/index.php\/wp-json\/wp\/v2\/users\/1"}],"replies":[{"embeddable":true,"href":"https:\/\/blog.corretoraideal.com.br\/index.php\/wp-json\/wp\/v2\/comments?post=57101"}],"version-history":[{"count":1,"href":"https:\/\/blog.corretoraideal.com.br\/index.php\/wp-json\/wp\/v2\/posts\/57101\/revisions"}],"predecessor-version":[{"id":57103,"href":"https:\/\/blog.corretoraideal.com.br\/index.php\/wp-json\/wp\/v2\/posts\/57101\/revisions\/57103"}],"wp:attachment":[{"href":"https:\/\/blog.corretoraideal.com.br\/index.php\/wp-json\/wp\/v2\/media?parent=57101"}],"wp:term":[{"taxonomy":"category","embeddable":true,"href":"https:\/\/blog.corretoraideal.com.br\/index.php\/wp-json\/wp\/v2\/categories?post=57101"},{"taxonomy":"post_tag","embeddable":true,"href":"https:\/\/blog.corretoraideal.com.br\/index.php\/wp-json\/wp\/v2\/tags?post=57101"}],"curies":[{"name":"wp","href":"https:\/\/api.w.org\/{rel}","templated":true}]}}