{"id":57230,"date":"2024-02-05T20:29:37","date_gmt":"2024-02-05T20:29:37","guid":{"rendered":"https:\/\/blog.corretoraideal.com.br\/?p=57230"},"modified":"2024-02-05T20:29:37","modified_gmt":"2024-02-05T20:29:37","slug":"pre-vestibular-cecierj-esta-com-inscricoes-abertas-para-aulas-presenciais-e-a-distancia-regiao-serrana-g1","status":"publish","type":"post","link":"https:\/\/blog.corretoraideal.com.br\/index.php\/2024\/02\/05\/pre-vestibular-cecierj-esta-com-inscricoes-abertas-para-aulas-presenciais-e-a-distancia-regiao-serrana-g1\/","title":{"rendered":"Pr\u00e9-vestibular Cecierj est\u00e1 com inscri\u00e7\u00f5es abertas para aulas presenciais e \u00e0 dist\u00e2ncia | Regi\u00e3o Serrana | G1"},"content":{"rendered":"<br \/>\n<h1>Pr\u00e9-vestibular Cecierj est\u00e1 com inscri\u00e7\u00f5es abertas para aulas presenciais e \u00e0 dist\u00e2ncia<\/h1>\n<h2>Iniciativa prepara jovens para o Enem, vestibular do Cederj e outros vestibulares. As inscri\u00e7\u00f5es gratuitas v\u00e3o at\u00e9 14 de mar\u00e7o.<\/h2>\n<p> Por g1 <\/p>\n<p>  05\/02\/2024 15h05    Atualizado  05\/02\/2024    <\/p>\n<p> Pr\u00e9-vestibular Cecierj est\u00e1 com inscri\u00e7\u00f5es abertas para aulas presenciais e \u00e0 dist\u00e2ncia para quem deseja se preparar para o Enem, vestibular do Cederj e vestibulares de outras institui\u00e7\u00f5es. <\/p>\n<p> S\u00e3o mais de oito mil vagas gratuitas, sendo tr\u00eas mil on-line e 5.375 na modalidade presencial, distribu\u00eddas em 45 pontos em todos o estado. <\/p>\n<p> As inscri\u00e7\u00f5es v\u00e3o at\u00e9 14 de mar\u00e7o, e devem ser feitas pela internet, no link: <a class href=\"https:\/\/www.cecierj.edu.br\/pre-vestibular-social\/estude-no-pvs\/\" target=\"_blank\" rel=\"noopener noreferrer\">https:\/\/www.cecierj.edu.br\/pre-vestibular-social\/estude-no-pvs\/<\/a>. <\/p>\n<p> A lista dos polos presenciais tamb\u00e9m <a class href=\"https:\/\/www.cecierj.edu.br\/wp-content\/uploads\/2024\/01\/Polos-PVS-2024.pdf\" target=\"_blank\" rel=\"noopener noreferrer\">est\u00e1 dispon\u00edvel no site da institui\u00e7\u00e3o<\/a>. <\/p>\n<p><h2>Quem pode se inscrever:<\/h2>\n<\/p>\n<p> Podem se inscrever os estudantes que, em 2024, estiverem matriculados no \u00faltimo ano do ensino m\u00e9dio em institui\u00e7\u00f5es de ensino p\u00fablicas ou particulares e os que j\u00e1 tenham conclu\u00eddo essa fase. <\/p>\n<p> As aulas come\u00e7am no dia 6 de abril e terminam em 7 de dezembro de 2024. <\/p>\n<p> No ato da inscri\u00e7\u00e3o, o candidato dever\u00e1 preencher o formul\u00e1rio indicando a modalidade em que deseja estudar: presencial ou a dist\u00e2ncia. <\/p>\n<p> Os que optarem pelo formato on-line do curso ter\u00e3o direito apenas \u00e0 vers\u00e3o digital de todo o material did\u00e1tico, e toda a intera\u00e7\u00e3o com tutores ser\u00e1 realizada na plataforma virtual de aprendizagem do projeto. <\/p>\n<p> J\u00e1 os alunos que optarem pela modalidade presencial, t\u00eam acesso ao material did\u00e1tico impresso, colorido e conectado com a plataforma de estudos, onde v\u00e3o encontrar links nas p\u00e1ginas dos livros, que indicam para atividade adicional na internet. <\/p>\n<p> \u201cCriado em 2003, o Pr\u00e9-Vestibular Cecierj \u00e9 um curso preparat\u00f3rio para as provas de acesso \u00e0s universidades, com um alto \u00edndice de aprova\u00e7\u00e3o, o que nos deixa extremamente orgulhosos. Esse projeto promove uma chance para o aluno ingressar no ensino superior e, consequentemente, inser\u00e7\u00e3o no mercado de trabalho e um futuro com muitas possibilidades\u201d, destacou o presidente da Funda\u00e7\u00e3o Cecierj, Jo\u00e3o Carrilho. <\/p>\n<p> Mais de 250 mil pessoas j\u00e1 fizeram o pr\u00e9-vestibular desde a cria\u00e7\u00e3o do projeto, que \u00e9 desenvolvido em parceria com a Secretaria de Estado de Educa\u00e7\u00e3o, Rede Ceja e Faetec. <\/p>\n<ul> <\/ul>\n<h3> <a id=\"js-next-article-desktop-link\" class=\"next-article-desktop-link\"><\/a> <\/h3>\n<h3> <a id=\"js-next-article-smart-link\" class=\"next-article-smart-link\"><\/a> <\/h3>\n<p>Veja tamb\u00e9m<\/p>\n<\/p>\n<\/p>\n<p>       Anterior   Pr\u00f3ximo     <\/p>\n","protected":false},"excerpt":{"rendered":"<p>Pr\u00e9-vestibular Cecierj est\u00e1 com inscri\u00e7\u00f5es abertas para aulas presenciais e \u00e0 dist\u00e2ncia Iniciativa prepara jovens para o Enem, vestibular do Cederj e outros vestibulares. As inscri\u00e7\u00f5es gratuitas v\u00e3o at\u00e9 14 de mar\u00e7o. Por g1 05\/02\/2024 15h05 Atualizado 05\/02\/2024 Pr\u00e9-vestibular Cecierj est\u00e1 com inscri\u00e7\u00f5es abertas para aulas presenciais e \u00e0 dist\u00e2ncia para quem deseja se preparar [&hellip;]<\/p>\n","protected":false},"author":1,"featured_media":0,"comment_status":"closed","ping_status":"closed","sticky":false,"template":"","format":"standard","meta":{"footnotes":""},"categories":[],"tags":[],"class_list":["post-57230","post","type-post","status-publish","format-standard","hentry"],"_links":{"self":[{"href":"https:\/\/blog.corretoraideal.com.br\/index.php\/wp-json\/wp\/v2\/posts\/57230","targetHints":{"allow":["GET"]}}],"collection":[{"href":"https:\/\/blog.corretoraideal.com.br\/index.php\/wp-json\/wp\/v2\/posts"}],"about":[{"href":"https:\/\/blog.corretoraideal.com.br\/index.php\/wp-json\/wp\/v2\/types\/post"}],"author":[{"embeddable":true,"href":"https:\/\/blog.corretoraideal.com.br\/index.php\/wp-json\/wp\/v2\/users\/1"}],"replies":[{"embeddable":true,"href":"https:\/\/blog.corretoraideal.com.br\/index.php\/wp-json\/wp\/v2\/comments?post=57230"}],"version-history":[{"count":1,"href":"https:\/\/blog.corretoraideal.com.br\/index.php\/wp-json\/wp\/v2\/posts\/57230\/revisions"}],"predecessor-version":[{"id":57232,"href":"https:\/\/blog.corretoraideal.com.br\/index.php\/wp-json\/wp\/v2\/posts\/57230\/revisions\/57232"}],"wp:attachment":[{"href":"https:\/\/blog.corretoraideal.com.br\/index.php\/wp-json\/wp\/v2\/media?parent=57230"}],"wp:term":[{"taxonomy":"category","embeddable":true,"href":"https:\/\/blog.corretoraideal.com.br\/index.php\/wp-json\/wp\/v2\/categories?post=57230"},{"taxonomy":"post_tag","embeddable":true,"href":"https:\/\/blog.corretoraideal.com.br\/index.php\/wp-json\/wp\/v2\/tags?post=57230"}],"curies":[{"name":"wp","href":"https:\/\/api.w.org\/{rel}","templated":true}]}}