{"id":58324,"date":"2024-03-04T01:29:49","date_gmt":"2024-03-04T01:29:49","guid":{"rendered":"https:\/\/blog.corretoraideal.com.br\/?p=58324"},"modified":"2024-03-04T01:29:49","modified_gmt":"2024-03-04T01:29:49","slug":"da-para-encontrar-ate-jacare-em-um-dos-rios-mais-preservados-do-estado-nosso-campo-g1","status":"publish","type":"post","link":"https:\/\/blog.corretoraideal.com.br\/index.php\/2024\/03\/04\/da-para-encontrar-ate-jacare-em-um-dos-rios-mais-preservados-do-estado-nosso-campo-g1\/","title":{"rendered":"D\u00e1 para encontrar at\u00e9 jacar\u00e9 em um dos rios mais preservados do estado | Nosso Campo | G1"},"content":{"rendered":"<br \/>\n<h1>D\u00e1 para encontrar at\u00e9 jacar\u00e9 em um dos rios mais preservados do estado<\/h1>\n<h2>Para conhecer melhor as belezas do rio turvo, a equipe do Nosso Campo foi at\u00e9 um trecho que passa por Rio Preto (SP), e com o aux\u00edlio da pol\u00edcia ambiental da cidade, percorreu um trecho de 20 quil\u00f4metros, entre ida e volta, e navegou por v\u00e1rias horas. <\/h2>\n<p> Por Nosso Campo, TV TEM <\/p>\n<p>  03\/03\/2024 07h20    Atualizado  03\/03\/2024    <\/p>\n<p>                      1 de 1&#013;D\u00e1 para encontrar at\u00e9 jacar\u00e9 em um dos rios mais preservados do Estado \u2014 Foto: Reprodu\u00e7\u00e3o\/TV TEM    <\/p>\n<p> D\u00e1 para encontrar at\u00e9 jacar\u00e9 em um dos rios mais preservados do Estado \u2014 Foto: Reprodu\u00e7\u00e3o\/TV TEM <\/p>\n<p> Com pouco mais de 260 quil\u00f4metros de extens\u00e3o, o Rio Turvo \u00e9 um dos mais importantes do interior de S\u00e3o Paulo, e se destaca por sua preserva\u00e7\u00e3o, as diversas esp\u00e9cies da fauna brasileira que abriga e, claro, por sua beleza natural. <\/p>\n<p> Para conhecer melhor as belezas deste rio, a equipe do Nosso Campo foi at\u00e9 um trecho que passa por <a class href=\"https:\/\/g1.globo.com\/sp\/sao-jose-do-rio-preto-aracatuba\/cidade\/sao-jose-do-rio-preto\/\">S\u00e3o Jos\u00e9 do Rio Preto (SP)<\/a>, e, com o aux\u00edlio da Pol\u00edcia Ambiental da cidade, percorreu um trecho de 20 quil\u00f4metros, entre ida e volta, e navegou por v\u00e1rias horas. <\/p>\n<p> Respirar o ar puro, sentir o vento no rosto e contemplar a natureza, com muito verde, s\u00e3o alguns dos cen\u00e1rios que esse passeio pode proporcionar. Em alguns trechos, a \u00e1rea de vegeta\u00e7\u00e3o nativa chega a quase um quil\u00f4metro . <\/p>\n<p> <strong>Veja a reportagem exibida no programa em 03\/03\/2024:<\/strong> <\/p>\n<p>                   <img loading=\"lazy\" decoding=\"async\" class=\"aligncenter size-full wp-image-58326\" src=\"https:\/\/blog.corretoraideal.com.br\/wp-content\/uploads\/2024\/03\/da-para-encontrar-ate-jacare-em-um-dos-rios-mais-preservados-do-estado-1.jpeg\" alt=\"D\u00e1 para encontrar at\u00e9 jacar\u00e9 em um dos rios mais preservados do Estado\" width=\"800\" height=\"400\" \/>       <\/p>\n<p> D\u00e1 para encontrar at\u00e9 jacar\u00e9 em um dos rios mais preservados do Estado <\/p>\n<p> Entre uma parada e outra, \u00e9 poss\u00edvel admirar as aves das mais variadas esp\u00e9cies, capivaras e at\u00e9 um encontro inusitado com um jacar\u00e9, sinais da riqueza e da fauna que existem ao longo do rio. <\/p>\n<p> H\u00e1 pessoas que escolheram viver no curso do Turvo. Oswaldo de Oliveira \u00e9 ribeirinho e h\u00e1 mais de 30 anos tem como quintal de casa o rio, que \u00e0s vezes \u00e9 a piscina, e tamb\u00e9m de onde vem, quando necess\u00e1rio, o sustento dele. <\/p>\n<p> Apesar de abrigar pessoas, existem pontos do rio em que a pol\u00edcia precisou intervir como, por exemplo em um rancho irregular. <\/p>\n<p> Em outro ponto, as \u00e1rvores, que antes existiam nas margens do rio, foram substitu\u00eddas por toras de madeira. Com isso, o barranco perdeu a prote\u00e7\u00e3o natural. Esses s\u00e3o alguns dos problemas que ainda existem e amea\u00e7am a natureza, que resiste bravamente. <\/p>\n<p> A expedi\u00e7\u00e3o termina em um dos trechos mais conhecidos do Rio Turvo: na cachoeira do Talhad\u00e3o, que fica no distrito Duplo C\u00e9u, na cidade de <a class href=\"https:\/\/g1.globo.com\/sp\/sao-jose-do-rio-preto-aracatuba\/cidade\/palestina-sp\/\">Palestina (SP)<\/a>. Um trecho repleto de beleza natural. As pedras no fundo do rio formam uma queda d\u2019\u00e1gua que atrai turistas de toda a regi\u00e3o. <\/p>\n<p> \u00c9 o rio calmo, cheio de curvas, que d\u00e3o espa\u00e7o para as \u00e1guas mais agitadas, atraindo dezenas de visitantes. <\/p>\n<p><h2><strong>V\u00cdDEOS: veja as reportagens do Nosso Campo<\/strong><\/h2>\n<\/p>\n<p>   <a href=\"https:\/\/g1.globo.com\/sp\/sorocaba-jundiai\/nosso-campo\/playlist\/videos-veja-as-reportagens-do-nosso-campo.ghtml\">    50 v\u00eddeos      <\/a>   <\/p>\n<p> <strong>Acesse + <\/strong><a class href=\"https:\/\/redeglobo.globo.com\/sp\/tvtem\/\"><strong>TV TEM<\/strong><\/a><strong> | <\/strong><a class href=\"https:\/\/redeglobo.globo.com\/sp\/tvtem\/sorocaba-e-regiao\/programacao\/?region=sorocaba-e-regiao#20170330527359https:\/\/redeglobo.globo.com\/sp\/tvtem\/sorocaba-e-regiao\/programacao\/?region=sorocaba-e-regiao#20170330527359\"><strong>Programa\u00e7\u00e3o<\/strong><\/a><strong> | <\/strong><a class href=\"https:\/\/redeglobo.globo.com\/sp\/tvtem\/noticia\/videos-acesse-os-catalogos-dos-programas-da-tv-tem.ghtml\"><strong>V\u00eddeos<\/strong><\/a><strong> | <\/strong><a class href=\"https:\/\/redeglobo.globo.com\/sp\/tvtem\/noticia\/pela-web-confira-os-enderecos-oficiais-da-tv-tem-nas-redes-sociais.ghtml\"><strong>Redes sociais<\/strong><\/a> <\/p>\n<h3>Saiba Mais<\/h3>\n<ul>\n<li>\n<p> <a class=\"content-link\" href=\"http:\/\/g1.globo.com\/sao-paulo\/sorocaba-jundiai\/nosso-campo\/\">Confira as \u00faltimas not\u00edcias do Nosso Campo<\/a>   <\/p>\n<\/li>\n<\/ul>\n<ul>\n<li> <a href=\"https:\/\/g1.globo.com\/sp\/sao-jose-do-rio-preto-aracatuba\/cidade\/palestina-sp\/\" class=\"entities__list-itemLink\" data-track-click=\"Palestina\"> Palestina <\/a> <\/li>\n<li> <a href=\"https:\/\/g1.globo.com\/sp\/sao-jose-do-rio-preto-aracatuba\/cidade\/sao-jose-do-rio-preto\/\" class=\"entities__list-itemLink\" data-track-click=\"S\u00e3o Jos\u00e9 do Rio Preto\"> S\u00e3o Jos\u00e9 do Rio Preto <\/a> <\/li>\n<\/ul>\n<h3> <a id=\"js-next-article-desktop-link\" class=\"next-article-desktop-link\"><\/a> <\/h3>\n<h3> <a id=\"js-next-article-smart-link\" class=\"next-article-smart-link\"><\/a> <\/h3>\n<p>Veja tamb\u00e9m<\/p>\n<\/p>\n<\/p>\n<p>       Anterior   Pr\u00f3ximo     <\/p>\n","protected":false},"excerpt":{"rendered":"<p>D\u00e1 para encontrar at\u00e9 jacar\u00e9 em um dos rios mais preservados do estado Para conhecer melhor as belezas do rio turvo, a equipe do Nosso Campo foi at\u00e9 um trecho que passa por Rio Preto (SP), e com o aux\u00edlio da pol\u00edcia ambiental da cidade, percorreu um trecho de 20 quil\u00f4metros, entre ida e volta, [&hellip;]<\/p>\n","protected":false},"author":1,"featured_media":0,"comment_status":"closed","ping_status":"closed","sticky":false,"template":"","format":"standard","meta":{"footnotes":""},"categories":[],"tags":[],"class_list":["post-58324","post","type-post","status-publish","format-standard","hentry"],"_links":{"self":[{"href":"https:\/\/blog.corretoraideal.com.br\/index.php\/wp-json\/wp\/v2\/posts\/58324","targetHints":{"allow":["GET"]}}],"collection":[{"href":"https:\/\/blog.corretoraideal.com.br\/index.php\/wp-json\/wp\/v2\/posts"}],"about":[{"href":"https:\/\/blog.corretoraideal.com.br\/index.php\/wp-json\/wp\/v2\/types\/post"}],"author":[{"embeddable":true,"href":"https:\/\/blog.corretoraideal.com.br\/index.php\/wp-json\/wp\/v2\/users\/1"}],"replies":[{"embeddable":true,"href":"https:\/\/blog.corretoraideal.com.br\/index.php\/wp-json\/wp\/v2\/comments?post=58324"}],"version-history":[{"count":1,"href":"https:\/\/blog.corretoraideal.com.br\/index.php\/wp-json\/wp\/v2\/posts\/58324\/revisions"}],"predecessor-version":[{"id":58327,"href":"https:\/\/blog.corretoraideal.com.br\/index.php\/wp-json\/wp\/v2\/posts\/58324\/revisions\/58327"}],"wp:attachment":[{"href":"https:\/\/blog.corretoraideal.com.br\/index.php\/wp-json\/wp\/v2\/media?parent=58324"}],"wp:term":[{"taxonomy":"category","embeddable":true,"href":"https:\/\/blog.corretoraideal.com.br\/index.php\/wp-json\/wp\/v2\/categories?post=58324"},{"taxonomy":"post_tag","embeddable":true,"href":"https:\/\/blog.corretoraideal.com.br\/index.php\/wp-json\/wp\/v2\/tags?post=58324"}],"curies":[{"name":"wp","href":"https:\/\/api.w.org\/{rel}","templated":true}]}}