{"id":58382,"date":"2024-03-05T17:29:47","date_gmt":"2024-03-05T17:29:47","guid":{"rendered":"https:\/\/blog.corretoraideal.com.br\/?p=58382"},"modified":"2024-03-05T17:29:47","modified_gmt":"2024-03-05T17:29:47","slug":"governo-vai-elaborar-novo-programa-para-auxiliar-setor-de-eventos-diz-haddad-politica-g1","status":"publish","type":"post","link":"https:\/\/blog.corretoraideal.com.br\/index.php\/2024\/03\/05\/governo-vai-elaborar-novo-programa-para-auxiliar-setor-de-eventos-diz-haddad-politica-g1\/","title":{"rendered":"Governo vai elaborar novo programa para auxiliar setor de eventos, diz Haddad | Pol\u00edtica | G1"},"content":{"rendered":"<br \/>\n<h1>Governo vai elaborar novo programa para auxiliar setor de eventos, diz Haddad<\/h1>\n<p> Por <a class=\"multi_signatures\" href=\"https:\/\/g1.globo.com\/autores\/alexandro-martello\/\">Alexandro Martello<\/a>, <a class=\"multi_signatures\" href=\"https:\/\/g1.globo.com\/autores\/kevin-lima\/\">Kevin Lima<\/a>, g1 &mdash; Bras\u00edlia <\/p>\n<p>  05\/03\/2024 14h17    Atualizado  05\/03\/2024    <\/p>\n<p> O ministro da Fazenda, Fernando Haddad, afirmou nesta ter\u00e7a-feira (5) que o governo vai elaborar um novo programa para o setor de eventos por meio de projeto de lei. <\/p>\n<p> A declara\u00e7\u00e3o foi dada ap\u00f3s uma reuni\u00e3o com o presidente da C\u00e2mara dos Deputados, Arthur Lira, e lideran\u00e7as da casa. <\/p>\n<p> Segundo Haddad, a proposta, que ser\u00e1 encaminhada com urg\u00eancia constitucional, substituir\u00e1 o atual Programa Emergencial de Retomada do Setor de Eventos (Perse), que o governo pretende acabar por meio de Medida Provis\u00f3ria. <\/p>\n<p>&quot;A MP 1202 [que extingue o Perse] vai ficar como est\u00e1, com aquela supress\u00e3o que foi feita a pedido do presidente Rodrigo Pacheco. E n\u00f3s vamos encaminhar um projeto em rela\u00e7\u00e3o a munic\u00edpios e ao Perse com a discuss\u00e3o que foi feita junto aos l\u00edderes. Que fizeram v\u00e1rias sugest\u00f5es para enxugar aquilo que eles pr\u00f3prios reconheceram como um completo descontrole do programa&quot;, declarou Haddad.<\/p>\n<ul>\n<li>O Perse foi criado no in\u00edcio da pandemia de Covid-19 para beneficiar o setor cultural. Foi prorrogado pelo Congresso, em maio de 2023, at\u00e9 2026. <\/li>\n<li>Em dezembro passado, gerando insatisfa\u00e7\u00e3o entre deputados, o governo editou uma medida provis\u00f3ria que imp\u00f5e limites ao programa. <\/li>\n<\/ul>\n<p> Segundo o ministro da Fazenda, o novo projeto de ajuda ao setor de eventos ser\u00e1 focado nos segmentos que ainda demandam cuidados. Haddad explicou que algumas empresas que est\u00e3o usufruindo do benef\u00edcio fiscal n\u00e3o operavam durante a pandemia. Por isso, n\u00e3o s\u00e3o &quot;merecedoras&quot;. <\/p>\n<p> &quot;Lembrando que das 11 mil empresas do Perse, o faturamento em 2019, portanto pr\u00e9-pandemia, foi de R$ 146 bilh\u00f5es. O faturamento em 2020, que foi o pico da pandemia, foi de R$ 101 bilh\u00f5es. E o faturamento em 2022 j\u00e1 foi de R$ 200 bilh\u00f5es de reais. Portanto n\u00f3s j\u00e1 estamos em franca recupera\u00e7\u00e3o&quot;, acrescentou Haddad. <\/p>\n<p> O autor da lei que criou um programa de benef\u00edcios ao setor de eventos na pandemia, deputado Felipe Carreras (PSB-PE), confirmou que o governo vai elaborar um novo projeto que redesenha a medida. <\/p>\n<p> \u201cFoi pactuado por unanimidade entre todos os l\u00edderes presentes, o presidente da C\u00e2mara e o pr\u00f3prio ministro Haddad que ser\u00e1 enviado um projeto de lei com urg\u00eancia constitucional para, em v\u00e1rias m\u00e3os, o Perse ser redesenhado\u201d, disse. <\/p>\n<ul> <\/ul>\n<h3> <a id=\"js-next-article-desktop-link\" class=\"next-article-desktop-link\"><\/a> <\/h3>\n<h3> <a id=\"js-next-article-smart-link\" class=\"next-article-smart-link\"><\/a> <\/h3>\n<p>Veja tamb\u00e9m<\/p>\n<\/p>\n<\/p>\n<p>       Anterior   Pr\u00f3ximo     <\/p>\n","protected":false},"excerpt":{"rendered":"<p>Governo vai elaborar novo programa para auxiliar setor de eventos, diz Haddad Por Alexandro Martello, Kevin Lima, g1 &mdash; Bras\u00edlia 05\/03\/2024 14h17 Atualizado 05\/03\/2024 O ministro da Fazenda, Fernando Haddad, afirmou nesta ter\u00e7a-feira (5) que o governo vai elaborar um novo programa para o setor de eventos por meio de projeto de lei. A declara\u00e7\u00e3o [&hellip;]<\/p>\n","protected":false},"author":1,"featured_media":0,"comment_status":"closed","ping_status":"closed","sticky":false,"template":"","format":"standard","meta":{"footnotes":""},"categories":[],"tags":[],"class_list":["post-58382","post","type-post","status-publish","format-standard","hentry"],"_links":{"self":[{"href":"https:\/\/blog.corretoraideal.com.br\/index.php\/wp-json\/wp\/v2\/posts\/58382","targetHints":{"allow":["GET"]}}],"collection":[{"href":"https:\/\/blog.corretoraideal.com.br\/index.php\/wp-json\/wp\/v2\/posts"}],"about":[{"href":"https:\/\/blog.corretoraideal.com.br\/index.php\/wp-json\/wp\/v2\/types\/post"}],"author":[{"embeddable":true,"href":"https:\/\/blog.corretoraideal.com.br\/index.php\/wp-json\/wp\/v2\/users\/1"}],"replies":[{"embeddable":true,"href":"https:\/\/blog.corretoraideal.com.br\/index.php\/wp-json\/wp\/v2\/comments?post=58382"}],"version-history":[{"count":1,"href":"https:\/\/blog.corretoraideal.com.br\/index.php\/wp-json\/wp\/v2\/posts\/58382\/revisions"}],"predecessor-version":[{"id":58384,"href":"https:\/\/blog.corretoraideal.com.br\/index.php\/wp-json\/wp\/v2\/posts\/58382\/revisions\/58384"}],"wp:attachment":[{"href":"https:\/\/blog.corretoraideal.com.br\/index.php\/wp-json\/wp\/v2\/media?parent=58382"}],"wp:term":[{"taxonomy":"category","embeddable":true,"href":"https:\/\/blog.corretoraideal.com.br\/index.php\/wp-json\/wp\/v2\/categories?post=58382"},{"taxonomy":"post_tag","embeddable":true,"href":"https:\/\/blog.corretoraideal.com.br\/index.php\/wp-json\/wp\/v2\/tags?post=58382"}],"curies":[{"name":"wp","href":"https:\/\/api.w.org\/{rel}","templated":true}]}}