{"id":58385,"date":"2024-03-05T18:30:20","date_gmt":"2024-03-05T18:30:20","guid":{"rendered":"https:\/\/blog.corretoraideal.com.br\/?p=58385"},"modified":"2024-03-05T18:30:20","modified_gmt":"2024-03-05T18:30:20","slug":"google-que-diz-corrigiu-falha-que-deixou-gmail-instavel-nesta-terca-tecnologia-g1","status":"publish","type":"post","link":"https:\/\/blog.corretoraideal.com.br\/index.php\/2024\/03\/05\/google-que-diz-corrigiu-falha-que-deixou-gmail-instavel-nesta-terca-tecnologia-g1\/","title":{"rendered":"Google que diz corrigiu falha que deixou Gmail inst\u00e1vel nesta ter\u00e7a | Tecnologia | G1"},"content":{"rendered":"<br \/>\n<h1>Google que diz corrigiu falha que deixou Gmail inst\u00e1vel nesta ter\u00e7a<\/h1>\n<h2>Segundo a empresa, o servi\u00e7o apresentou erro para alguns usu\u00e1rios por conta de um aumento de tr\u00e1fego pela manh\u00e3. Mais cedo, Facebook e Instagram tamb\u00e9m tiveram problema. <\/h2>\n<p> Por g1 <\/p>\n<p>  05\/03\/2024 14h11    Atualizado  05\/03\/2024    <\/p>\n<ul>\n<li>\n<p> O Google disse que corrigiu a instabilidade apresentada pelo Gmail nesta ter\u00e7a-feira (5). <\/p>\n<\/li>\n<li>\n<p> Segundo a empresa, alguns usu\u00e1rios enfrentaram problemas para realizar diversas a\u00e7\u00f5es e atraso na entrega de e-mails por conta de um aumento de tr\u00e1fego no Gmail. <\/p>\n<\/li>\n<li>\n<p> Boa parte das reclama\u00e7\u00f5es estava nos EUA, segundo o site Downdetector. <\/p>\n<\/li>\n<\/ul>\n<p> O Google disse que corrigiu a instabilidade apresentada pelo Gmail nesta ter\u00e7a-feira (5). <\/p>\n<p> Segundo a empresa, alguns usu\u00e1rios enfrentaram problemas para realizar diversas a\u00e7\u00f5es e atraso na entrega de e-mails por conta de um aumento de tr\u00e1fego no Gmail. <\/p>\n<p> Boa parte das reclama\u00e7\u00f5es estava nos EUA, segundo o site Downdetector. <\/p>\n<p>         1 de 2&#013;Novo logotipo do Gmail \u2014 Foto: Google\/Divulga\u00e7\u00e3o    <\/p>\n<p> Novo logotipo do Gmail \u2014 Foto: Google\/Divulga\u00e7\u00e3o <\/p>\n<p> O <a class href=\"https:\/\/g1.globo.com\/tudo-sobre\/google\/\">Google<\/a> disse que corrigiu a instabilidade apresentada pelo Gmail nesta ter\u00e7a-feira (5). Segundo a empresa, o problema foi corrigido \u00e0s 15h34 (hor\u00e1rio de Bras\u00edlia), depois de um aumento de tr\u00e1fego no servi\u00e7o durante a manh\u00e3. <\/p>\n<p> &quot;Ampliamos nossos sistemas para atender \u00e0 carga adicional&quot;, disse o Google. A empresa informou que a falha fez alguns usu\u00e1rios encontrarem erros ao realizar diversas a\u00e7\u00f5es e enfrentarem atrasos na entrega de e-mails. <\/p>\n<p> O site Downdetector, que re\u00fane relatos de instabilidade de apps e sites em v\u00e1rios pa\u00edses, chegou a registrar 34 reclama\u00e7\u00f5es de usu\u00e1rios no Brasil. Nos Estados Unidos, foram registradas 587 notifica\u00e7\u00f5es. <\/p>\n<p> &quot;Gmail tamb\u00e9m est\u00e1 fora do ar? Sumiram todos os meus e-mails&quot;, escreveu uma pessoa no X (antigo Twitter). &quot;O Gmail tamb\u00e9m est\u00e1 fora do ar porque eles tamb\u00e9m me desconectaram e n\u00e3o est\u00e3o me deixando fazer login novamente&quot;, disse outra. <\/p>\n<p> Mais cedo, por volta das 12h30, o <a class href=\"https:\/\/g1.globo.com\/tecnologia\/noticia\/2024\/03\/05\/instagram-e-facebook-apresentam-instabilidade-nesta-terca-feira.ghtml\">Instagram e o Facebook tamb\u00e9m ficaram fora do ar<\/a>. &quot;Um problema t\u00e9cnico fez com que as pessoas tivessem dificuldade em acessar alguns de nossos servi\u00e7os&quot;, disse Andy Stone, diretor de comunica\u00e7\u00f5es da Meta. <\/p>\n<p> Outros servi\u00e7os do Google, como Google Drive, Gemini, Google Meet e Google Agenda, seguem funcionando normalmente. <\/p>\n<p>         2 de 2&#013;P\u00e1gina sobre incidentes de servi\u00e7os do Google \u2014 Foto: Reprodu\u00e7\u00e3o\/Google    <\/p>\n<p> P\u00e1gina sobre incidentes de servi\u00e7os do Google \u2014 Foto: Reprodu\u00e7\u00e3o\/Google <\/p>\n<p><h2>Apple Vision Pro: veja primeiras impress\u00f5es sobre \u00f3culos de realidade virtual<\/h2>\n<\/p>\n<p>                   <img loading=\"lazy\" decoding=\"async\" class=\"aligncenter size-full wp-image-58387\" src=\"https:\/\/blog.corretoraideal.com.br\/wp-content\/uploads\/2024\/03\/apple-vision-pro-veja-primeiras-impressoes-sobre-oculos-de-realidade-virtual-1.jpeg\" alt=\"Apple Vision Pro: veja primeiras impress\u00f5es sobre \u00f3culos de realidade virtual\" width=\"800\" height=\"400\" \/>       <\/p>\n<p> Apple Vision Pro: veja primeiras impress\u00f5es sobre \u00f3culos de realidade virtual <\/p>\n<p><h2>Duelo de celulares: Galaxy S24 x iPhone 15<\/h2>\n<\/p>\n<p>                   <img loading=\"lazy\" decoding=\"async\" class=\"aligncenter size-full wp-image-58388\" src=\"https:\/\/blog.corretoraideal.com.br\/wp-content\/uploads\/2024\/03\/duelo-de-celulares-galaxy-s24-x-iphone-15-3.jpeg\" alt=\"Duelo de celulares: Galaxy S24 x iPhone 15\" width=\"800\" height=\"400\" \/>       <\/p>\n<p> Duelo de celulares: Galaxy S24 x iPhone 15 <\/p>\n<p><h2>Os bastidores, as estrat\u00e9gias e a rotina de quem ganha a vida vendendo v\u00eddeos de sexo<\/h2>\n<\/p>\n<p>                   <img loading=\"lazy\" decoding=\"async\" class=\"aligncenter size-full wp-image-58389\" src=\"https:\/\/blog.corretoraideal.com.br\/wp-content\/uploads\/2024\/03\/os-bastidores-as-estrategias-e-a-rotina-de-quem-ganha-a-vida-vendendo-videos-de-sexo.jpeg\" alt=\"Os bastidores, as estrat\u00e9gias e a rotina de quem ganha a vida vendendo v\u00eddeos de sexo\" width=\"800\" height=\"400\" \/>       <\/p>\n<p> Os bastidores, as estrat\u00e9gias e a rotina de quem ganha a vida vendendo v\u00eddeos de sexo <\/p>\n<ul>\n<li> <a href=\"https:\/\/g1.globo.com\/tudo-sobre\/google\/\" class=\"entities__list-itemLink\" data-track-click=\"Google\"> Google <\/a> <\/li>\n<\/ul>\n<h3> <a id=\"js-next-article-desktop-link\" class=\"next-article-desktop-link\"><\/a> <\/h3>\n<h3> <a id=\"js-next-article-smart-link\" class=\"next-article-smart-link\"><\/a> <\/h3>\n<p>Veja tamb\u00e9m<\/p>\n<\/p>\n<\/p>\n<p>       Anterior   Pr\u00f3ximo     <\/p>\n","protected":false},"excerpt":{"rendered":"<p>Google que diz corrigiu falha que deixou Gmail inst\u00e1vel nesta ter\u00e7a Segundo a empresa, o servi\u00e7o apresentou erro para alguns usu\u00e1rios por conta de um aumento de tr\u00e1fego pela manh\u00e3. Mais cedo, Facebook e Instagram tamb\u00e9m tiveram problema. Por g1 05\/03\/2024 14h11 Atualizado 05\/03\/2024 O Google disse que corrigiu a instabilidade apresentada pelo Gmail nesta [&hellip;]<\/p>\n","protected":false},"author":1,"featured_media":0,"comment_status":"closed","ping_status":"closed","sticky":false,"template":"","format":"standard","meta":{"footnotes":""},"categories":[],"tags":[],"class_list":["post-58385","post","type-post","status-publish","format-standard","hentry"],"_links":{"self":[{"href":"https:\/\/blog.corretoraideal.com.br\/index.php\/wp-json\/wp\/v2\/posts\/58385","targetHints":{"allow":["GET"]}}],"collection":[{"href":"https:\/\/blog.corretoraideal.com.br\/index.php\/wp-json\/wp\/v2\/posts"}],"about":[{"href":"https:\/\/blog.corretoraideal.com.br\/index.php\/wp-json\/wp\/v2\/types\/post"}],"author":[{"embeddable":true,"href":"https:\/\/blog.corretoraideal.com.br\/index.php\/wp-json\/wp\/v2\/users\/1"}],"replies":[{"embeddable":true,"href":"https:\/\/blog.corretoraideal.com.br\/index.php\/wp-json\/wp\/v2\/comments?post=58385"}],"version-history":[{"count":1,"href":"https:\/\/blog.corretoraideal.com.br\/index.php\/wp-json\/wp\/v2\/posts\/58385\/revisions"}],"predecessor-version":[{"id":58390,"href":"https:\/\/blog.corretoraideal.com.br\/index.php\/wp-json\/wp\/v2\/posts\/58385\/revisions\/58390"}],"wp:attachment":[{"href":"https:\/\/blog.corretoraideal.com.br\/index.php\/wp-json\/wp\/v2\/media?parent=58385"}],"wp:term":[{"taxonomy":"category","embeddable":true,"href":"https:\/\/blog.corretoraideal.com.br\/index.php\/wp-json\/wp\/v2\/categories?post=58385"},{"taxonomy":"post_tag","embeddable":true,"href":"https:\/\/blog.corretoraideal.com.br\/index.php\/wp-json\/wp\/v2\/tags?post=58385"}],"curies":[{"name":"wp","href":"https:\/\/api.w.org\/{rel}","templated":true}]}}