{"id":58398,"date":"2024-03-05T23:29:48","date_gmt":"2024-03-05T23:29:48","guid":{"rendered":"https:\/\/blog.corretoraideal.com.br\/?p=58398"},"modified":"2024-03-05T23:29:48","modified_gmt":"2024-03-05T23:29:48","slug":"conta-invadida-instagram-e-facebook-fora-do-ar-geram-duvidas-e-memes-nas-redes-sociais-tecnologia-g1","status":"publish","type":"post","link":"https:\/\/blog.corretoraideal.com.br\/index.php\/2024\/03\/05\/conta-invadida-instagram-e-facebook-fora-do-ar-geram-duvidas-e-memes-nas-redes-sociais-tecnologia-g1\/","title":{"rendered":"&#039;Conta invadida?&#039; Instagram e Facebook fora do ar geram d\u00favidas e memes nas redes sociais | Tecnologia | G1"},"content":{"rendered":"<br \/>\n<h1>&#039;Conta invadida?&#039; Instagram e Facebook fora do ar geram d\u00favidas e memes nas redes sociais <\/h1>\n<h2>O termo &#039;Hackeado&#039; ficou entre os mais usados na rede social, com diversas pessoas fazendo o mesmo questionamento \u2014 o que gerou uma s\u00e9rie de memes aos descobrirem a resposta. <\/h2>\n<p>  05\/03\/2024 13h05    Atualizado  05\/03\/2024    <\/p>\n<p> Conta invadida?? Foi mais ou menos isso o que se perguntaram os usu\u00e1rio do X, antigo Twitter, no in\u00edcio da tarde desta ter\u00e7a-feira (5). O termo &quot;Hackeado&quot; ficou entre os mais usados na rede social, com diversas pessoas fazendo o mesmo questionamento \u2014 o que gerou uma s\u00e9rie de memes ao descobrirem a resposta. <\/p>\n<p> Mas \u00e9 pouco prov\u00e1vel que a falha ao tentar logar no <a class href=\"https:\/\/g1.globo.com\/tudo-sobre\/instagram\/\">Instagram<\/a> e no <a class href=\"https:\/\/g1.globo.com\/tudo-sobre\/facebook\/\">Facebook<\/a>, ambas as redes sociais controladas pela Meta, de <a class href=\"https:\/\/g1.globo.com\/tudo-sobre\/mark-zuckerberg\/\">Mark Zuckerberg<\/a>, seja fruto de uma invas\u00e3o. O site Downdetector chegou a registrar mais de 19 mil reclama\u00e7\u00f5es sobre o Instagram no Brasil, enquanto o Facebook, mais de 27 mil em pouco tempo \u2014 as notifica\u00e7\u00f5es come\u00e7aram a disparar por volta das 12h30. <\/p>\n<p> Ao descobrirem que <a class href=\"https:\/\/g1.globo.com\/tecnologia\/noticia\/2024\/03\/05\/instagram-e-facebook-apresentam-instabilidade-nesta-terca-feira.ghtml\">Instagram e Facebook realmente apresentaram instabilidade<\/a>, usu\u00e1rios correram ao X para brincar com a situa\u00e7\u00e3o e fazer memes com a descoberta. Mas&#8230; Se voc\u00ea realemnete tiver problemas com uma conta invadida, de fato, <a class href=\"https:\/\/g1.globo.com\/tecnologia\/instagram-invadido-saiba-como-recuperar-conta-e-aumentar-seguranca.ghtml\">saiba o que fazer aqui<\/a>. <\/p>\n<ul>\n<li> <a href=\"https:\/\/g1.globo.com\/tudo-sobre\/facebook\/\" class=\"entities__list-itemLink\" data-track-click=\"Facebook\"> Facebook <\/a> <\/li>\n<li> <a href=\"https:\/\/g1.globo.com\/tudo-sobre\/instagram\/\" class=\"entities__list-itemLink\" data-track-click=\"Instagram\"> Instagram <\/a> <\/li>\n<li> <a href=\"https:\/\/g1.globo.com\/tudo-sobre\/mark-zuckerberg\/\" class=\"entities__list-itemLink\" data-track-click=\"Mark Zuckerberg\"> Mark Zuckerberg <\/a> <\/li>\n<\/ul>\n<h3> <a id=\"js-next-article-desktop-link\" class=\"next-article-desktop-link\"><\/a> <\/h3>\n<h3> <a id=\"js-next-article-smart-link\" class=\"next-article-smart-link\"><\/a> <\/h3>\n<p>Veja tamb\u00e9m<\/p>\n<\/p>\n<\/p>\n<p>       Anterior   Pr\u00f3ximo     <\/p>\n","protected":false},"excerpt":{"rendered":"<p>&#039;Conta invadida?&#039; Instagram e Facebook fora do ar geram d\u00favidas e memes nas redes sociais O termo &#039;Hackeado&#039; ficou entre os mais usados na rede social, com diversas pessoas fazendo o mesmo questionamento \u2014 o que gerou uma s\u00e9rie de memes aos descobrirem a resposta. 05\/03\/2024 13h05 Atualizado 05\/03\/2024 Conta invadida?? Foi mais ou menos [&hellip;]<\/p>\n","protected":false},"author":1,"featured_media":0,"comment_status":"closed","ping_status":"closed","sticky":false,"template":"","format":"standard","meta":{"footnotes":""},"categories":[],"tags":[],"class_list":["post-58398","post","type-post","status-publish","format-standard","hentry"],"_links":{"self":[{"href":"https:\/\/blog.corretoraideal.com.br\/index.php\/wp-json\/wp\/v2\/posts\/58398","targetHints":{"allow":["GET"]}}],"collection":[{"href":"https:\/\/blog.corretoraideal.com.br\/index.php\/wp-json\/wp\/v2\/posts"}],"about":[{"href":"https:\/\/blog.corretoraideal.com.br\/index.php\/wp-json\/wp\/v2\/types\/post"}],"author":[{"embeddable":true,"href":"https:\/\/blog.corretoraideal.com.br\/index.php\/wp-json\/wp\/v2\/users\/1"}],"replies":[{"embeddable":true,"href":"https:\/\/blog.corretoraideal.com.br\/index.php\/wp-json\/wp\/v2\/comments?post=58398"}],"version-history":[{"count":1,"href":"https:\/\/blog.corretoraideal.com.br\/index.php\/wp-json\/wp\/v2\/posts\/58398\/revisions"}],"predecessor-version":[{"id":58400,"href":"https:\/\/blog.corretoraideal.com.br\/index.php\/wp-json\/wp\/v2\/posts\/58398\/revisions\/58400"}],"wp:attachment":[{"href":"https:\/\/blog.corretoraideal.com.br\/index.php\/wp-json\/wp\/v2\/media?parent=58398"}],"wp:term":[{"taxonomy":"category","embeddable":true,"href":"https:\/\/blog.corretoraideal.com.br\/index.php\/wp-json\/wp\/v2\/categories?post=58398"},{"taxonomy":"post_tag","embeddable":true,"href":"https:\/\/blog.corretoraideal.com.br\/index.php\/wp-json\/wp\/v2\/tags?post=58398"}],"curies":[{"name":"wp","href":"https:\/\/api.w.org\/{rel}","templated":true}]}}