{"id":58411,"date":"2024-03-06T08:29:36","date_gmt":"2024-03-06T08:29:36","guid":{"rendered":"https:\/\/blog.corretoraideal.com.br\/?p=58411"},"modified":"2024-03-06T08:29:36","modified_gmt":"2024-03-06T08:29:36","slug":"conta-de-luz-cresce-acima-da-inflacao-e-pesa-no-bolso-do-consumidor-entenda-de-onde-vem-o-aumento-economia-g1","status":"publish","type":"post","link":"https:\/\/blog.corretoraideal.com.br\/index.php\/2024\/03\/06\/conta-de-luz-cresce-acima-da-inflacao-e-pesa-no-bolso-do-consumidor-entenda-de-onde-vem-o-aumento-economia-g1\/","title":{"rendered":"Conta de luz cresce acima da infla\u00e7\u00e3o e pesa no bolso do consumidor; entenda de onde vem o aumento | Economia | G1"},"content":{"rendered":"<br \/>\n<h1>Conta de luz cresce acima da infla\u00e7\u00e3o e pesa no bolso do consumidor; entenda de onde vem o aumento<\/h1>\n<h2>Custo da energia, subs\u00eddios e investimento nas redes t\u00eam contribu\u00eddo para a alta. Governo discute formas de reduzir a conta.<\/h2>\n<p> Por <a class=\"multi_signatures\" href=\"https:\/\/g1.globo.com\/autores\/lais-carregosa\/\">Lais Carregosa<\/a>, g1 &mdash; Bras\u00edlia <\/p>\n<p>  06\/03\/2024 04h00    Atualizado  06\/03\/2024    <\/p>\n<p> A conta de luz deve aumentar acima da infla\u00e7\u00e3o neste ano, algo que tem acontecido para o consumidor residencial desde pelo menos 2021, segundo dados da Ag\u00eancia Nacional de Energia El\u00e9trica (<a class href=\"https:\/\/g1.globo.com\/tudo-sobre\/aneel\/\">Aneel<\/a>). <\/p>\n<p> Para 2024, a proje\u00e7\u00e3o da Aneel \u00e9 de um <a class href=\"https:\/\/g1.globo.com\/economia\/noticia\/2024\/01\/23\/conta-de-luz-dos-brasileiros-deve-subir-55percent-em-media-em-2024-diz-aneel.ghtml\">aumento na conta de luz de 5,6%, acima da infla\u00e7\u00e3o estimada<\/a> em 3,9% pelo mercado financeiro. A consultoria PSR, por sua vez, projeta um aumento de 4% acima da infla\u00e7\u00e3o. <\/p>\n<p> Segundo especialistas consultados pelo <strong>g1<\/strong>, a conta de luz tem sido pressionada por tr\u00eas principais fatores: <\/p>\n<ul>\n<li>crescimento dos subs\u00eddios pagos pelos consumidores; <\/li>\n<li>custo da contrata\u00e7\u00e3o de energia;<\/li>\n<li>investimentos em transmiss\u00e3o.<\/li>\n<\/ul>\n<p>\u201cSubs\u00eddios e encargos s\u00e3o um bloco. A segunda parcela, que tem crescido muito, \u00e9 energia, e a terceira parcela que est\u00e1 crescendo, mas vai crescer mais, s\u00e3o redes\u201d, explica o ex-presidente da Empresa de Pesquisa Energ\u00e9tica e diretor executivo da PSR, Luiz Barroso. <\/p>\n<p>                   <img loading=\"lazy\" decoding=\"async\" class=\"aligncenter size-full wp-image-58413\" src=\"https:\/\/blog.corretoraideal.com.br\/wp-content\/uploads\/2024\/03\/instalacoes-residenciais-impulsionam-setor-de-energia-solar-no-brasil.jpeg\" alt=\"Instala\u00e7\u00f5es residenciais impulsionam setor de energia solar no Brasil\" width=\"800\" height=\"400\" \/>       <\/p>\n<p> Instala\u00e7\u00f5es residenciais impulsionam setor de energia solar no Brasil <\/p>\n<p> Esta reportagem vai explicar: <\/p>\n<ul>\n<li>O que est\u00e1 por tr\u00e1s dos aumentos? <\/li>\n<li>Por que alguns estados t\u00eam aumentos maiores? <\/li>\n<li>Qual a proposta do governo? <\/li>\n<\/ul>\n<p> <strong>(Esta \u00e9 a terceira reportagem do g1 sobre pol\u00edticas p\u00fablicas no setor de energia. A s\u00e9rie tamb\u00e9m explicou o <\/strong><a class href=\"https:\/\/g1.globo.com\/economia\/noticia\/2024\/03\/04\/oferta-de-energia-cresce-mais-que-consumo-e-brasil-joga-fora-excesso-entenda.ghtml\"><strong>excesso de oferta de energia no Brasil,<\/strong><\/a><strong> que causa desperd\u00edcio, e o <\/strong><a class href=\"https:\/\/g1.globo.com\/economia\/noticia\/2024\/03\/05\/subsidios-serao-125percent-da-conta-de-energia-que-a-populacao-pagara-em-2024-saiba-como-funcionam.ghtml\"><strong>custo dos subs\u00eddios<\/strong><\/a><strong> na conta de luz) <\/strong> <\/p>\n<p><h2>O que est\u00e1 por tr\u00e1s dos aumentos? <\/h2>\n<\/p>\n<p> <strong>\u27a1\ufe0f Subs\u00eddios<\/strong> <\/p>\n<p> Segundo a Ag\u00eancia Nacional de Energia El\u00e9trica (Aneel), os subs\u00eddios s\u00e3o um dos itens que \u201cv\u00eam pesando bastante nas contas dos consumidores\u201d. <\/p>\n<p> S\u00f3 em 2024, <strong>o consumidor vai pagar R$ 32,7 bilh\u00f5es em encargos nas tarifas de energia, o que representa 12,5% da conta de luz do brasileiro (veja arte).<\/strong> <\/p>\n<ul>\n<li><strong>Os subs\u00eddios s\u00e3o encargos pagos pelos consumidores nas tarifas de energia para custear pol\u00edticas p\u00fablicas do setor, como o incentivo a determinadas fontes de energia e os descontos na conta de luz de pessoas de baixa renda.<\/strong><\/li>\n<\/ul>\n<p> <strong>\u27a1\ufe0f Custo da contrata\u00e7\u00e3o de energia<\/strong> <\/p>\n<p> Al\u00e9m dos subs\u00eddios \u2014 que s\u00e3o pagos por todos os consumidores \u2014 h\u00e1 o custo da contrata\u00e7\u00e3o de energia. <\/p>\n<p> Esse custo \u00e9 diferente entre os consumidores cativos \u2013 que s\u00f3 podem comprar da distribuidora local \u2014 e os livres. <\/p>\n<ul>\n<li><strong>Hoje, s\u00f3 as <\/strong><a class href=\"https:\/\/g1.globo.com\/economia\/noticia\/2023\/09\/16\/entenda-o-mercado-livre-de-energia-eletrica-e-como-pode-afetar-a-conta-de-luz.ghtml\"><strong>empresas podem ser consumidores livres<\/strong><\/a><strong>. Isso significa que elas podem negociar os seus contratos de energia diretamente com comercializadores e usinas. <\/strong><\/li>\n<\/ul>\n<p> \u201cO consumidor cativo est\u00e1 pagando por alguns servi\u00e7os do sistema que s\u00f3 ele paga, por exemplo, a gera\u00e7\u00e3o t\u00e9rmica. Hoje, voc\u00ea n\u00e3o tem termel\u00e9trica contratada no mercado livre\u201d, afirma Barroso. <\/p>\n<p> <strong>As termel\u00e9tricas s\u00e3o importantes para gerar energia em momentos de menor oferta de fontes renov\u00e1veis, mas s\u00e3o tamb\u00e9m mais caras. <\/strong><a class href=\"https:\/\/g1.globo.com\/economia\/noticia\/2023\/11\/17\/onda-de-calor-geracao-de-energia-termeletrica-alcanca-maior-patamar-desde-a-crise-hidrica-de-2021.ghtml?utm_source=share-universal&amp;utm_medium=share-bar-app&amp;utm_campaign=materias\"><strong>No fim de 2023, por exemplo, o governo precisou acionar essas usinas por causa do aumento do consumo com as ondas de calor<\/strong><\/a><strong>.<\/strong> <\/p>\n<p> Barroso defende que o custo da seguran\u00e7a do sistema \u2014 papel das usinas termel\u00e9tricas, por exemplo \u2014 deveria ser pago por todos os consumidores, cativos e livres. <\/p>\n<p> <strong>\u27a1\ufe0f Custo das redes<\/strong> <\/p>\n<p> Al\u00e9m disso, h\u00e1 o custo das redes, divididas entre transmiss\u00e3o e distribui\u00e7\u00e3o. Basicamente, as linhas de transmiss\u00e3o conectam as usinas \u00e0s redes de distribui\u00e7\u00e3o, respons\u00e1veis por levar a energia para a casa das pessoas e aos com\u00e9rcios. <\/p>\n<ul>\n<li><strong>H\u00e1 algumas exce\u00e7\u00f5es a essa conven\u00e7\u00e3o: grandes consumidores, como ind\u00fastrias, podem se conectar diretamente na rede de transmiss\u00e3o, por exemplo, sem precisar de uma distribuidora. <\/strong><\/li>\n<\/ul>\n<p> Alguns equipamentos de gera\u00e7\u00e3o de energia, por sua vez, se conectam direto na rede da distribuidora \u2014 <strong>as placas solares nos telhados das casas s\u00e3o o exemplo mais comum disso.<\/strong> <\/p>\n<p> Os investimentos bilion\u00e1rios em transmiss\u00e3o, contratados pelo governo em leil\u00f5es, <strong>viram tarifa para o consumidor<\/strong>. <\/p>\n<p> <a class href=\"https:\/\/g1.globo.com\/economia\/noticia\/2023\/08\/01\/aneel-aprova-2o-leilao-de-transmissao-de-energia-de-2023-e-preve-r-217-bilhoes-em-investimentos.ghtml\">Essas novas linhas est\u00e3o sendo constru\u00eddas para escoar a energia renov\u00e1vel <\/a>produzida no norte de Minas Gerais e nos estados do Nordeste. <\/p>\n<ul>\n<li><strong>O custo da transmiss\u00e3o tem aumentado para os consumidores por conta do aumento na contrata\u00e7\u00e3o dessas redes. <\/strong><\/li>\n<\/ul>\n<p> Como h\u00e1 muitas usinas de energia renov\u00e1vel no Nordeste e no norte de Minas Gerais, o governo tem contratado a constru\u00e7\u00e3o de novas linhas de transmiss\u00e3o para atender a esse aumento de gera\u00e7\u00e3o. <\/p>\n<p> \u201cHoje, o custo com transmiss\u00e3o no Brasil est\u00e1 pr\u00f3ximo de R$ 40 bilh\u00f5es ao ano. \u00c9 o custo que os consumidores pagam todo ano e a tend\u00eancia \u00e9 de aumento\u201d, afirmou o diretor de Energia El\u00e9trica da Associa\u00e7\u00e3o dos Grandes Consumidores de Energia (Abrace), Victor iOcca. <\/p>\n<p> Segundo iOcca, as proje\u00e7\u00f5es s\u00e3o de que esse custo aumente para R$ 50 bilh\u00f5es ao ano em 2028. \u201cO que estamos percebendo \u00e9 que daqui a pouco o custo de transmiss\u00e3o vai ser mais relevante que o custo de distribui\u00e7\u00e3o puro para os consumidores\u201d, afirmou. <\/p>\n<p> O superintende adjunto de Transmiss\u00e3o da EPE, Marcos Vinicius Farinha, afirma que a transmiss\u00e3o deveria ser encarada como um investimento no escoamento de energias mais baratas. <\/p>\n<p>\u201cN\u00e3o podemos olhar a transmiss\u00e3o s\u00f3 pelo custo dela. Ela tem um valor associado que \u00e9 justamente trazer essa gera\u00e7\u00e3o, ou conectar essa gera\u00e7\u00e3o, mais barata, e no final das contas essa expans\u00e3o minimiza o custo para o consumidor\u201d, declara. <\/p>\n<p> H\u00e1 tamb\u00e9m o custo dos investimentos em redes de distribui\u00e7\u00e3o, que s\u00e3o remunerados pelas tarifas definidas pela Aneel. A ag\u00eancia faz reajustes anuais nas tarifas das distribuidoras, com revis\u00f5es a cada quatro ou cinco anos. <\/p>\n<p>         1 de 1&#013;Conta de luz cresce acima da infla\u00e7\u00e3o. \u2014 Foto: Editoria de Arte\/g1    <\/p>\n<p> Conta de luz cresce acima da infla\u00e7\u00e3o. \u2014 Foto: Editoria de Arte\/g1 <\/p>\n<p><h2>Por que alguns estados t\u00eam aumentos maiores? <\/h2>\n<\/p>\n<p> Segundo a Aneel, os reajustes s\u00e3o aplicados \u201cde acordo com as especificidades regionais que s\u00e3o vari\u00e1veis para cada empresa\u201d. <\/p>\n<p> A ag\u00eancia considera os seguintes itens na hora de calcular o reajuste das tarifas das distribuidoras: <\/p>\n<ul>\n<li>custo da compra de energia pelas distribuidoras (as distribuidoras compram das usinas); <\/li>\n<li>uso das instala\u00e7\u00f5es de transmiss\u00e3o e distribui\u00e7\u00e3o; <\/li>\n<li>encargos setoriais \u2013 como a Conta de Desenvolvimento Energ\u00e9tico (CDE), que custeia os subs\u00eddios, mas tamb\u00e9m encargos que custeiam a seguran\u00e7a do sistema e reserva de energia, por exemplo; <\/li>\n<li>custo da inadimpl\u00eancia; <\/li>\n<li>perdas de energia na rede de distribui\u00e7\u00e3o, por furto ou perdas t\u00e9cnicas; <\/li>\n<li>corre\u00e7\u00e3o das tarifas pela infla\u00e7\u00e3o; <\/li>\n<li>produtividade, qualidade e transi\u00e7\u00e3o dos custos operacionais das distribuidoras. <\/li>\n<\/ul>\n<p>\u201c[O reajuste] difere muito de distribuidora para distribuidora. Existem distribuidoras em que voc\u00ea, na m\u00e9dia, n\u00e3o deve ter nenhum tipo de reajuste, pr\u00f3ximo a zero, alguma defla\u00e7\u00e3o inclusive. Em outras, o impacto deve ser at\u00e9 de dois d\u00edgitos\u201d, afirma iOcca. <\/p>\n<p> Segundo proje\u00e7\u00e3o da Abrace, os reajustes podem variar de uma redu\u00e7\u00e3o de 4,39% para os consumidores da Amazonas Energia at\u00e9 um aumento de 19,07% para a Equatorial Goi\u00e1s neste ano, por exemplo. <\/p>\n<p> O diretor da Abrace explica que a redu\u00e7\u00e3o dos reajustes \u2014 que em alguns casos vai se refletir em corte de tarifa para os consumidores \u2014 est\u00e1 relacionada ao repasse de impostos recolhidos a mais. <\/p>\n<ul>\n<li><strong>Em 2022, o Congresso aprovou uma lei que obrigou as distribuidoras a repassar, nas tarifas<\/strong><strong>, os cr\u00e9ditos tribut\u00e1rios decorrentes da retirada do ICMS da base de c\u00e1lculo dos impostos federais PIS\/Cofins. <\/strong><\/li>\n<\/ul>\n<p> Algumas distribuidoras, como a Cemig, j\u00e1 repassaram esses valores, portanto n\u00e3o t\u00eam descontos nos reajustes. <\/p>\n<p> Al\u00e9m disso, quest\u00f5es como alto \u00edndice de furtos de energia e investimentos das distribuidoras nas redes tamb\u00e9m influenciam o aumento das tarifas. <\/p>\n<p> Em 2023, o aumento previsto para as tarifas de distribuidoras da regi\u00e3o Norte, em especial do Amap\u00e1, Acre e Rond\u00f4nia, chamou a aten\u00e7\u00e3o. No Amap\u00e1, o aumento seria de 44% \u2014 ainda n\u00e3o implementado. <\/p>\n<p>\u201cO que t\u00e1 causando o aumento dessas distribuidoras do Norte basicamente s\u00e3o investimentos em redes de distribui\u00e7\u00e3o que passaram a acontecer depois que foram privatizadas e esses investimentos, importantes para garantir a confiabilidade de suprimentos, s\u00e3o pagos na tarifa, n\u00e3o tem jeito\u201d, explica Barroso. <\/p>\n<p><h2>Qual a proposta do governo? <\/h2>\n<\/p>\n<p> Por causa da situa\u00e7\u00e3o no Amap\u00e1, o governo estuda uma forma de reduzir a conta de luz, que pode ser implementada por medida provis\u00f3ria (MP) \u2014 que entra em vig\u00eancia imediatamente, com for\u00e7a de lei, mas depois precisa ser aprovada pelo Congresso. <\/p>\n<p> Em dezembro, o ministro de Minas e Energia, Alexandre Silveira, chegou a anunciar a medida, em evento no Amap\u00e1 com a participa\u00e7\u00e3o do presidente Luiz In\u00e1cio <a class href=\"https:\/\/g1.globo.com\/politica\/politico\/lula\/\">Lula<\/a> da Silva (PT). Contudo, a proposta ainda segue em discuss\u00e3o no Executivo. <\/p>\n<p> <a class href=\"https:\/\/g1.globo.com\/economia\/noticia\/2024\/02\/21\/governo-pretende-antecipar-aportes-da-privatizacao-da-eletrobras-para-reduzir-conta-de-luz-diz-ministro.ghtml\">A ideia \u00e9 usar os aportes (dep\u00f3sitos) da Eletrobras<\/a>, previstos na lei que permitiu sua privatiza\u00e7\u00e3o, para pagar os empr\u00e9stimos feitos pelas distribuidoras por causa da pandemia de Covid-19 \u2014 que aumentou a inadimpl\u00eancia no setor \u2014 e da conta escassez h\u00eddrica \u2014 por causa dos custos durante a crise h\u00eddrica de 2021. <\/p>\n<p> No \u00faltimo dia 21 de fevereiro, Silveira afirmou que <a class href=\"https:\/\/g1.globo.com\/economia\/noticia\/2024\/02\/21\/governo-pretende-antecipar-aportes-da-privatizacao-da-eletrobras-para-reduzir-conta-de-luz-diz-ministro.ghtml\">pode usar R$ 26 bilh\u00f5es remanescentes da Eletrobras<\/a> para viabilizar a redu\u00e7\u00e3o das tarifas. Esse dep\u00f3sito est\u00e1 previsto na lei de privatiza\u00e7\u00e3o da empresa, com cronograma de pagamento nos pr\u00f3ximos 25 anos. <\/p>\n<p>&quot;Tive a ideia de permitir na medida provis\u00f3ria, caso a n\u00e3o se sensibilize e adiante esse pagamento [&#8230;] A possibilidade de a gente adiantar, ou seja, securitizar esses R$ 26 bilh\u00f5es para minimizar o impacto na tarifa&quot;, afirmou Silveira.<\/p>\n<p> O ministro fala em tr\u00eas medidas provis\u00f3rias, que est\u00e3o sendo preparadas pela pasta. Ao menos uma delas deve tratar da quest\u00e3o tarif\u00e1ria. <\/p>\n<p> Ao <strong>g1<\/strong>, interlocutores do governo afirmaram que as medidas ainda ser\u00e3o encaminhadas para an\u00e1lise pela Casa Civil. A expectativa \u00e9 que isso ocorra at\u00e9 a pr\u00f3xima semana. <\/p>\n<p> O presidente da Frente Nacional dos Consumidores de Energia, Luiz Barata, defende uma revis\u00e3o do marco legal do setor, justificada por todas as mudan\u00e7as que ocorreram desde a publica\u00e7\u00e3o das normas que regem o segmento de energia. <\/p>\n<p>\u201cN\u00e3o s\u00e3o uma, duas, tr\u00eas, quatro, cinco medidas provis\u00f3rias que v\u00e3o resolver o problema, \u00e9 um desenho novo de setor [que vai resolver].\u201d <\/p>\n<ul>\n<li> <a href=\"https:\/\/g1.globo.com\/tudo-sobre\/aneel\/\" class=\"entities__list-itemLink\" data-track-click=\"Aneel\"> Aneel <\/a> <\/li>\n<li> <a href=\"https:\/\/g1.globo.com\/tudo-sobre\/eletrobras\/\" class=\"entities__list-itemLink\" data-track-click=\"Eletrobras\"> Eletrobras <\/a> <\/li>\n<li> <a href=\"https:\/\/g1.globo.com\/politica\/politico\/lula\/\" class=\"entities__list-itemLink\" data-track-click=\"Lula\"> Lula <\/a> <\/li>\n<\/ul>\n<h3> <a id=\"js-next-article-desktop-link\" class=\"next-article-desktop-link\"><\/a> <\/h3>\n<h3> <a id=\"js-next-article-smart-link\" class=\"next-article-smart-link\"><\/a> <\/h3>\n<p>Veja tamb\u00e9m<\/p>\n<\/p>\n<\/p>\n<p>       Anterior   Pr\u00f3ximo     <\/p>\n","protected":false},"excerpt":{"rendered":"<p>Conta de luz cresce acima da infla\u00e7\u00e3o e pesa no bolso do consumidor; entenda de onde vem o aumento Custo da energia, subs\u00eddios e investimento nas redes t\u00eam contribu\u00eddo para a alta. Governo discute formas de reduzir a conta. Por Lais Carregosa, g1 &mdash; Bras\u00edlia 06\/03\/2024 04h00 Atualizado 06\/03\/2024 A conta de luz deve aumentar [&hellip;]<\/p>\n","protected":false},"author":1,"featured_media":0,"comment_status":"closed","ping_status":"closed","sticky":false,"template":"","format":"standard","meta":{"footnotes":""},"categories":[],"tags":[],"class_list":["post-58411","post","type-post","status-publish","format-standard","hentry"],"_links":{"self":[{"href":"https:\/\/blog.corretoraideal.com.br\/index.php\/wp-json\/wp\/v2\/posts\/58411","targetHints":{"allow":["GET"]}}],"collection":[{"href":"https:\/\/blog.corretoraideal.com.br\/index.php\/wp-json\/wp\/v2\/posts"}],"about":[{"href":"https:\/\/blog.corretoraideal.com.br\/index.php\/wp-json\/wp\/v2\/types\/post"}],"author":[{"embeddable":true,"href":"https:\/\/blog.corretoraideal.com.br\/index.php\/wp-json\/wp\/v2\/users\/1"}],"replies":[{"embeddable":true,"href":"https:\/\/blog.corretoraideal.com.br\/index.php\/wp-json\/wp\/v2\/comments?post=58411"}],"version-history":[{"count":1,"href":"https:\/\/blog.corretoraideal.com.br\/index.php\/wp-json\/wp\/v2\/posts\/58411\/revisions"}],"predecessor-version":[{"id":58414,"href":"https:\/\/blog.corretoraideal.com.br\/index.php\/wp-json\/wp\/v2\/posts\/58411\/revisions\/58414"}],"wp:attachment":[{"href":"https:\/\/blog.corretoraideal.com.br\/index.php\/wp-json\/wp\/v2\/media?parent=58411"}],"wp:term":[{"taxonomy":"category","embeddable":true,"href":"https:\/\/blog.corretoraideal.com.br\/index.php\/wp-json\/wp\/v2\/categories?post=58411"},{"taxonomy":"post_tag","embeddable":true,"href":"https:\/\/blog.corretoraideal.com.br\/index.php\/wp-json\/wp\/v2\/tags?post=58411"}],"curies":[{"name":"wp","href":"https:\/\/api.w.org\/{rel}","templated":true}]}}