{"id":58415,"date":"2024-03-06T13:30:07","date_gmt":"2024-03-06T13:30:07","guid":{"rendered":"https:\/\/blog.corretoraideal.com.br\/?p=58415"},"modified":"2024-03-06T13:30:07","modified_gmt":"2024-03-06T13:30:07","slug":"dolar-abre-em-baixa-a-espera-de-powell-e-dados-de-emprego-nos-eua-economia-g1","status":"publish","type":"post","link":"https:\/\/blog.corretoraideal.com.br\/index.php\/2024\/03\/06\/dolar-abre-em-baixa-a-espera-de-powell-e-dados-de-emprego-nos-eua-economia-g1\/","title":{"rendered":"D\u00f3lar abre em baixa, \u00e0 espera de Powell e dados de emprego nos EUA | Economia | G1"},"content":{"rendered":"<br \/>\n<h1>D\u00f3lar abre em baixa, \u00e0 espera de Powell e dados de emprego nos EUA<\/h1>\n<h2>No dia anterior, a moeda norte-americana subiu 0,16%, cotada a R$ 4,9556. J\u00e1 o principal \u00edndice de a\u00e7\u00f5es da bolsa de valores brasileira encerrou em queda de 0,19%, aos 128.098 pontos.<\/h2>\n<p> Por g1 <\/p>\n<p>  06\/03\/2024 09h28    Atualizado  06\/03\/2024    <\/p>\n<p>                      1 de 1&#013;D\u00f3lar opera em baixa \u2014 Foto: Karolina Grabowska    <\/p>\n<p> D\u00f3lar opera em baixa \u2014 Foto: Karolina Grabowska <\/p>\n<p> O d\u00f3lar abriu em baixa nesta quarta-feira (6), com investidores na expectativa pelo discurso de Jerome Powell, presidente do Federal Reserve (<a class href=\"https:\/\/g1.globo.com\/tudo-sobre\/fed\/\">Fed<\/a>, o banco central americano), na C\u00e2mara dos Deputados dos <a class href=\"https:\/\/g1.globo.com\/tudo-sobre\/estados-unidos\/\">Estados Unidos<\/a>. <\/p>\n<p> Al\u00e9m disso, o dia tamb\u00e9m tem uma s\u00e9rie de divulga\u00e7\u00f5es importantes na maior economia do mundo, com n\u00fameros de emprego e o Livro Bege, um documento do Fed com os principais dados econ\u00f4micos do pa\u00eds. <\/p>\n<p> <strong>Veja abaixo o resumo dos mercados.<\/strong> <\/p>\n<p><h2>D\u00f3lar<\/h2>\n<\/p>\n<p> \u00c0s 09h30, o d\u00f3lar ca\u00eda 0,37%, cotado a R$ 4,9371<a class href=\"https:\/\/valor.globo.com\/valor-data\/\">Veja mais cota\u00e7\u00f5es.<\/a> <\/p>\n<p> No dia anterior, a moeda norte-americana teve alta de 0,16%, cotado a R$ 4,9556. <\/p>\n<p> Com o resultado, acumulou: <\/p>\n<ul>\n<li><strong>alta de 0,02% na semana;<\/strong><\/li>\n<li><strong>queda de 0,34% no m\u00eas;<\/strong><\/li>\n<li><strong>e avan\u00e7o de 2,12% no ano.<\/strong><\/li>\n<\/ul>\n<p><h2><a class href=\"https:\/\/g1.globo.com\/tudo-sobre\/ibovespa\/\"><strong>Ibovespa<\/strong><\/a><\/h2>\n<\/p>\n<p> O Ibovespa come\u00e7a a operar \u00e0s 11h. <\/p>\n<p> Na v\u00e9spera, o \u00edndice teve queda de 0,19%, aos 128.098 pontos. <\/p>\n<p> Com o resultado, acumulou <strong>quedas de<\/strong>: <\/p>\n<ul>\n<li><strong>0,84% na semana;<\/strong><\/li>\n<li><strong>0,71% no m\u00eas;<\/strong><\/li>\n<li><strong>e 4,54% no ano.<\/strong><\/li>\n<\/ul>\n<p>                   <img loading=\"lazy\" decoding=\"async\" class=\"aligncenter size-full wp-image-58417\" src=\"https:\/\/blog.corretoraideal.com.br\/wp-content\/uploads\/2024\/03\/entenda-o-que-faz-o-dolar-subir-ou-descer.jpeg\" alt=\"Entenda o que faz o d\u00f3lar subir ou descer\" width=\"800\" height=\"400\" \/>       <\/p>\n<p> Entenda o que faz o d\u00f3lar subir ou descer <\/p>\n<ul>\n<li><strong>DINHEIRO OU CART\u00c3O? <\/strong><a class href=\"https:\/\/g1.globo.com\/economia\/noticia\/2022\/03\/26\/dinheiro-ou-cartao-qual-a-melhor-forma-de-levar-dolares-em-viagens.ghtml\">Qual a melhor forma de levar d\u00f3lares em viagens?<\/a><\/li>\n<li><strong>D\u00d3LAR: <\/strong><a class href=\"https:\/\/g1.globo.com\/economia\/noticia\/2022\/04\/05\/dolar-qual-o-melhor-momento-para-comprar.ghtml\">Qual o melhor momento para comprar a moeda? <\/a><\/li>\n<\/ul>\n<p><h2>O que est\u00e1 mexendo com os mercados?<\/h2>\n<\/p>\n<p> O mercado aguarda o presidente do Fed, Jerome Powell, que deve falar no Congresso americano hoje e amanh\u00e3 (7). Investidores aguardam o discurso, \u00e0 espera de mais sinaliza\u00e7\u00f5es sobre quando os cortes nas taxas de juros devem come\u00e7ar. <\/p>\n<p> Atualmente, os juros no pa\u00eds est\u00e3o entre 5,25% e 5,50% ao ano e h\u00e1 muita expectativa sobe o in\u00edcio dos cortes. Antes da \u00faltima reuni\u00e3o do Fed, muitos analistas acreditavam que a primeira redu\u00e7\u00e3o poderia acontecer em mar\u00e7o. <\/p>\n<p> Mas, com a institui\u00e7\u00e3o avisando que n\u00e3o v\u00ea espa\u00e7o para um corte t\u00e3o em breve, as proje\u00e7\u00f5es mudaram e, agora, a maioria acredita que essas redu\u00e7\u00f5es devem come\u00e7ar no meio do ano, entre junho e julho. <\/p>\n<p> Nesse sentido, s\u00e3o aguardados, tamb\u00e9m, alguns dados de emprego. Hoje sai o relat\u00f3rio ADP, com n\u00fameros dos empregos privados nos Estados Unidos, enquanto na sexta (8) tem o payroll, o mais importante relat\u00f3rio do mercado de trabalho do pa\u00eds. <\/p>\n<p> Esses dados s\u00e3o observados com aten\u00e7\u00e3o, principalmente em um momento em que as taxas de juros americanas j\u00e1 est\u00e3o os maiores patamares em d\u00e9cadas \u2014 entre 5,25% e 5,50% ao ano. Isso porque um mercado de trabalho ainda muito aquecido pode continuar gerando press\u00e3o inflacion\u00e1ria sobre a economia. <\/p>\n<p> Por outro lado, se os n\u00fameros vierem abaixo do esperado ou mostrarem uma desacelera\u00e7\u00e3o da gera\u00e7\u00e3o de empregos, \u00e9 sinal de que as taxas elevadas est\u00e3o pressionando a economia e isso pode servir de incentivo para que o Fed inicie seu ciclo de corte nos juros em breve. <\/p>\n<ul>\n<li> <a href=\"https:\/\/g1.globo.com\/tudo-sobre\/ambev\/\" class=\"entities__list-itemLink\" data-track-click=\"Ambev\"> Ambev <\/a> <\/li>\n<li> <a href=\"https:\/\/g1.globo.com\/tudo-sobre\/bmf-bovespa\/\" class=\"entities__list-itemLink\" data-track-click=\"B3\"> B3 <\/a> <\/li>\n<li> <a href=\"https:\/\/g1.globo.com\/tudo-sobre\/bc-europeu\/\" class=\"entities__list-itemLink\" data-track-click=\"Banco Central Europeu\"> Banco Central Europeu <\/a> <\/li>\n<li> <a href=\"https:\/\/g1.globo.com\/tudo-sobre\/banco-da-inglaterra\/\" class=\"entities__list-itemLink\" data-track-click=\"Banco da Inglaterra\"> Banco da Inglaterra <\/a> <\/li>\n<li> <a href=\"https:\/\/g1.globo.com\/tudo-sobre\/estados-unidos\/\" class=\"entities__list-itemLink\" data-track-click=\"Estados Unidos\"> Estados Unidos <\/a> <\/li>\n<li> <a href=\"https:\/\/g1.globo.com\/tudo-sobre\/fed\/\" class=\"entities__list-itemLink\" data-track-click=\"FED\"> FED <\/a> <\/li>\n<li> <a href=\"https:\/\/g1.globo.com\/politica\/politico\/fernando-haddad\/\" class=\"entities__list-itemLink\" data-track-click=\"Fernando Haddad\"> Fernando Haddad <\/a> <\/li>\n<li> <a href=\"https:\/\/g1.globo.com\/tudo-sobre\/ibge\/\" class=\"entities__list-itemLink\" data-track-click=\"IBGE\"> IBGE <\/a> <\/li>\n<li> <a href=\"https:\/\/g1.globo.com\/tudo-sobre\/ibovespa\/\" class=\"entities__list-itemLink\" data-track-click=\"Ibovespa\"> Ibovespa <\/a> <\/li>\n<li> <a href=\"https:\/\/g1.globo.com\/politica\/politico\/lula\/\" class=\"entities__list-itemLink\" data-track-click=\"Lula\"> Lula <\/a> <\/li>\n<li> <a href=\"https:\/\/g1.globo.com\/politica\/partido\/psd\/\" class=\"entities__list-itemLink\" data-track-click=\"PSD\"> PSD <\/a> <\/li>\n<li> <a href=\"https:\/\/g1.globo.com\/politica\/partido\/pt\/\" class=\"entities__list-itemLink\" data-track-click=\"PT\"> PT <\/a> <\/li>\n<li> <a href=\"https:\/\/g1.globo.com\/tudo-sobre\/reino-unido\/\" class=\"entities__list-itemLink\" data-track-click=\"Reino Unido\"> Reino Unido <\/a> <\/li>\n<li> <a href=\"https:\/\/g1.globo.com\/politica\/politico\/rodrigo-otavio-soares-pacheco\/\" class=\"entities__list-itemLink\" data-track-click=\"Rodrigo Pacheco\"> Rodrigo Pacheco <\/a> <\/li>\n<\/ul>\n<h3> <a id=\"js-next-article-desktop-link\" class=\"next-article-desktop-link\"><\/a> <\/h3>\n<h3> <a id=\"js-next-article-smart-link\" class=\"next-article-smart-link\"><\/a> <\/h3>\n<p>Veja tamb\u00e9m<\/p>\n<\/p>\n<\/p>\n<p>       Anterior   Pr\u00f3ximo     <\/p>\n","protected":false},"excerpt":{"rendered":"<p>D\u00f3lar abre em baixa, \u00e0 espera de Powell e dados de emprego nos EUA No dia anterior, a moeda norte-americana subiu 0,16%, cotada a R$ 4,9556. J\u00e1 o principal \u00edndice de a\u00e7\u00f5es da bolsa de valores brasileira encerrou em queda de 0,19%, aos 128.098 pontos. Por g1 06\/03\/2024 09h28 Atualizado 06\/03\/2024 1 de 1&#013;D\u00f3lar opera [&hellip;]<\/p>\n","protected":false},"author":1,"featured_media":0,"comment_status":"closed","ping_status":"closed","sticky":false,"template":"","format":"standard","meta":{"footnotes":""},"categories":[],"tags":[],"class_list":["post-58415","post","type-post","status-publish","format-standard","hentry"],"_links":{"self":[{"href":"https:\/\/blog.corretoraideal.com.br\/index.php\/wp-json\/wp\/v2\/posts\/58415","targetHints":{"allow":["GET"]}}],"collection":[{"href":"https:\/\/blog.corretoraideal.com.br\/index.php\/wp-json\/wp\/v2\/posts"}],"about":[{"href":"https:\/\/blog.corretoraideal.com.br\/index.php\/wp-json\/wp\/v2\/types\/post"}],"author":[{"embeddable":true,"href":"https:\/\/blog.corretoraideal.com.br\/index.php\/wp-json\/wp\/v2\/users\/1"}],"replies":[{"embeddable":true,"href":"https:\/\/blog.corretoraideal.com.br\/index.php\/wp-json\/wp\/v2\/comments?post=58415"}],"version-history":[{"count":1,"href":"https:\/\/blog.corretoraideal.com.br\/index.php\/wp-json\/wp\/v2\/posts\/58415\/revisions"}],"predecessor-version":[{"id":58418,"href":"https:\/\/blog.corretoraideal.com.br\/index.php\/wp-json\/wp\/v2\/posts\/58415\/revisions\/58418"}],"wp:attachment":[{"href":"https:\/\/blog.corretoraideal.com.br\/index.php\/wp-json\/wp\/v2\/media?parent=58415"}],"wp:term":[{"taxonomy":"category","embeddable":true,"href":"https:\/\/blog.corretoraideal.com.br\/index.php\/wp-json\/wp\/v2\/categories?post=58415"},{"taxonomy":"post_tag","embeddable":true,"href":"https:\/\/blog.corretoraideal.com.br\/index.php\/wp-json\/wp\/v2\/tags?post=58415"}],"curies":[{"name":"wp","href":"https:\/\/api.w.org\/{rel}","templated":true}]}}