{"id":58419,"date":"2024-03-06T18:29:37","date_gmt":"2024-03-06T18:29:37","guid":{"rendered":"https:\/\/blog.corretoraideal.com.br\/?p=58419"},"modified":"2024-03-06T18:29:37","modified_gmt":"2024-03-06T18:29:37","slug":"exportacoes-seguem-em-alta-e-balanca-comercial-registra-recorde-no-primeiro-bimestre-economia-g1","status":"publish","type":"post","link":"https:\/\/blog.corretoraideal.com.br\/index.php\/2024\/03\/06\/exportacoes-seguem-em-alta-e-balanca-comercial-registra-recorde-no-primeiro-bimestre-economia-g1\/","title":{"rendered":"Exporta\u00e7\u00f5es seguem em alta e balan\u00e7a comercial registra recorde no primeiro bimestre | Economia | G1"},"content":{"rendered":"<br \/>\n<h1>Exporta\u00e7\u00f5es seguem em alta e balan\u00e7a comercial registra recorde no primeiro bimestre<\/h1>\n<h2>N\u00fameros foram divulgados pelo Minist\u00e9rio do Desenvolvimento, Ind\u00fastria, Com\u00e9rcio e Servi\u00e7os. Somente em fevereiro, saldo comercial positivo somou US$ 5,44 bilh\u00f5es, tamb\u00e9m novo recorde.<\/h2>\n<p> Por <a class=\"multi_signatures\" href=\"https:\/\/g1.globo.com\/autores\/alexandro-martello\/\">Alexandro Martello<\/a>, <a class=\"multi_signatures\" href=\"https:\/\/g1.globo.com\/autores\/ana-paula-castro\/\">Ana Paula Castro<\/a>, g1 e TV Globo &mdash; Bras\u00edlia <\/p>\n<p>  06\/03\/2024 15h00    Atualizado  06\/03\/2024    <\/p>\n<p> A balan\u00e7a comercial registrou super\u00e1vit de <strong>US$ 11,94 bilh\u00f5es<\/strong> nos dois primeiros meses deste ano, informou o Minist\u00e9rio do Desenvolvimento, Ind\u00fastria, Com\u00e9rcio e Servi\u00e7os nesta quarta-feira (6). <\/p>\n<p> O resultado \u00e9 de super\u00e1vit quanto as exporta\u00e7\u00f5es superam as importa\u00e7\u00f5es. Quando acontece o contr\u00e1rio, o resultado \u00e9 deficit\u00e1rio. <\/p>\n<p> De acordo com o MDIC, o super\u00e1vit registrado nos dois primeiros meses deste ano<strong> \u00e9 o maior para o primeiro bimestre de um ano desde o in\u00edcio da s\u00e9rie hist\u00f3rica, iniciada em 1989.<\/strong> <\/p>\n<p> At\u00e9 ent\u00e3o, o maior valor j\u00e1 registrado para o per\u00edodo foi um saldo positivo de US$ 6,72 bilh\u00f5es, em 2016. <\/p>\n<p> <strong>Nos dois primeiros meses deste ano: <\/strong> <\/p>\n<ul>\n<li>As exporta\u00e7\u00f5es registraram alta de 17,4%, para US$ 50,5 bilh\u00f5es. <\/li>\n<li>As compras do exterior totalizaram US$ 38,576 bilh\u00f5es, com alta de 1%.<\/li>\n<\/ul>\n<p><h2>M\u00eas de fevereiro<\/h2>\n<\/p>\n<p> Somente no m\u00eas de fevereiro, ainda segundo dados oficiais, a balan\u00e7a comercial registrou super\u00e1vit de US$ 5,44 bilh\u00f5es, valor que tamb\u00e9m \u00e9 recorde hist\u00f3rico. <\/p>\n<p> Segundo o governo, em fevereiro: <\/p>\n<ul>\n<li>as exporta\u00e7\u00f5es somaram US$ 23,54 bilh\u00f5es;<\/li>\n<li>as importa\u00e7\u00f5es somaram US$ 18,09 bilh\u00f5es.<\/li>\n<\/ul>\n<p><h2><strong>Destaques das exporta\u00e7\u00f5es em fevereiro<\/strong><\/h2>\n<\/p>\n<ul>\n<li><strong>Soja:<\/strong> US$ 2,93 bilh\u00f5es, com expans\u00e3o de 4,5%<\/li>\n<li><strong>Min\u00e9rio de ferro:<\/strong> US$ 2,27 bilh\u00f5es, com alta de 41,4%<\/li>\n<li><strong>\u00d3leos brutos de petr\u00f3leo:<\/strong> US$ 2,62 bilh\u00f5es, com aumento de 119%<\/li>\n<li><strong>A\u00e7ucares e mela\u00e7os:<\/strong> US$ 1,58 bilh\u00e3o, com alta de 201%<\/li>\n<li><strong>Farelos de soja:<\/strong> US$ 814 milh\u00f5es, com eleva\u00e7\u00e3o de 9,8%.<\/li>\n<\/ul>\n<p><h2>Principais compradores<\/h2>\n<\/p>\n<li><strong>China e Macau:<\/strong> US$ 7,02 bilh\u00f5es, com alta de 40%<\/li>\n<li><strong>Uni\u00e3o Europeia:<\/strong> US$ 3,02 bilh\u00f5es, com aumento de 5,9%<\/li>\n<li><strong>Estados Unidos:<\/strong> US$ 2,65 bilh\u00f5es, com expans\u00e3o de 9,3%<\/li>\n<li><strong>Associa\u00e7\u00e3o de Na\u00e7\u00f5es do Sudeste Asi\u00e1tico:<\/strong> US$ 1,94 bilh\u00e3o, com alta de 31,4%<\/li>\n<li><strong>Mercosul:<\/strong> US$ 1,39 bilh\u00e3o (-21,5%), sendo US$ 938 milh\u00f5es somente para a Argentina (-30%).<\/li>\n<ul> <\/ul>\n<h3> <a id=\"js-next-article-desktop-link\" class=\"next-article-desktop-link\"><\/a> <\/h3>\n<h3> <a id=\"js-next-article-smart-link\" class=\"next-article-smart-link\"><\/a> <\/h3>\n<p>Veja tamb\u00e9m<\/p>\n<\/p>\n<\/p>\n<p>       Anterior   Pr\u00f3ximo     <\/p>\n","protected":false},"excerpt":{"rendered":"<p>Exporta\u00e7\u00f5es seguem em alta e balan\u00e7a comercial registra recorde no primeiro bimestre N\u00fameros foram divulgados pelo Minist\u00e9rio do Desenvolvimento, Ind\u00fastria, Com\u00e9rcio e Servi\u00e7os. Somente em fevereiro, saldo comercial positivo somou US$ 5,44 bilh\u00f5es, tamb\u00e9m novo recorde. Por Alexandro Martello, Ana Paula Castro, g1 e TV Globo &mdash; Bras\u00edlia 06\/03\/2024 15h00 Atualizado 06\/03\/2024 A balan\u00e7a comercial [&hellip;]<\/p>\n","protected":false},"author":1,"featured_media":0,"comment_status":"closed","ping_status":"closed","sticky":false,"template":"","format":"standard","meta":{"footnotes":""},"categories":[],"tags":[],"class_list":["post-58419","post","type-post","status-publish","format-standard","hentry"],"_links":{"self":[{"href":"https:\/\/blog.corretoraideal.com.br\/index.php\/wp-json\/wp\/v2\/posts\/58419","targetHints":{"allow":["GET"]}}],"collection":[{"href":"https:\/\/blog.corretoraideal.com.br\/index.php\/wp-json\/wp\/v2\/posts"}],"about":[{"href":"https:\/\/blog.corretoraideal.com.br\/index.php\/wp-json\/wp\/v2\/types\/post"}],"author":[{"embeddable":true,"href":"https:\/\/blog.corretoraideal.com.br\/index.php\/wp-json\/wp\/v2\/users\/1"}],"replies":[{"embeddable":true,"href":"https:\/\/blog.corretoraideal.com.br\/index.php\/wp-json\/wp\/v2\/comments?post=58419"}],"version-history":[{"count":1,"href":"https:\/\/blog.corretoraideal.com.br\/index.php\/wp-json\/wp\/v2\/posts\/58419\/revisions"}],"predecessor-version":[{"id":58421,"href":"https:\/\/blog.corretoraideal.com.br\/index.php\/wp-json\/wp\/v2\/posts\/58419\/revisions\/58421"}],"wp:attachment":[{"href":"https:\/\/blog.corretoraideal.com.br\/index.php\/wp-json\/wp\/v2\/media?parent=58419"}],"wp:term":[{"taxonomy":"category","embeddable":true,"href":"https:\/\/blog.corretoraideal.com.br\/index.php\/wp-json\/wp\/v2\/categories?post=58419"},{"taxonomy":"post_tag","embeddable":true,"href":"https:\/\/blog.corretoraideal.com.br\/index.php\/wp-json\/wp\/v2\/tags?post=58419"}],"curies":[{"name":"wp","href":"https:\/\/api.w.org\/{rel}","templated":true}]}}