{"id":58425,"date":"2024-03-06T23:29:43","date_gmt":"2024-03-06T23:29:43","guid":{"rendered":"https:\/\/blog.corretoraideal.com.br\/?p=58425"},"modified":"2024-03-06T23:29:43","modified_gmt":"2024-03-06T23:29:43","slug":"clima-prejudica-producao-de-cacau-e-chocolates-ficam-mais-caros-nesta-pascoa-norte-e-noroeste-es-g1","status":"publish","type":"post","link":"https:\/\/blog.corretoraideal.com.br\/index.php\/2024\/03\/06\/clima-prejudica-producao-de-cacau-e-chocolates-ficam-mais-caros-nesta-pascoa-norte-e-noroeste-es-g1\/","title":{"rendered":"Clima prejudica produ\u00e7\u00e3o de cacau e chocolates ficam mais caros nesta P\u00e1scoa | Norte e Noroeste &#8211; ES | G1"},"content":{"rendered":"<br \/>\n<h1>Clima prejudica produ\u00e7\u00e3o de cacau e chocolates ficam mais caros nesta P\u00e1scoa<\/h1>\n<h2>Diminui\u00e7\u00e3o da produtividade no continente africano, devido a problemas clim\u00e1ticos e envelhecimento das lavouras, tamb\u00e9m explicam alta do valor do fruto. Produtores do Esp\u00edrito Santo comemoram pre\u00e7o mais alto da mat\u00e9ria-prima, mas consumidor ter\u00e1 que pagar mais caro pelos chocolates.<\/h2>\n<p> Por g1 ES e TV Gazeta <\/p>\n<p>  06\/03\/2024 19h17    Atualizado  06\/03\/2024    <\/p>\n<p>                                <img loading=\"lazy\" decoding=\"async\" class=\"aligncenter size-full wp-image-58427\" src=\"https:\/\/blog.corretoraideal.com.br\/wp-content\/uploads\/2024\/03\/clima-no-es-prejudica-producao-de-cacau-e-chocolate-fica-mais-caro.jpeg\" alt=\"Clima no ES prejudica produ\u00e7\u00e3o de cacau e chocolate fica mais caro\" width=\"800\" height=\"400\" \/>       <\/p>\n<p> Clima no ES prejudica produ\u00e7\u00e3o de cacau e chocolate fica mais caro <\/p>\n<p> A menos de 30 dias da P\u00e1scoa &#8211; que este ano acontece no dia 31 de mar\u00e7o &#8211; os corredores dos supermercados e lojas de doces j\u00e1 est\u00e3o cheios de ovos de chocolates e produtos para produ\u00e7\u00f5es artesanais. Mas, ao que tudo indica, vai ser preciso uma verdadeira corrida atr\u00e1s dos melhores pre\u00e7os, j\u00e1 que os chocolates est\u00e3o mais caros devido ao valor de venda do cacau (mat\u00e9ria-prima dessas del\u00edcias), que est\u00e1 batendo recordes em 2024. <\/p>\n<ul>\n<li><a class href=\"https:\/\/api.whatsapp.com\/send?text=https:\/\/g1.globo.com\/es\/espirito-santo\/noticia\/2024\/03\/07\/clima-prejudica-producao-de-cacau-e-chocolates-ficam-mais-caros-nesta-pascoa.ghtml?utm_source%3Dwhatsapp%26utm_medium%3Dshare-engagement%26utm_campaign%3Dte-materias\" target=\"_blank\" rel=\"noopener noreferrer\"><strong>Compartilhe no WhatsApp<\/strong><\/a><\/li>\n<li><a class href=\"https:\/\/telegram.me\/share\/url?url=https:\/\/g1.globo.com\/es\/espirito-santo\/noticia\/2024\/03\/07\/clima-prejudica-producao-de-cacau-e-chocolates-ficam-mais-caros-nesta-pascoa.ghtml?utm_source%3Dtelegram%26utm_medium%3Dshare-engagement%26utm_campaign%3Dte-materias\" target=\"_blank\" rel=\"noopener noreferrer\"><strong>Compartilhe no Telegram<\/strong><\/a><\/li>\n<\/ul>\n<p> No Esp\u00edrito Santo, um dos maiores produtores do pa\u00eds, a saca do fruto est\u00e1 sendo vendida por R$ 1.840, mais do que o dobro do pre\u00e7o praticado no mesmo per\u00edodo de 2023, que era R$ 860. Isso vai afetar o produto final, que \u00e9 o chocolate. Se por um lado os consumidores v\u00e3o ter que desembolsar muito mais pelos doces, por outro lado, os produtores celebram a alta no valor. <\/p>\n<p> O especialista e produtor de cacau Fernando Buffon explicou que a diminui\u00e7\u00e3o da produtividade das lavouras de cacau no continente africano, em pa\u00edses como Costa do Marfim e Gana, est\u00e1 por tr\u00e1s da diminui\u00e7\u00e3o da oferta do produto no mercado mundial e consequente aumento do valor da fruta. Por tabela, o pre\u00e7o final do chocolate tamb\u00e9m sobe. <\/p>\n<p> <a class href=\"https:\/\/bit.ly\/canalg1ES\" target=\"_blank\" rel=\"noopener noreferrer\"><strong>? Clique aqui para seguir o canal do g1 ES no WhatsApp<\/strong><\/a> <\/p>\n<p> &quot;Houve queda da produtividade devido a problemas clim\u00e1ticos, reflexos do El Ni\u00f1o e envelhecimento das lavouras. E a \u00c1frica sendo o maior produtor de cacau do mundo, n\u00e3o tem como n\u00e3o impactar diretamente no pre\u00e7o do mercado&quot;, pontuou. <\/p>\n<p>         1 de 2&#013;Alta do cacau eleva pre\u00e7o de chocolate nesta P\u00e1scoa. \u2014 Foto: TV Gazeta    <\/p>\n<p> Alta do cacau eleva pre\u00e7o de chocolate nesta P\u00e1scoa. \u2014 Foto: TV Gazeta <\/p>\n<p> Um estudo realizado pela Horus, empresa de intelig\u00eancia de mercado, entre janeiro e fevereiro, indicou <a class href=\"https:\/\/globorural.globo.com\/agricultura\/noticia\/2024\/02\/ovo-de-pascoa-esta-mais-caro-em-2024-saiba-o-motivo.ghtml\">aumento de pre\u00e7o em tr\u00eas categorias de chocolates<\/a> em todo o pa\u00eds. As barras de chocolate ficaram 11% mais caras; chocolates e bombons subiram 10,5%; enquanto que os ovos de P\u00e1scoa ficaram 1,8% mais caros. <\/p>\n<p> O aumento verificado nos pre\u00e7os em 2024 \u00e9 maior que o registrado no mesmo per\u00edodo de 2023, quando os ovos de P\u00e1scoa acumularam alta m\u00e9dia de 0,4%, segundo a empresa. <\/p>\n<p> <strong>LEIA TAMB\u00c9M:<\/strong> <\/p>\n<ul>\n<li><a class href=\"https:\/\/g1.globo.com\/es\/espirito-santo\/noticia\/2023\/11\/07\/incendio-atinge-fabrica-da-cacau-show-em-linhares-no-norte-do-es.ghtml\"><strong>V\u00cdDEO: Inc\u00eandio atinge f\u00e1brica da Cacau Show em Linhares, no Norte do ES<\/strong><\/a><\/li>\n<li><a class href=\"https:\/\/g1.globo.com\/es\/espirito-santo\/noticia\/2023\/11\/07\/fabrica-da-cacau-show-que-pegou-fogo-foi-inaugurada-em-2022-e-era-responsavel-por-19percent-de-toda-a-producao.ghtml\"><strong>F\u00e1brica da Cacau Show que pegou fogo foi inaugurada em 2022 e era respons\u00e1vel por 19% de toda a produ\u00e7\u00e3o<\/strong><\/a><\/li>\n<\/ul>\n<p> Fernando ressalta que a alta do valor impacta a economia do Esp\u00edrito Santo, principalmente, na cidade de <a class href=\"https:\/\/g1.globo.com\/es\/espirito-santo\/cidade\/linhares\/\">Linhares<\/a>, respons\u00e1vel por 80% da produ\u00e7\u00e3o capixaba. <\/p>\n<p> &quot;Para mim, esse \u00e9 o pre\u00e7o recorde do cacau, nunca tinha visto esse valor da commodity. [&#8230;] Depois de d\u00e9cadas de valores med\u00edocres, em que os agricultores mal conseguiam tratar das lavouras, agora est\u00e1 bom. \u00c9 um incentivo para cada um cuidar da sua lavoura, fazer um trato melhor, gastar mais, adubar mais, investir na produ\u00e7\u00e3o&quot;, analisou. <\/p>\n<p> J\u00e1 o presidente da Associa\u00e7\u00e3o de Cacauicultores de Linhares, Andr\u00e9 Luiz Scampini, aponta tamb\u00e9m que a queda na produ\u00e7\u00e3o de cacau j\u00e1 acontece h\u00e1 alguns meses, mas que a diferen\u00e7a maior est\u00e1 sendo sentida agora. &quot;Com o fim dos estoques das grandes ind\u00fastrias de chocolates mundiais, o pre\u00e7o realmente disparou&quot;. <\/p>\n<p><h2>Cacau mais caro, chocolate nas alturas<\/h2>\n<\/p>\n<p> Com a diminui\u00e7\u00e3o da mat\u00e9ria-prima e o aumento do valor da saca, nas lojas o consumidor sente o reflexo no bolso. Al\u00e9m de produtor, Fernando Buffon tamb\u00e9m tem uma f\u00e1brica de chocolates artesanais e confirma que para o consumidor final o pre\u00e7o j\u00e1 est\u00e1 maior. <\/p>\n<p> &quot;Infelizmente, a gente j\u00e1 teve que repassar isso para os consumidores, sen\u00e3o a margem diminui muito. A gente tenta segurar, mas dessa vez n\u00e3o teve muito o que fazer&quot;, disse. <\/p>\n<p>         2 de 2&#013;Pesquisa de pre\u00e7o ser\u00e1 necess\u00e1ria para garantir melhores compras de chocolate na P\u00e1scoa de 2024. Esp\u00edrito Santo. \u2014 Foto: TV Gazeta    <\/p>\n<p> Pesquisa de pre\u00e7o ser\u00e1 necess\u00e1ria para garantir melhores compras de chocolate na P\u00e1scoa de 2024. Esp\u00edrito Santo. \u2014 Foto: TV Gazeta <\/p>\n<p> Na Grande Vit\u00f3ria, microempreendedores como Tatiana dos Santos Pereira apostam na pesquisa de pre\u00e7o para tentar n\u00e3o sair no preju\u00edzo. Tatiana mora em Cariacica, comprou mat\u00e9ria-prima para a produ\u00e7\u00e3o de ovos artesanais pela internet, e foi retirar em uma loja f\u00edsica em Vila Velha. <\/p>\n<p> &quot;O motivo s\u00e3o os pre\u00e7os mais em conta. Eu ando muito para pesquisar pre\u00e7o, corro atr\u00e1s, compro pelo site&quot;, falou a microempreendedora. <\/p>\n<p> <strong>LEIA TAMB\u00c9M:<\/strong> <\/p>\n<ul>\n<li><a class href=\"https:\/\/g1.globo.com\/es\/espirito-santo\/agronegocios\/noticia\/2024\/01\/28\/cacau-sustentavel-fazenda-no-es-usa-ate-bacterias-feitas-em-laboratorio-dentro-da-propriedade-para-combater-pragas-e-reduzir-agrotoxicos.ghtml\"><strong>Cacau sustent\u00e1vel: Fazenda no ES usa at\u00e9 bact\u00e9rias feitas em laborat\u00f3rio dentro da propriedade para combater pragas e reduzir agrot\u00f3xicos<\/strong><\/a><\/li>\n<li><a class href=\"https:\/\/g1.globo.com\/es\/espirito-santo\/norte-noroeste-es\/noticia\/2024\/03\/05\/bois-e-vacas-morrem-durante-tempestade-com-mais-de-84-mil-raios-no-es-saiba-por-que-isso-acontece.ghtml\"><strong>Bois e vacas morrem durante tempestade com mais de 84 mil raios no ES: Saiba por que isso acontece<\/strong><\/a><\/li>\n<li><a class href=\"https:\/\/g1.globo.com\/es\/espirito-santo\/noticia\/2024\/03\/05\/saiba-como-agir-e-qual-servico-de-saude-procurar-em-caso-de-picadas-de-animais-peconhentos-no-es.ghtml\"><strong>Saiba como agir e qual servi\u00e7o de sa\u00fade procurar em caso de picadas de animais pe\u00e7onhentos no ES<\/strong><\/a><\/li>\n<\/ul>\n<p> A administradora Adriana Oliveira \u00e9 outro exemplo de quem tenta economizar. H\u00e1 alguns anos, na P\u00e1scoa, faz os ovos em casa para agradar aos filhos. <\/p>\n<p> &quot;Fica mais barato e \u00e9 um momento \u00fanico com as crian\u00e7as! Elas montam com brigadeiro, granulado, \u00e9 o kit confeiteiro que a gente faz. Tudo para participarem tamb\u00e9m, e entrarem no clima da P\u00e1scoa&quot;. <\/p>\n<p>                   <img loading=\"lazy\" decoding=\"async\" class=\"aligncenter size-full wp-image-58428\" src=\"https:\/\/blog.corretoraideal.com.br\/wp-content\/uploads\/2024\/03\/consumidor-reclama-do-preco-do-chocolate-no-es-preco-do-cacau-e-o-motivo.jpeg\" alt=\"Consumidor reclama do pre\u00e7o do chocolate no ES; pre\u00e7o do cacau \u00e9 o motivo\" width=\"800\" height=\"400\" \/>       <\/p>\n<p> Consumidor reclama do pre\u00e7o do chocolate no ES; pre\u00e7o do cacau \u00e9 o motivo <\/p>\n<p><h2>Esp\u00edrito Santo \u00e9 o 3\u00b0 maior produtor de cacau o Brasil<\/h2>\n<\/p>\n<p> Segundo dados do Instituto Capixaba de Pesquisa, Assist\u00eancia T\u00e9cnica e Extens\u00e3o Rural (Incaper), o Esp\u00edrito Santo \u00e9 o 3\u00ba maior produtor de cacau do Brasil e a cidade de Linhares produz 80% do cacau capixaba. <\/p>\n<p> De acordo com levantamento feito em 2019, a cidade do Norte do estado produziu mais de 8 mil toneladas do fruto, o que representa, aproximadamente, 13 milh\u00f5es e 500 mil p\u00e9s, cultivados em uma \u00e1rea de 15 mil hectares. A maior parte est\u00e1 localizada na regi\u00e3o do Baixo Rio Doce, conhecido como &quot;Cacau de Cabruca&quot;. <\/p>\n<p><h2>V\u00eddeos: tudo sobre o Esp\u00edrito Santo<\/h2>\n<\/p>\n<p>   <a href=\"https:\/\/g1.globo.com\/es\/espirito-santo\/edicao\/2021\/01\/29\/videos-tudo-sobre-o-es.ghtml\">    50 v\u00eddeos      <\/a>       <\/p>\n<ul>\n<li><a class href=\"http:\/\/g1.globo.com\/espirito-santo\/ultimas-noticias.html\"><strong>Veja o plant\u00e3o de \u00faltimas not\u00edcias do g1 Esp\u00edrito Santo<\/strong><\/a><\/li>\n<\/ul>\n<ul>\n<li> <a href=\"https:\/\/g1.globo.com\/topico\/espirito-santo\" class=\"entities__list-itemLink\" data-track-click=\"Esp\u00edrito Santo\"> Esp\u00edrito Santo <\/a> <\/li>\n<li> <a href=\"https:\/\/g1.globo.com\/es\/espirito-santo\/cidade\/linhares\/\" class=\"entities__list-itemLink\" data-track-click=\"Linhares\"> Linhares <\/a> <\/li>\n<\/ul>\n<h3> <a id=\"js-next-article-desktop-link\" class=\"next-article-desktop-link\"><\/a> <\/h3>\n<h3> <a id=\"js-next-article-smart-link\" class=\"next-article-smart-link\"><\/a> <\/h3>\n<p>Veja tamb\u00e9m<\/p>\n<\/p>\n<\/p>\n<p>       Anterior   Pr\u00f3ximo     <\/p>\n","protected":false},"excerpt":{"rendered":"<p>Clima prejudica produ\u00e7\u00e3o de cacau e chocolates ficam mais caros nesta P\u00e1scoa Diminui\u00e7\u00e3o da produtividade no continente africano, devido a problemas clim\u00e1ticos e envelhecimento das lavouras, tamb\u00e9m explicam alta do valor do fruto. Produtores do Esp\u00edrito Santo comemoram pre\u00e7o mais alto da mat\u00e9ria-prima, mas consumidor ter\u00e1 que pagar mais caro pelos chocolates. Por g1 ES [&hellip;]<\/p>\n","protected":false},"author":1,"featured_media":0,"comment_status":"closed","ping_status":"closed","sticky":false,"template":"","format":"standard","meta":{"footnotes":""},"categories":[],"tags":[],"class_list":["post-58425","post","type-post","status-publish","format-standard","hentry"],"_links":{"self":[{"href":"https:\/\/blog.corretoraideal.com.br\/index.php\/wp-json\/wp\/v2\/posts\/58425","targetHints":{"allow":["GET"]}}],"collection":[{"href":"https:\/\/blog.corretoraideal.com.br\/index.php\/wp-json\/wp\/v2\/posts"}],"about":[{"href":"https:\/\/blog.corretoraideal.com.br\/index.php\/wp-json\/wp\/v2\/types\/post"}],"author":[{"embeddable":true,"href":"https:\/\/blog.corretoraideal.com.br\/index.php\/wp-json\/wp\/v2\/users\/1"}],"replies":[{"embeddable":true,"href":"https:\/\/blog.corretoraideal.com.br\/index.php\/wp-json\/wp\/v2\/comments?post=58425"}],"version-history":[{"count":1,"href":"https:\/\/blog.corretoraideal.com.br\/index.php\/wp-json\/wp\/v2\/posts\/58425\/revisions"}],"predecessor-version":[{"id":58429,"href":"https:\/\/blog.corretoraideal.com.br\/index.php\/wp-json\/wp\/v2\/posts\/58425\/revisions\/58429"}],"wp:attachment":[{"href":"https:\/\/blog.corretoraideal.com.br\/index.php\/wp-json\/wp\/v2\/media?parent=58425"}],"wp:term":[{"taxonomy":"category","embeddable":true,"href":"https:\/\/blog.corretoraideal.com.br\/index.php\/wp-json\/wp\/v2\/categories?post=58425"},{"taxonomy":"post_tag","embeddable":true,"href":"https:\/\/blog.corretoraideal.com.br\/index.php\/wp-json\/wp\/v2\/tags?post=58425"}],"curies":[{"name":"wp","href":"https:\/\/api.w.org\/{rel}","templated":true}]}}