{"id":58444,"date":"2024-03-07T10:29:44","date_gmt":"2024-03-07T10:29:44","guid":{"rendered":"https:\/\/blog.corretoraideal.com.br\/?p=58444"},"modified":"2024-03-07T10:29:44","modified_gmt":"2024-03-07T10:29:44","slug":"da-para-determinar-se-uma-pessoa-e-parda-por-chamada-de-video-usp-usa-metodo-para-avaliar-alunos-aprovados-por-cota-racial-sao-paulo-g1","status":"publish","type":"post","link":"https:\/\/blog.corretoraideal.com.br\/index.php\/2024\/03\/07\/da-para-determinar-se-uma-pessoa-e-parda-por-chamada-de-video-usp-usa-metodo-para-avaliar-alunos-aprovados-por-cota-racial-sao-paulo-g1\/","title":{"rendered":"D\u00e1 para determinar se uma pessoa \u00e9 parda por chamada de v\u00eddeo? USP usa m\u00e9todo para avaliar alunos aprovados por cota racial | S\u00e3o Paulo | G1"},"content":{"rendered":"<br \/>\n<h1>D\u00e1 para determinar se uma pessoa \u00e9 parda por chamada de v\u00eddeo? USP usa m\u00e9todo para avaliar alunos aprovados por cota racial <\/h1>\n<h2>Especialista aponta que universidade n\u00e3o leva em considera\u00e7\u00e3o que c\u00e2meras tendem a seguir uma escala de cores claras, o que acaba embranquecendo pessoas pardas e acinzentando pessoas negras. USP diz que &#039;toma todo o cuidado para que a visualiza\u00e7\u00e3o das caracter\u00edsticas fenot\u00edpicas&#039;. <\/h2>\n<p> Por <a class=\"multi_signatures\" href=\"https:\/\/g1.globo.com\/autores\/deslange-paiva\/\">Deslange Paiva<\/a>, g1 SP &mdash; S\u00e3o Paulo <\/p>\n<p>  07\/03\/2024 05h02    Atualizado  07\/03\/2024    <\/p>\n<p>                   1 de 1&#013;O jovem de Cerqueira C\u00e9sar (SP) foi aprovado pelo Prov\u00e3o Paulista no curso de medicina da USP, mas perdeu a matr\u00edcula \u2014 Foto: Alison Rodrigues\/Arquivo pessoal    <\/p>\n<p> O jovem de Cerqueira C\u00e9sar (SP) foi aprovado pelo Prov\u00e3o Paulista no curso de medicina da USP, mas perdeu a matr\u00edcula \u2014 Foto: Alison Rodrigues\/Arquivo pessoal <\/p>\n<p> Nas \u00faltimas semanas, alunos que prestaram o Prov\u00e3o Paulista e foram aprovados na Universidade de <a class href=\"https:\/\/g1.globo.com\/sp\/sao-paulo\/cidade\/sao-paulo\/\">S\u00e3o Paulo<\/a>(USP) pela modalidade de cota, entraram na Justi\u00e7a contra a universidade ap\u00f3s perderem a vaga por n\u00e3o serem considerados pardos. As entrevistas dos alunos aprovados via Prov\u00e3o Paulista foram realizadas por chamada de v\u00eddeo.  <\/p>\n<p> <strong>Para especialista:<\/strong> <\/p>\n<ul>\n<li>Tecnologias fotogr\u00e1ficas n\u00e3o possuem <strong>como refer\u00eancia uma escala de cores escuras e tanto em c\u00e2meras digitais, anal\u00f3gicas, de celulares ou notebooks<\/strong><strong>, <\/strong>pessoas <strong>de pele negra retinta tendem a ficar acinzentadas e pessoas pardas tendem a ficar com a pele mais clara<\/strong><\/li>\n<li>Especialista ainda refor\u00e7a que a <strong>ilumina\u00e7\u00e3o do ambiente<\/strong> tamb\u00e9m muda a forma como a pessoa \u00e9 vista pela c\u00e2mera. <\/li>\n<\/ul>\n<p> <strong>O que diz a USP?<\/strong> <\/p>\n<ul>\n<li>Questionada anteriormente pelo <strong>g1 <\/strong>sobre o motivo de n\u00e3o fazer entrevistas de forma presencial, a universidade informou que tal medida &quot;demandaria um calend\u00e1rio de bancas de heteroidentifica\u00e7\u00e3o incompat\u00edvel com o calend\u00e1rio dos vestibulares do Enem, das universidades paulistas e do Prov\u00e3o Paulista&quot;.<\/li>\n<li>Universidade informou ainda que teriam &quot;muitos candidatos viajando para S\u00e3o Paulo sem matr\u00edcula efetivada e sem uma resposta definitiva das bancas de heteroidentifica\u00e7\u00e3o, o que acarretaria preju\u00edzo para os candidatos&quot;, completou a Universidade. <\/li>\n<\/ul>\n<p> Mas por chamada de v\u00eddeo,<strong> \u00e9 poss\u00edvel identificar as caracter\u00edsticas que a banca entende que define uma pessoa como parda? <\/strong> <\/p>\n<ul>\n<li><a class href=\"https:\/\/g1.globo.com\/educacao\/noticia\/2024\/03\/06\/quem-e-pardo-para-os-comites-que-decidem-quais-alunos-podem-entrar-nas-universidades-por-cotas-raciais.ghtml\"><strong>Quem \u00e9 pardo para os comit\u00eas que decidem quais alunos podem entrar nas universidades por cotas raciais?<\/strong><\/a><\/li>\n<li><a class href=\"https:\/\/g1.globo.com\/economia\/noticia\/2024\/01\/09\/entenda-quais-foram-os-significados-de-pardo-nos-ultimos-80-anos-e-como-isso-dificultou-a-identificacao-racial-do-brasil.ghtml\"><strong>Entenda quais foram os significados de &#x27;pardo&#x27; nos \u00faltimos 80 anos e como isso dificultou a identifica\u00e7\u00e3o racial do Brasil<\/strong><\/a><\/li>\n<\/ul>\n<p>                   <img loading=\"lazy\" decoding=\"async\" class=\"aligncenter size-full wp-image-58446\" src=\"https:\/\/blog.corretoraideal.com.br\/wp-content\/uploads\/2024\/03\/justica-da-prazo-para-usp-explicar-motivo-de-nao-reconhecer-candidato-pardo.jpeg\" alt=\"Justi\u00e7a d\u00e1 prazo para USP explicar motivo de n\u00e3o reconhecer candidato pardo\" width=\"800\" height=\"400\" \/>       <\/p>\n<p> Justi\u00e7a d\u00e1 prazo para USP explicar motivo de n\u00e3o reconhecer candidato pardo <\/p>\n<p><h2>C\u00e2meras embranquecem<\/h2>\n<\/p>\n<p> Para Jos\u00e9 Vitor, advogado especialista em direitos digitais e antidiscriminat\u00f3rios e integrante do Aqualtune Lab, as c\u00e2meras foram feitas com tecnologias que tendem a reconhecer melhor escalas de cores brancas e, consequentemente, pessoas de peles brancas. <\/p>\n<p> A AqualtuneLab \u00e9 uma organiza\u00e7\u00e3o especializada em estudos na rela\u00e7\u00e3o entre direito, tecnologia e ra\u00e7a. <\/p>\n<p> &quot;Os manuais das bancas de heteroidentifica\u00e7\u00e3o n\u00e3o recomendam entrevista em v\u00eddeo, \u00e9 sempre recomendado que seja presencial, justamente sabendo dessas quest\u00f5es tecnol\u00f3gicas. As c\u00e2meras &#8211; principalmente no celular &#8211; n\u00e3o simulam de forma equivalente a cor da realidade. Ela funciona como uma simula\u00e7\u00e3o do olho humano, mas n\u00e3o tem a mesma perfei\u00e7\u00e3o, ent\u00e3o isso gera uma altera\u00e7\u00e3o em cores&quot;, afirma. <\/p>\n<p> &quot;Essa altera\u00e7\u00e3o de cor, sempre vai valer a partir do momento que voc\u00ea interp\u00f5e na c\u00e2mera a forma da luz do ambiente, o local que est\u00e1 vindo a ilumina\u00e7\u00e3o e tamb\u00e9m gerar uma distra\u00e7\u00e3o de cor&quot;, completa. <\/p>\n<p> Para Vitor, a quest\u00e3o das c\u00e2meras \u00e9 um racismo tecnol\u00f3gico, j\u00e1 que as tecnologias foram pensadas e geradas a partir da \u00f3tica de um homem branco.  <\/p>\n<p>&quot;Se levarmos em considera\u00e7\u00e3o a c\u00e2mera de um celular, eles tendem a conseguir reconhecer melhor uma pele branca. Uma pessoa negra retinta tira uma selfie e fica com uma cor cinzenta, por exemplo. Mesmo em c\u00e2meras anal\u00f3gicas, a escala de cor foi feita com uma refer\u00eancia europeia, de modo que voc\u00ea tirava fotos de pessoas negras e elas ficavam apagadas porque a ilumina\u00e7\u00e3o n\u00e3o compreendia a escala de cores de peles negras. Isso foi se perpetuando na era digital por causa dos filtros&quot;, afirma. <\/p>\n<p> Ainda segundo o advogado, mesmo que a pessoa n\u00e3o use filtros, existem modelos de celulares que possuem na sua configura\u00e7\u00e3o padr\u00e3o da c\u00e2mera, ou seja, que n\u00e3o pode ser alterado, uma l\u00f3gica de embelezamento. S\u00f3, que segundo ele, esse embelezamento \u00e9 feito com uma &#x27;nega\u00e7\u00e3o de cor&#x27; e deixa mais clara a pessoa que est\u00e1 sendo mostrada. <\/p>\n<p> &quot;\u00c9 muito delicado voc\u00ea fazer a avalia\u00e7\u00e3o por videoconfer\u00eancia ou pedir que a pessoa grave um v\u00eddeo. Gravado ou ao vivo a c\u00e2mera utilizada \u00e9 exatamente a mesma e essa distra\u00e7\u00e3o de cor existe. A tecnologia ela segue uma escala branca, ela n\u00e3o tem uma \u00f3tica de uma escala de cores que segue pessoas negras ou outras etnias, ela favorece a escala branca&quot;, afirma. <\/p>\n<p> Patr\u00edcia Peck, advogada especialista em Direito Digital, tamb\u00e9m refor\u00e7a que as videochamadas podem n\u00e3o ser a melhor forma de avalia\u00e7\u00e3o. <\/p>\n<p> &quot;Por videochamada tamb\u00e9m acho que pode ter vi\u00e9s, ser at\u00e9 duvidoso. Podemos, por exemplo, ter casos de pessoas que passaram maquiagem para ficar com a pele negra, tentar fraudar. Ent\u00e3o, \u00e9 necess\u00e1rio existir um m\u00e9todo de an\u00e1lise equ\u00e2nime que, e nenhuma hip\u00f3tese possa ser algo prejudicial ao candidato, no sentido que dificulte sua participa\u00e7\u00e3o&quot;. <\/p>\n<p><h2>E se n\u00e3o for um celular de \u00faltima gera\u00e7\u00e3o?<\/h2>\n<\/p>\n<p> Vitor refor\u00e7a ainda que o tipo de avalia\u00e7\u00e3o da banca feita por chamada de v\u00eddeo ou por grava\u00e7\u00f5es n\u00e3o considera que o estudante n\u00e3o necessariamente tenha uma c\u00e2mera ou um celular de \u00faltima gera\u00e7\u00e3o, que deixaria a imagem mais pr\u00f3xima da realidade. <\/p>\n<p>&quot;O mais f\u00e1cil de se aproximar da realidade \u00e9 mexer na ilumina\u00e7\u00e3o do local, mas n\u00e3o \u00e9 todo mundo que tem condi\u00e7\u00f5es de transformar a casa em um est\u00fadio. Al\u00e9m disso, precisa entender exatamente onde posicionar essa ilumina\u00e7\u00e3o, ent\u00e3o j\u00e1 \u00e9 uma s\u00e9rie de aspectos que v\u00e3o al\u00e9m da tecnologia em si. Mesmo na m\u00eddia impresa, no cinema, existe uma dificuldade em ter um fot\u00f3grafo que saiba gravar pessoas negras, com corre\u00e7\u00e3o de cor, imagina um estudante&quot;, afirma. <\/p>\n<p><h2><strong>Como foi feita a avalia\u00e7\u00e3o da USP?<\/strong><\/h2>\n<\/p>\n<p> A USP informou que a comiss\u00e3o foi criada para coibir fraudes e garantir a integridade da autodeclara\u00e7\u00e3o das pessoas convocadas para a matr\u00edcula nas vagas reservadas para pol\u00edtica de a\u00e7\u00f5es afirmativas para pessoas negras, de cor preta ou parda nos cursos de gradua\u00e7\u00e3o. Alguns dos alunos que prestaram USP pelo Prov\u00e3o Paulista pelo regime de cotas pretos, pardos e ind\u00edgenas (PPI) foram avaliados pela banca <\/p>\n<ul>\n<li>Os candidatos que se autodeclaram Pretos, Pardos e Ind\u00edgenas (PPI) passam por uma an\u00e1lise fotografia por duas bancas de cinco pessoas, baseada somente em fatores fenot\u00edpicos.<strong> <\/strong><\/li>\n<li>Se a foto n\u00e3o for aprovada por nenhuma banca, o candidato \u00e9 chamado presencialmente em casos de alunos ingressos pela Fuvest , mas no caso <strong>do Enem e do Prov\u00e3o Paulista, essa entrevista \u00e9 realizada virtualmente. <\/strong><\/li>\n<li>A USP avalia cor da pele, cabelos, forma da boca e do nariz. <\/li>\n<li>A universidade justificou que as entrevistas foram feitas virtualmente porque muito dos candidatos moram longe. <\/li>\n<\/ul>\n<p> Segundo a USP, em 2024, at\u00e9 o momento, 1.606 candidatos foram analisados nas fases da heteroidentifica\u00e7\u00e3o. Desses, 187 foram considerados n\u00e3o aderentes \u00e0 pol\u00edtica afirmativa. <\/p>\n<p><h2>O que diz a USP?<\/h2>\n<\/p>\n<p> O <strong>g1 <\/strong>pediu para conversar com um membro da banca sobre a avalia\u00e7\u00e3o por videochamada, no entanto, a universidade apenas informou que &quot;nas vers\u00f5es virtuais, a banca de heteroidentifica\u00e7\u00e3o toma todo o cuidado para que a visualiza\u00e7\u00e3o das caracter\u00edsticas fenot\u00edpicas seja feita de maneira adequada, pedindo, por exemplo, para que os candidatos mudem a posi\u00e7\u00e3o do corpo e procurem lugares com melhor ilumina\u00e7\u00e3o. Tudo para garantir a isonomia da oitiva&quot;. <\/p>\n<p> Disse ainda que, &quot;o processo foi desenhado a partir de um estudo do funcionamento das bancas em outras universidades, mas sempre pode ser aprimorado. A USP entende que tomou todas as medidas para garantir uma boa verifica\u00e7\u00e3o das caracter\u00edsticas fenot\u00edpicas, independentemente do suporte de visualiza\u00e7\u00e3o&quot;. <\/p>\n<p><h2>Estudantes entraram na Justi\u00e7a<\/h2>\n<\/p>\n<p> Nessa semana, dois jovens de S\u00e3o Paulo que tinham sido aprovados na USP, mas perderam a vaga por n\u00e3o serem considerados pardos, entraram na Justi\u00e7a para conseguir a matr\u00edcula. <\/p>\n<p> O primeiro foi um adolescente de 17 anos, morador de Bauru (SP). Ele foi aprovado no curso de direito por meio da nota Prov\u00e3o Paulista e conseguiu a<a class href=\"https:\/\/g1.globo.com\/sp\/bauru-marilia\/noticia\/2024\/03\/02\/adolescente-aprovado-na-usp-pelo-provao-paulista-perde-vaga-no-curso-de-direito-por-nao-ser-considerado-pardo.ghtml\"> vaga pela pol\u00edtica de cotas, j\u00e1 que se autodeclara pardo, mas na hora da banca fazer a avalia\u00e7\u00e3o, eles cancelaram a pr\u00e9-matr\u00edcula do jovem, alegando que ele n\u00e3o seria pardo.<\/a> A avalia\u00e7\u00e3o foi feita por meio de uma foto e uma v\u00eddeo chamada. <\/p>\n<p> Glauco Dalilio do Livramento conseguiu uma liminar da 14\u00aa Vara da Fazenda de S\u00e3o Paulo <a class href=\"https:\/\/g1.globo.com\/sp\/bauru-marilia\/noticia\/2024\/03\/04\/justica-concede-liminar-para-jovem-autodeclarado-pardo-que-perdeu-vaga-na-usp-apos-banca-de-avaliacao-de-cotistas.ghtml\">determinando que a universidade reserve uma vaga para o estudante. <\/a> <\/p>\n<p> Em sua decis\u00e3o, publicada na segunda-feira (4), o juiz Randolfo Ferraz de Campos aceitou o pedido da defesa do estudante e afirmou que a verifica\u00e7\u00e3o feita por meio de uma foto e uma videochamada &quot;ofende a isonomia&quot;. <\/p>\n<p> Alison dos Santos Rodrigues, de 18 anos, <a class href=\"https:\/\/g1.globo.com\/sp\/itapetininga-regiao\/noticia\/2024\/03\/01\/jovem-matriculado-com-cota-perde-vaga-de-medicina-na-usp-por-nao-ser-considerado-pardo.ghtml\">tamb\u00e9m entrou na Justi\u00e7a ap\u00f3s ter tido a matr\u00edcula recusada por considerarem que ele n\u00e3o era pardo.<\/a> Ele tamb\u00e9m foi avaliado pela banca por videochamada. <a class href=\"https:\/\/g1.globo.com\/sp\/sao-paulo\/noticia\/2024\/03\/05\/justica-da-cinco-dias-sob-pena-de-multa-para-usp-explicar-por-que-jovem-nao-foi-considerado-pardo-e-perdeu-vaga-de-medicina.ghtml\">A Justi\u00e7a deu cinco dias para que USP explique por que negou vaga.<\/a> O caso corre pela 2\u00aa Vara C\u00edvel de Cerqueira C\u00e9sar. A multa di\u00e1ria \u00e9 de R$ 500 e limitada ao teto de R$ 20 mil. <\/p>\n<ul>\n<li> <a href=\"https:\/\/g1.globo.com\/sp\/sao-paulo\/cidade\/sao-paulo\/\" class=\"entities__list-itemLink\" data-track-click=\"S\u00e3o Paulo\"> S\u00e3o Paulo <\/a> <\/li>\n<\/ul>\n<h3> <a id=\"js-next-article-desktop-link\" class=\"next-article-desktop-link\"><\/a> <\/h3>\n<h3> <a id=\"js-next-article-smart-link\" class=\"next-article-smart-link\"><\/a> <\/h3>\n<p>Veja tamb\u00e9m<\/p>\n<\/p>\n<\/p>\n<p>       Anterior   Pr\u00f3ximo     <\/p>\n","protected":false},"excerpt":{"rendered":"<p>D\u00e1 para determinar se uma pessoa \u00e9 parda por chamada de v\u00eddeo? USP usa m\u00e9todo para avaliar alunos aprovados por cota racial Especialista aponta que universidade n\u00e3o leva em considera\u00e7\u00e3o que c\u00e2meras tendem a seguir uma escala de cores claras, o que acaba embranquecendo pessoas pardas e acinzentando pessoas negras. USP diz que &#039;toma todo [&hellip;]<\/p>\n","protected":false},"author":1,"featured_media":0,"comment_status":"closed","ping_status":"closed","sticky":false,"template":"","format":"standard","meta":{"footnotes":""},"categories":[],"tags":[],"class_list":["post-58444","post","type-post","status-publish","format-standard","hentry"],"_links":{"self":[{"href":"https:\/\/blog.corretoraideal.com.br\/index.php\/wp-json\/wp\/v2\/posts\/58444","targetHints":{"allow":["GET"]}}],"collection":[{"href":"https:\/\/blog.corretoraideal.com.br\/index.php\/wp-json\/wp\/v2\/posts"}],"about":[{"href":"https:\/\/blog.corretoraideal.com.br\/index.php\/wp-json\/wp\/v2\/types\/post"}],"author":[{"embeddable":true,"href":"https:\/\/blog.corretoraideal.com.br\/index.php\/wp-json\/wp\/v2\/users\/1"}],"replies":[{"embeddable":true,"href":"https:\/\/blog.corretoraideal.com.br\/index.php\/wp-json\/wp\/v2\/comments?post=58444"}],"version-history":[{"count":1,"href":"https:\/\/blog.corretoraideal.com.br\/index.php\/wp-json\/wp\/v2\/posts\/58444\/revisions"}],"predecessor-version":[{"id":58447,"href":"https:\/\/blog.corretoraideal.com.br\/index.php\/wp-json\/wp\/v2\/posts\/58444\/revisions\/58447"}],"wp:attachment":[{"href":"https:\/\/blog.corretoraideal.com.br\/index.php\/wp-json\/wp\/v2\/media?parent=58444"}],"wp:term":[{"taxonomy":"category","embeddable":true,"href":"https:\/\/blog.corretoraideal.com.br\/index.php\/wp-json\/wp\/v2\/categories?post=58444"},{"taxonomy":"post_tag","embeddable":true,"href":"https:\/\/blog.corretoraideal.com.br\/index.php\/wp-json\/wp\/v2\/tags?post=58444"}],"curies":[{"name":"wp","href":"https:\/\/api.w.org\/{rel}","templated":true}]}}