{"id":58448,"date":"2024-03-07T14:29:55","date_gmt":"2024-03-07T14:29:55","guid":{"rendered":"https:\/\/blog.corretoraideal.com.br\/?p=58448"},"modified":"2024-03-07T14:29:55","modified_gmt":"2024-03-07T14:29:55","slug":"dolar-abre-em-baixa-a-espera-de-decisao-de-juros-na-europa-economia-g1","status":"publish","type":"post","link":"https:\/\/blog.corretoraideal.com.br\/index.php\/2024\/03\/07\/dolar-abre-em-baixa-a-espera-de-decisao-de-juros-na-europa-economia-g1\/","title":{"rendered":"D\u00f3lar abre em baixa \u00e0 espera de decis\u00e3o de juros na Europa | Economia | G1"},"content":{"rendered":"<br \/>\n<h1>D\u00f3lar abre em baixa \u00e0 espera de decis\u00e3o de juros na Europa<\/h1>\n<h2>No dia anterior, a moeda norte-americana recuou 0,21%, cotada a R$ 4,9452. J\u00e1 o principal \u00edndice de a\u00e7\u00f5es da bolsa de valores brasileira encerrou em alta de 0,62%, aos 128.890 pontos.<\/h2>\n<p> Por g1 <\/p>\n<p>  07\/03\/2024 09h17    Atualizado  07\/03\/2024    <\/p>\n<p>                      1 de 1&#013;D\u00f3lar \u2014 Foto: Pixabay    <\/p>\n<p> D\u00f3lar \u2014 Foto: Pixabay <\/p>\n<p> O d\u00f3lar abriu em leve baixa nesta quinta-feira (7), enquanto investidores aguardam a decis\u00e3o de juros do <a class href=\"https:\/\/g1.globo.com\/tudo-sobre\/bc-europeu\/\">Banco Central Europeu<\/a> (BCE). <\/p>\n<p> O mercado tamb\u00e9m aguarda novas falas do presidente Federal Reserve (<a class href=\"https:\/\/g1.globo.com\/tudo-sobre\/fed\/\">Fed<\/a>, o banco central americano), Jerome Powell, sobre a economia dos <a class href=\"https:\/\/g1.globo.com\/tudo-sobre\/estados-unidos\/\">Estados Unidos<\/a> e o cen\u00e1rio de juros no pa\u00eds. <\/p>\n<p> <strong>Veja abaixo o resumo dos mercados.<\/strong> <\/p>\n<p><h2>D\u00f3lar<\/h2>\n<\/p>\n<p> \u00c0s 09h15, o d\u00f3lar ca\u00eda 0,13%, cotado a R$ 4,9386. <a class href=\"https:\/\/valor.globo.com\/valor-data\/\">Veja mais cota\u00e7\u00f5es.<\/a> <\/p>\n<p> No dia anterior, a moeda norte-americana teve baixa de 0,21%, cotado a R$ 4,9452. <\/p>\n<p> Com o resultado, acumulou: <\/p>\n<ul>\n<li><strong>retra\u00e7\u00e3o de 0,19% na semana;<\/strong><\/li>\n<li><strong>queda de 0,55% no m\u00eas;<\/strong><\/li>\n<li><strong>e avan\u00e7o de 1,91% no ano.<\/strong><\/li>\n<\/ul>\n<p><h2><a class href=\"https:\/\/g1.globo.com\/tudo-sobre\/ibovespa\/\"><strong>Ibovespa<\/strong><\/a><\/h2>\n<\/p>\n<p> O Ibovespa come\u00e7a a operar \u00e0s 10h. <\/p>\n<p> Na v\u00e9spera, o \u00edndice teve alta de 0,16%, aos 128.890 pontos. <\/p>\n<p> Com o resultado, acumulou <strong>quedas de<\/strong>: <\/p>\n<ul>\n<li><strong>0,22% na semana;<\/strong><\/li>\n<li><strong>0,10% no m\u00eas;<\/strong><\/li>\n<li><strong>e 3,95% no ano.<\/strong><\/li>\n<\/ul>\n<p>                   <img loading=\"lazy\" decoding=\"async\" class=\"aligncenter size-full wp-image-58450\" src=\"https:\/\/blog.corretoraideal.com.br\/wp-content\/uploads\/2024\/03\/entenda-o-que-faz-o-dolar-subir-ou-descer-1.jpeg\" alt=\"Entenda o que faz o d\u00f3lar subir ou descer\" width=\"800\" height=\"400\" \/>       <\/p>\n<p> Entenda o que faz o d\u00f3lar subir ou descer <\/p>\n<ul>\n<li><strong>DINHEIRO OU CART\u00c3O? <\/strong><a class href=\"https:\/\/g1.globo.com\/economia\/noticia\/2022\/03\/26\/dinheiro-ou-cartao-qual-a-melhor-forma-de-levar-dolares-em-viagens.ghtml\">Qual a melhor forma de levar d\u00f3lares em viagens?<\/a><\/li>\n<li><strong>D\u00d3LAR: <\/strong><a class href=\"https:\/\/g1.globo.com\/economia\/noticia\/2022\/04\/05\/dolar-qual-o-melhor-momento-para-comprar.ghtml\">Qual o melhor momento para comprar a moeda? <\/a><\/li>\n<\/ul>\n<p><h2> O que est\u00e1 mexendo com os mercados?<\/h2>\n<\/p>\n<p> Em mais um dia de agenda econ\u00f4mica esvaziada no Brasil, os olhos se voltam, desta vez, para a Europa. Durante a manh\u00e3, o BCE divulga sua decis\u00e3o de pol\u00edtica monet\u00e1ria, com expectativa de investidores de que os juros devem permanecer inalterados a 4% ao ano. <\/p>\n<p> Tamb\u00e9m h\u00e1 expectativa sobre o discurso de Jeome Powell, presidente do Fed, no Senado americano nesta quinta. <\/p>\n<p> Ontem, o banqueiro central j\u00e1 havia discursado na C\u00e2mara dos Deputados. Ele disse que a pr\u00f3ximas decis\u00f5es sobre quando e com que rapidez o Fed deve reduzir as taxas de juros norte-americanas ser\u00e3o baseadas exclusivamente em dados econ\u00f4micos. <\/p>\n<p>&quot;Nosso foco \u00e9 pleno emprego e a estabilidade de pre\u00e7os, e os dados afetam as perspectivas. S\u00e3o essas coisas que estaremos analisando&quot;, afirmou em seu discurso. Ele disse, no entanto, que o progresso cont\u00ednuo na redu\u00e7\u00e3o da infla\u00e7\u00e3o &quot;n\u00e3o est\u00e1 garantido&quot;, fato que tem impedido que autoridades do Fed se comprometam com qualquer cronograma ou ritmo de redu\u00e7\u00e3o de juros. <\/p>\n<p> Atualmente, os juros no pa\u00eds est\u00e3o entre 5,25% e 5,50% ao ano e h\u00e1 muita expectativa sobe o in\u00edcio dos cortes. <\/p>\n<p> Antes da \u00faltima reuni\u00e3o do Fed, muitos analistas acreditavam que a primeira redu\u00e7\u00e3o poderia acontecer em mar\u00e7o. Mas, com a institui\u00e7\u00e3o avisando que n\u00e3o v\u00ea espa\u00e7o para um corte t\u00e3o em breve, as proje\u00e7\u00f5es mudaram e, agora, a maioria acredita que essas redu\u00e7\u00f5es devem come\u00e7ar no meio do ano, entre junho e julho. <\/p>\n<p> O mercado tamb\u00e9m aguarda a divulga\u00e7\u00e3o, amanh\u00e3, do payroll, o mais importante relat\u00f3rio de empregos dos Estados Unidos. <\/p>\n<p> Ainda no exterior, na China, os dados de exporta\u00e7\u00f5es e importa\u00e7\u00f5es surpreenderam positivamente o mercado. Entre janeiro e fevereiro, as exporta\u00e7\u00f5es subiram 7,1%, contra expectativa de 3,0%, enquanto as importa\u00e7\u00f5es avan\u00e7aram 3,5%, contra proje\u00e7\u00f5es de 2,2%. <\/p>\n<ul>\n<li> <a href=\"https:\/\/g1.globo.com\/tudo-sobre\/ambev\/\" class=\"entities__list-itemLink\" data-track-click=\"Ambev\"> Ambev <\/a> <\/li>\n<li> <a href=\"https:\/\/g1.globo.com\/tudo-sobre\/bmf-bovespa\/\" class=\"entities__list-itemLink\" data-track-click=\"B3\"> B3 <\/a> <\/li>\n<li> <a href=\"https:\/\/g1.globo.com\/tudo-sobre\/bc-europeu\/\" class=\"entities__list-itemLink\" data-track-click=\"Banco Central Europeu\"> Banco Central Europeu <\/a> <\/li>\n<li> <a href=\"https:\/\/g1.globo.com\/tudo-sobre\/banco-da-inglaterra\/\" class=\"entities__list-itemLink\" data-track-click=\"Banco da Inglaterra\"> Banco da Inglaterra <\/a> <\/li>\n<li> <a href=\"https:\/\/g1.globo.com\/tudo-sobre\/estados-unidos\/\" class=\"entities__list-itemLink\" data-track-click=\"Estados Unidos\"> Estados Unidos <\/a> <\/li>\n<li> <a href=\"https:\/\/g1.globo.com\/tudo-sobre\/fed\/\" class=\"entities__list-itemLink\" data-track-click=\"FED\"> FED <\/a> <\/li>\n<li> <a href=\"https:\/\/g1.globo.com\/politica\/politico\/fernando-haddad\/\" class=\"entities__list-itemLink\" data-track-click=\"Fernando Haddad\"> Fernando Haddad <\/a> <\/li>\n<li> <a href=\"https:\/\/g1.globo.com\/tudo-sobre\/ibge\/\" class=\"entities__list-itemLink\" data-track-click=\"IBGE\"> IBGE <\/a> <\/li>\n<li> <a href=\"https:\/\/g1.globo.com\/tudo-sobre\/ibovespa\/\" class=\"entities__list-itemLink\" data-track-click=\"Ibovespa\"> Ibovespa <\/a> <\/li>\n<li> <a href=\"https:\/\/g1.globo.com\/politica\/politico\/lula\/\" class=\"entities__list-itemLink\" data-track-click=\"Lula\"> Lula <\/a> <\/li>\n<li> <a href=\"https:\/\/g1.globo.com\/politica\/partido\/psd\/\" class=\"entities__list-itemLink\" data-track-click=\"PSD\"> PSD <\/a> <\/li>\n<li> <a href=\"https:\/\/g1.globo.com\/politica\/partido\/pt\/\" class=\"entities__list-itemLink\" data-track-click=\"PT\"> PT <\/a> <\/li>\n<li> <a href=\"https:\/\/g1.globo.com\/tudo-sobre\/reino-unido\/\" class=\"entities__list-itemLink\" data-track-click=\"Reino Unido\"> Reino Unido <\/a> <\/li>\n<li> <a href=\"https:\/\/g1.globo.com\/politica\/politico\/rodrigo-otavio-soares-pacheco\/\" class=\"entities__list-itemLink\" data-track-click=\"Rodrigo Pacheco\"> Rodrigo Pacheco <\/a> <\/li>\n<\/ul>\n<h3> <a id=\"js-next-article-desktop-link\" class=\"next-article-desktop-link\"><\/a> <\/h3>\n<h3> <a id=\"js-next-article-smart-link\" class=\"next-article-smart-link\"><\/a> <\/h3>\n<p>Veja tamb\u00e9m<\/p>\n<\/p>\n<\/p>\n<p>       Anterior   Pr\u00f3ximo     <\/p>\n","protected":false},"excerpt":{"rendered":"<p>D\u00f3lar abre em baixa \u00e0 espera de decis\u00e3o de juros na Europa No dia anterior, a moeda norte-americana recuou 0,21%, cotada a R$ 4,9452. J\u00e1 o principal \u00edndice de a\u00e7\u00f5es da bolsa de valores brasileira encerrou em alta de 0,62%, aos 128.890 pontos. Por g1 07\/03\/2024 09h17 Atualizado 07\/03\/2024 1 de 1&#013;D\u00f3lar \u2014 Foto: Pixabay [&hellip;]<\/p>\n","protected":false},"author":1,"featured_media":0,"comment_status":"closed","ping_status":"closed","sticky":false,"template":"","format":"standard","meta":{"footnotes":""},"categories":[],"tags":[],"class_list":["post-58448","post","type-post","status-publish","format-standard","hentry"],"_links":{"self":[{"href":"https:\/\/blog.corretoraideal.com.br\/index.php\/wp-json\/wp\/v2\/posts\/58448","targetHints":{"allow":["GET"]}}],"collection":[{"href":"https:\/\/blog.corretoraideal.com.br\/index.php\/wp-json\/wp\/v2\/posts"}],"about":[{"href":"https:\/\/blog.corretoraideal.com.br\/index.php\/wp-json\/wp\/v2\/types\/post"}],"author":[{"embeddable":true,"href":"https:\/\/blog.corretoraideal.com.br\/index.php\/wp-json\/wp\/v2\/users\/1"}],"replies":[{"embeddable":true,"href":"https:\/\/blog.corretoraideal.com.br\/index.php\/wp-json\/wp\/v2\/comments?post=58448"}],"version-history":[{"count":1,"href":"https:\/\/blog.corretoraideal.com.br\/index.php\/wp-json\/wp\/v2\/posts\/58448\/revisions"}],"predecessor-version":[{"id":58451,"href":"https:\/\/blog.corretoraideal.com.br\/index.php\/wp-json\/wp\/v2\/posts\/58448\/revisions\/58451"}],"wp:attachment":[{"href":"https:\/\/blog.corretoraideal.com.br\/index.php\/wp-json\/wp\/v2\/media?parent=58448"}],"wp:term":[{"taxonomy":"category","embeddable":true,"href":"https:\/\/blog.corretoraideal.com.br\/index.php\/wp-json\/wp\/v2\/categories?post=58448"},{"taxonomy":"post_tag","embeddable":true,"href":"https:\/\/blog.corretoraideal.com.br\/index.php\/wp-json\/wp\/v2\/tags?post=58448"}],"curies":[{"name":"wp","href":"https:\/\/api.w.org\/{rel}","templated":true}]}}