{"id":58458,"date":"2024-03-07T17:29:41","date_gmt":"2024-03-07T17:29:41","guid":{"rendered":"https:\/\/blog.corretoraideal.com.br\/?p=58458"},"modified":"2024-03-07T17:29:41","modified_gmt":"2024-03-07T17:29:41","slug":"acao-de-saude-em-macae-conscientiza-sobre-os-riscos-da-obesidade-nesta-sexta-norte-fluminense-g1","status":"publish","type":"post","link":"https:\/\/blog.corretoraideal.com.br\/index.php\/2024\/03\/07\/acao-de-saude-em-macae-conscientiza-sobre-os-riscos-da-obesidade-nesta-sexta-norte-fluminense-g1\/","title":{"rendered":"A\u00e7\u00e3o de sa\u00fade em Maca\u00e9 conscientiza sobre os riscos da obesidade nesta sexta | Norte Fluminense | G1"},"content":{"rendered":"<br \/>\n<h1>A\u00e7\u00e3o de sa\u00fade em Maca\u00e9 conscientiza sobre os riscos da obesidade nesta sexta<\/h1>\n<h2>Atendimentos com equipa multidisciplinar come\u00e7am \u00e0s 9h na Ger\u00eancia de Alimenta\u00e7\u00e3o e Nutri\u00e7\u00e3o, no Centro da cidade. Pacientes ser\u00e3o pesados e orientados sobre os cuidados com a sa\u00fade.<\/h2>\n<p> Por g1 &mdash; Maca\u00e9 <\/p>\n<p>  07\/03\/2024 14h08    Atualizado  07\/03\/2024    <\/p>\n<p> Uma a\u00e7\u00e3o de sa\u00fade em <a class href=\"https:\/\/g1.globo.com\/rj\/regiao-dos-lagos\/cidade\/macae\/\">Maca\u00e9<\/a>, no Norte Fluminense, vai conscientizar sobre os riscos da obesidade nesta sexta-feira (8). Uma equipe multidisciplinar vai realizar o atendimento a partir das 9h na Ger\u00eancia de Alimenta\u00e7\u00e3o e Nutri\u00e7\u00e3o, que fica na rua Silva Jardim, 164, no Centro da cidade. <\/p>\n<p> No local haver\u00e1 pesagem e orienta\u00e7\u00f5es sobre os cuidados com a sa\u00fade, principalmente para evitar sobrepeso e obesidade, uma doen\u00e7a cr\u00f4nica que aumenta os riscos de outras doen\u00e7as. <\/p>\n<p> Na \u00faltima segunda-feira (4), foi o Dia Mundial da Obesidade, e existe como forma de envolver as pessoas sobre o problema que acomete milh\u00f5es de pessoas no Brasil e no mundo. <\/p>\n<p> A Ger\u00eancia de Alimenta\u00e7\u00e3o e Nutri\u00e7\u00e3o pertence a rede p\u00fablica municipal de Sa\u00fade da cidade, e \u00e9 vinculada \u00e0 Secretaria Adjunta de Aten\u00e7\u00e3o B\u00e1sica da Secretaria Municipal de Sa\u00fade. No local, funciona o Ambulat\u00f3rio de Obesidade, que recebe, mensalmente, 300 pacientes. <\/p>\n<p> A unidade concentra todo o servi\u00e7o que envolve a obesidade, o que facilita o atendimento para a popula\u00e7\u00e3o. Al\u00e9m de consultas e palestras, as equipes realizam oficinas culin\u00e1rias e outros trabalhos em grupo e individual. <\/p>\n<p> A gerente, Ver\u00f4nica Martins Guimar\u00e3es, explica que, antes, as a\u00e7\u00f5es dessa \u00e1rea eram descentralizadas, sendo realizadas em v\u00e1rios \u00f3rg\u00e3os, o que dificultava o atendimento \u00e0 popula\u00e7\u00e3o. Com a centraliza\u00e7\u00e3o na Ger\u00eancia, a equipe foi ampliada e conta com dois nutricionistas, um psic\u00f3logo e um endocrinologista. \u201cDurante todo o ano realizamos a\u00e7\u00f5es em grupos e nas consultas orientando as pessoas\u201d, disse. <\/p>\n<p><h2>Sobre o atendimento<\/h2>\n<\/p>\n<p> O Ambulat\u00f3rio de Obesidade atende homens e mulheres maiores de 18 anos de idade e que estejam com obesidade grau III, conforme o \u00cdndice de Massa Corporal (IMC) e com comorbidades sem sucesso em tratamento anterior. <\/p>\n<p> A Ger\u00eancia tamb\u00e9m atende crian\u00e7as a partir dos seis meses de vida e pacientes infanto-juvenis. <\/p>\n<p> Para ser atendido, \u00e9 necess\u00e1rio que o paciente tenha encaminhamento do nutricionista que fez o atendimento na rede de Aten\u00e7\u00e3o B\u00e1sica. <\/p>\n<ul>\n<li> <a href=\"https:\/\/g1.globo.com\/rj\/regiao-dos-lagos\/cidade\/macae\/\" class=\"entities__list-itemLink\" data-track-click=\"Maca\u00e9\"> Maca\u00e9 <\/a> <\/li>\n<\/ul>\n<h3> <a id=\"js-next-article-desktop-link\" class=\"next-article-desktop-link\"><\/a> <\/h3>\n<h3> <a id=\"js-next-article-smart-link\" class=\"next-article-smart-link\"><\/a> <\/h3>\n<p>Veja tamb\u00e9m<\/p>\n<\/p>\n<\/p>\n<p>       Anterior   Pr\u00f3ximo     <\/p>\n","protected":false},"excerpt":{"rendered":"<p>A\u00e7\u00e3o de sa\u00fade em Maca\u00e9 conscientiza sobre os riscos da obesidade nesta sexta Atendimentos com equipa multidisciplinar come\u00e7am \u00e0s 9h na Ger\u00eancia de Alimenta\u00e7\u00e3o e Nutri\u00e7\u00e3o, no Centro da cidade. Pacientes ser\u00e3o pesados e orientados sobre os cuidados com a sa\u00fade. Por g1 &mdash; Maca\u00e9 07\/03\/2024 14h08 Atualizado 07\/03\/2024 Uma a\u00e7\u00e3o de sa\u00fade em Maca\u00e9, [&hellip;]<\/p>\n","protected":false},"author":1,"featured_media":0,"comment_status":"closed","ping_status":"closed","sticky":false,"template":"","format":"standard","meta":{"footnotes":""},"categories":[],"tags":[],"class_list":["post-58458","post","type-post","status-publish","format-standard","hentry"],"_links":{"self":[{"href":"https:\/\/blog.corretoraideal.com.br\/index.php\/wp-json\/wp\/v2\/posts\/58458","targetHints":{"allow":["GET"]}}],"collection":[{"href":"https:\/\/blog.corretoraideal.com.br\/index.php\/wp-json\/wp\/v2\/posts"}],"about":[{"href":"https:\/\/blog.corretoraideal.com.br\/index.php\/wp-json\/wp\/v2\/types\/post"}],"author":[{"embeddable":true,"href":"https:\/\/blog.corretoraideal.com.br\/index.php\/wp-json\/wp\/v2\/users\/1"}],"replies":[{"embeddable":true,"href":"https:\/\/blog.corretoraideal.com.br\/index.php\/wp-json\/wp\/v2\/comments?post=58458"}],"version-history":[{"count":1,"href":"https:\/\/blog.corretoraideal.com.br\/index.php\/wp-json\/wp\/v2\/posts\/58458\/revisions"}],"predecessor-version":[{"id":58460,"href":"https:\/\/blog.corretoraideal.com.br\/index.php\/wp-json\/wp\/v2\/posts\/58458\/revisions\/58460"}],"wp:attachment":[{"href":"https:\/\/blog.corretoraideal.com.br\/index.php\/wp-json\/wp\/v2\/media?parent=58458"}],"wp:term":[{"taxonomy":"category","embeddable":true,"href":"https:\/\/blog.corretoraideal.com.br\/index.php\/wp-json\/wp\/v2\/categories?post=58458"},{"taxonomy":"post_tag","embeddable":true,"href":"https:\/\/blog.corretoraideal.com.br\/index.php\/wp-json\/wp\/v2\/tags?post=58458"}],"curies":[{"name":"wp","href":"https:\/\/api.w.org\/{rel}","templated":true}]}}