{"id":58461,"date":"2024-03-07T19:29:43","date_gmt":"2024-03-07T19:29:43","guid":{"rendered":"https:\/\/blog.corretoraideal.com.br\/?p=58461"},"modified":"2024-03-07T19:29:43","modified_gmt":"2024-03-07T19:29:43","slug":"licuri-guandu-abiu-faca-o-quiz-e-veja-se-voce-conhece-alimentos-da-nova-cesta-basica-agronegocios-g1","status":"publish","type":"post","link":"https:\/\/blog.corretoraideal.com.br\/index.php\/2024\/03\/07\/licuri-guandu-abiu-faca-o-quiz-e-veja-se-voce-conhece-alimentos-da-nova-cesta-basica-agronegocios-g1\/","title":{"rendered":"Licuri, guandu, abiu: fa\u00e7a o quiz e veja se voc\u00ea conhece alimentos da nova cesta b\u00e1sica | Agroneg\u00f3cios | G1"},"content":{"rendered":"<br \/>\n<h1>Licuri, guandu, abiu: fa\u00e7a o quiz e veja se voc\u00ea conhece alimentos da nova cesta b\u00e1sica<\/h1>\n<h2>Minist\u00e9rio do Desenvolvimento e Assist\u00eancia Social (MDS) publicou uma lista de produtos nesta quinta-feira (7).<\/h2>\n<p> Por g1 <\/p>\n<p>  07\/03\/2024 15h52    Atualizado  07\/03\/2024    <\/p>\n<p>                      1 de 1&#013;Lista dos alimentos da nova cesta b\u00e1sica foi divulgada nesta quinta-feira (7). \u2014 Foto: g1    <\/p>\n<p> Lista dos alimentos da nova cesta b\u00e1sica foi divulgada nesta quinta-feira (7). \u2014 Foto: g1 <\/p>\n<p> A<a class href=\"https:\/\/g1.globo.com\/politica\/noticia\/2024\/03\/06\/governo-publica-decreto-que-cria-nova-cesta-basica-veja-os-grupos-de-alimentos.ghtml\"> nova cesta b\u00e1sica brasileira<\/a> \u00e9 composta por in\u00fameros alimentos frescos, como frutas, verduras e legumes, al\u00e9m de produtos minimamente processados e ingredientes culin\u00e1rios, como o sal, a\u00e7\u00facar e \u00f3leos. <\/p>\n<p> Os ultraprocessados ficaram de fora da<a class href=\"https:\/\/g1.globo.com\/politica\/noticia\/2024\/03\/07\/governo-publica-lista-com-exemplos-de-alimentos-que-compoem-a-nova-cesta-basica-veja-a-lista.ghtml\"> lista do Minist\u00e9rio do Desenvolvimento e Assist\u00eancia Social (MDS) <\/a>publicada nesta quinta-feira (7). <\/p>\n<p> Muitos dos alimentos da cesta s\u00e3o cultivados por pequenos agricultores familiares e fazem parte da cultura alimentar de diversas popula\u00e7\u00f5es pelo Brasil. Dentre eles, est\u00e3o o guandu, o abiu, o licuri, a cagaita, a beldroega e muito mais. <\/p>\n<p> <strong>Voc\u00ea conhece alguns desses alimentos? Fa\u00e7a o teste e descubra.<\/strong> <\/p>\n<p><h2><strong>S\u00e9rie &#x27;De onde vem&#x27; mostra origem dos alimentos&#8230;<\/strong><\/h2>\n<\/p>\n<p>                   <img loading=\"lazy\" decoding=\"async\" class=\"aligncenter size-full wp-image-58463\" src=\"https:\/\/blog.corretoraideal.com.br\/wp-content\/uploads\/2024\/03\/lupulo-da-cerveja-e.jpeg\" alt=\"L\u00fapulo da cerveja \u00e9 \" width=\"800\" height=\"400\" \/>       <\/p>\n<p> L\u00fapulo da cerveja \u00e9 &#8216;parente&#8217; da cannabis e depende de luz artificial ao anoitecer no Bras <\/p>\n<p>                    <img loading=\"lazy\" decoding=\"async\" class=\"aligncenter size-full wp-image-58464\" src=\"https:\/\/blog.corretoraideal.com.br\/wp-content\/uploads\/2024\/03\/agua-de-coco-nao-e-tudo-igual-veja-quais-tipos-podem-ser-comercializados-no-brasil.jpeg\" alt=\"\u00c1gua de coco n\u00e3o \u00e9 tudo igual: veja quais tipos podem ser comercializados no Brasil\" width=\"800\" height=\"400\" \/>       <\/p>\n<p> \u00c1gua de coco n\u00e3o \u00e9 tudo igual: veja quais tipos podem ser comercializados no Brasil <\/p>\n<p>                    <img loading=\"lazy\" decoding=\"async\" class=\"aligncenter size-full wp-image-58465\" src=\"https:\/\/blog.corretoraideal.com.br\/wp-content\/uploads\/2024\/03\/maracuja-silvestre-pode-chegar-a-custar-r-200-o-quilo-e-tem-tamanho-de-um-limao.jpeg\" alt=\"Maracuj\u00e1 silvestre pode chegar a custar R$ 200 o quilo e tem tamanho de um lim\u00e3o\" width=\"800\" height=\"400\" \/>       <\/p>\n<p> Maracuj\u00e1 silvestre pode chegar a custar R$ 200 o quilo e tem tamanho de um lim\u00e3o <\/p>\n<p>                    <img loading=\"lazy\" decoding=\"async\" class=\"aligncenter size-full wp-image-58466\" src=\"https:\/\/blog.corretoraideal.com.br\/wp-content\/uploads\/2024\/03\/como-a-uva-fruta-do.jpeg\" alt=\"Como a uva, fruta do \" width=\"800\" height=\"400\" \/>       <\/p>\n<p> Como a uva, fruta do &#8216;frio&#8217;, virou uma das riquezas do sert\u00e3o nordestino. <\/p>\n<ul> <\/ul>\n<h3> <a id=\"js-next-article-desktop-link\" class=\"next-article-desktop-link\"><\/a> <\/h3>\n<h3> <a id=\"js-next-article-smart-link\" class=\"next-article-smart-link\"><\/a> <\/h3>\n<p>Veja tamb\u00e9m<\/p>\n<\/p>\n<\/p>\n<p>       Anterior   Pr\u00f3ximo     <\/p>\n","protected":false},"excerpt":{"rendered":"<p>Licuri, guandu, abiu: fa\u00e7a o quiz e veja se voc\u00ea conhece alimentos da nova cesta b\u00e1sica Minist\u00e9rio do Desenvolvimento e Assist\u00eancia Social (MDS) publicou uma lista de produtos nesta quinta-feira (7). Por g1 07\/03\/2024 15h52 Atualizado 07\/03\/2024 1 de 1&#013;Lista dos alimentos da nova cesta b\u00e1sica foi divulgada nesta quinta-feira (7). \u2014 Foto: g1 Lista [&hellip;]<\/p>\n","protected":false},"author":1,"featured_media":0,"comment_status":"closed","ping_status":"closed","sticky":false,"template":"","format":"standard","meta":{"footnotes":""},"categories":[],"tags":[],"class_list":["post-58461","post","type-post","status-publish","format-standard","hentry"],"_links":{"self":[{"href":"https:\/\/blog.corretoraideal.com.br\/index.php\/wp-json\/wp\/v2\/posts\/58461","targetHints":{"allow":["GET"]}}],"collection":[{"href":"https:\/\/blog.corretoraideal.com.br\/index.php\/wp-json\/wp\/v2\/posts"}],"about":[{"href":"https:\/\/blog.corretoraideal.com.br\/index.php\/wp-json\/wp\/v2\/types\/post"}],"author":[{"embeddable":true,"href":"https:\/\/blog.corretoraideal.com.br\/index.php\/wp-json\/wp\/v2\/users\/1"}],"replies":[{"embeddable":true,"href":"https:\/\/blog.corretoraideal.com.br\/index.php\/wp-json\/wp\/v2\/comments?post=58461"}],"version-history":[{"count":1,"href":"https:\/\/blog.corretoraideal.com.br\/index.php\/wp-json\/wp\/v2\/posts\/58461\/revisions"}],"predecessor-version":[{"id":58467,"href":"https:\/\/blog.corretoraideal.com.br\/index.php\/wp-json\/wp\/v2\/posts\/58461\/revisions\/58467"}],"wp:attachment":[{"href":"https:\/\/blog.corretoraideal.com.br\/index.php\/wp-json\/wp\/v2\/media?parent=58461"}],"wp:term":[{"taxonomy":"category","embeddable":true,"href":"https:\/\/blog.corretoraideal.com.br\/index.php\/wp-json\/wp\/v2\/categories?post=58461"},{"taxonomy":"post_tag","embeddable":true,"href":"https:\/\/blog.corretoraideal.com.br\/index.php\/wp-json\/wp\/v2\/tags?post=58461"}],"curies":[{"name":"wp","href":"https:\/\/api.w.org\/{rel}","templated":true}]}}