{"id":58474,"date":"2024-03-08T00:29:39","date_gmt":"2024-03-08T00:29:39","guid":{"rendered":"https:\/\/blog.corretoraideal.com.br\/?p=58474"},"modified":"2024-03-08T00:29:39","modified_gmt":"2024-03-08T00:29:39","slug":"inss-vai-permitir-uso-da-telemedicina-para-concessao-de-beneficios-previdenciarios-economia-g1","status":"publish","type":"post","link":"https:\/\/blog.corretoraideal.com.br\/index.php\/2024\/03\/08\/inss-vai-permitir-uso-da-telemedicina-para-concessao-de-beneficios-previdenciarios-economia-g1\/","title":{"rendered":"INSS vai permitir uso da telemedicina para concess\u00e3o de benef\u00edcios previdenci\u00e1rios | Economia | G1"},"content":{"rendered":"<br \/>\n<h1>INSS vai permitir uso da telemedicina para concess\u00e3o de benef\u00edcios previdenci\u00e1rios<\/h1>\n<h2>Per\u00edcias online ser\u00e3o autorizadas para concess\u00e3o de aposentadoria por incapacidade permanente, aux\u00edlio-doen\u00e7a e BPC. Governo tentar reduzir fila do Instituto Nacional do Seguro Social (INSS).<\/h2>\n<p> Por <a class=\"multi_signatures\" href=\"https:\/\/g1.globo.com\/autores\/ana-paula-castro\/\">Ana Paula Castro<\/a>, TV Globo &mdash; Bras\u00edlia <\/p>\n<p>  07\/03\/2024 20h42    Atualizado  07\/03\/2024    <\/p>\n<p> O Minist\u00e9rio da Previd\u00eancia Social vai permitir que a per\u00edcia m\u00e9dica seja feita por telemedicina &#8212; ou seja, de maneira online &#8212; para a concess\u00e3o de benef\u00edcios previdenci\u00e1rios. S\u00e3o eles: <\/p>\n<ul>\n<li>aposentadoria por incapacidade permanente: benef\u00edcio pago a quem estiver incapaz de exercer qualquer atividade de trabalho, sem possibilidade de reabilita\u00e7\u00e3o para outra fun\u00e7\u00e3o;<\/li>\n<li>aux\u00edlio por incapacidade tempor\u00e1ria: antes, era chamado de aux\u00edlio-doen\u00e7a, \u00e9 pago para quem estiver incapacitado para trabalhar por mais de quinze dias por conta de doen\u00e7a ou<\/li>\n<li> acidente;<\/li>\n<li>Benef\u00edcio de Presta\u00e7\u00e3o Continuada (BPC) para pessoa com defici\u00eancia: \u00e9 o pagamento de um sal\u00e1rio m\u00ednimo por m\u00eas para pessoas com defici\u00eancia de qualquer idade;<\/li>\n<\/ul>\n<p> A avalia\u00e7\u00e3o m\u00e9dica \u00e9 etapa necess\u00e1ria \u00e0 concess\u00e3o desse tr\u00eas benef\u00edcios. Segundo dados do Portal da Transpar\u00eancia Previdenci\u00e1ria, 880.519 per\u00edcias m\u00e9dicas presenciais estavam agendadas at\u00e9 janeiro deste ano. <\/p>\n<p> Essa \u00e9 mais uma a\u00e7\u00e3o do governo para tentar reduzir a fila do Instituto Nacional do Seguro Social (INSS). Desde outubro do ano passado, o benef\u00edcio por incapacidade tempor\u00e1ria pode ser concedido por meio da an\u00e1lise documental do atestado m\u00e9dico, no lugar da per\u00edcia presencial. <\/p>\n<p> Em nota, o minist\u00e9rio explicou que a ideia agora \u00e9 priorizar o uso da telemedicina em locais com aus\u00eancia de peritos ou com elevado tempo de espera para realiza\u00e7\u00e3o da per\u00edcia. <\/p>\n<p> A Secretaria de Regime Geral de Previd\u00eancia Social vai definir quais unidades de atendimento se encaixam nesse crit\u00e9rio e poder\u00e3o usar o recurso da telemedicina. Al\u00e9m disso, o governo vai propor, por meio de portaria, uma lista de cidades em que o atendimento online ser\u00e1 permanente. <\/p>\n<p> Segundo a Previd\u00eancia, o uso da telemedicina ser\u00e1 testado, em car\u00e1ter experimental, na regi\u00e3o Nordeste na pr\u00f3xima semana, em ag\u00eancias que n\u00e3o possuem perito m\u00e9dico. <\/p>\n<p> O objetivo da pasta \u00e9 realizar 50 mil per\u00edcias online por m\u00eas at\u00e9 o final do semestre. <\/p>\n<p> A telemedicina tamb\u00e9m poder\u00e1 ser utilizada para casos de per\u00edcia m\u00e9dica de reavalia\u00e7\u00e3o ou de avalia\u00e7\u00e3o biopsicossocial de defici\u00eancia. <\/p>\n<ul> <\/ul>\n<h3> <a id=\"js-next-article-desktop-link\" class=\"next-article-desktop-link\"><\/a> <\/h3>\n<h3> <a id=\"js-next-article-smart-link\" class=\"next-article-smart-link\"><\/a> <\/h3>\n<p>Veja tamb\u00e9m<\/p>\n<\/p>\n<\/p>\n<p>       Anterior   Pr\u00f3ximo     <\/p>\n","protected":false},"excerpt":{"rendered":"<p>INSS vai permitir uso da telemedicina para concess\u00e3o de benef\u00edcios previdenci\u00e1rios Per\u00edcias online ser\u00e3o autorizadas para concess\u00e3o de aposentadoria por incapacidade permanente, aux\u00edlio-doen\u00e7a e BPC. Governo tentar reduzir fila do Instituto Nacional do Seguro Social (INSS). Por Ana Paula Castro, TV Globo &mdash; Bras\u00edlia 07\/03\/2024 20h42 Atualizado 07\/03\/2024 O Minist\u00e9rio da Previd\u00eancia Social vai permitir [&hellip;]<\/p>\n","protected":false},"author":1,"featured_media":0,"comment_status":"closed","ping_status":"closed","sticky":false,"template":"","format":"standard","meta":{"footnotes":""},"categories":[],"tags":[],"class_list":["post-58474","post","type-post","status-publish","format-standard","hentry"],"_links":{"self":[{"href":"https:\/\/blog.corretoraideal.com.br\/index.php\/wp-json\/wp\/v2\/posts\/58474","targetHints":{"allow":["GET"]}}],"collection":[{"href":"https:\/\/blog.corretoraideal.com.br\/index.php\/wp-json\/wp\/v2\/posts"}],"about":[{"href":"https:\/\/blog.corretoraideal.com.br\/index.php\/wp-json\/wp\/v2\/types\/post"}],"author":[{"embeddable":true,"href":"https:\/\/blog.corretoraideal.com.br\/index.php\/wp-json\/wp\/v2\/users\/1"}],"replies":[{"embeddable":true,"href":"https:\/\/blog.corretoraideal.com.br\/index.php\/wp-json\/wp\/v2\/comments?post=58474"}],"version-history":[{"count":1,"href":"https:\/\/blog.corretoraideal.com.br\/index.php\/wp-json\/wp\/v2\/posts\/58474\/revisions"}],"predecessor-version":[{"id":58476,"href":"https:\/\/blog.corretoraideal.com.br\/index.php\/wp-json\/wp\/v2\/posts\/58474\/revisions\/58476"}],"wp:attachment":[{"href":"https:\/\/blog.corretoraideal.com.br\/index.php\/wp-json\/wp\/v2\/media?parent=58474"}],"wp:term":[{"taxonomy":"category","embeddable":true,"href":"https:\/\/blog.corretoraideal.com.br\/index.php\/wp-json\/wp\/v2\/categories?post=58474"},{"taxonomy":"post_tag","embeddable":true,"href":"https:\/\/blog.corretoraideal.com.br\/index.php\/wp-json\/wp\/v2\/tags?post=58474"}],"curies":[{"name":"wp","href":"https:\/\/api.w.org\/{rel}","templated":true}]}}