{"id":58480,"date":"2024-03-08T10:29:52","date_gmt":"2024-03-08T10:29:52","guid":{"rendered":"https:\/\/blog.corretoraideal.com.br\/?p=58480"},"modified":"2024-03-08T10:29:52","modified_gmt":"2024-03-08T10:29:52","slug":"motoristas-de-apps-entenda-o-projeto-e-veja-argumentos-a-favor-e-contra-e-qual-o-caminho-ate-virar-lei-economia-g1","status":"publish","type":"post","link":"https:\/\/blog.corretoraideal.com.br\/index.php\/2024\/03\/08\/motoristas-de-apps-entenda-o-projeto-e-veja-argumentos-a-favor-e-contra-e-qual-o-caminho-ate-virar-lei-economia-g1\/","title":{"rendered":"Motoristas de apps: entenda o projeto e veja argumentos a favor e contra \u2014 e qual o caminho at\u00e9 virar lei | Economia | G1"},"content":{"rendered":"<br \/>\n<h1>Motoristas de apps: entenda o projeto e veja argumentos a favor e contra \u2014 e qual o caminho at\u00e9 virar lei<\/h1>\n<h2>Governo defende que proposta amplia direitos e garante seguran\u00e7a jur\u00eddica. Cr\u00edticos acreditam que a autonomia dos trabalhadores pode ser diminu\u00edda, com brecha para empresas pagarem menos por hora trabalhada. <\/h2>\n<p> Por <a class=\"multi_signatures\" href=\"https:\/\/g1.globo.com\/autores\/andre-catto\/\">Andr\u00e9 Catto<\/a>, g1 <\/p>\n<p>  08\/03\/2024 05h02    Atualizado  08\/03\/2024    <\/p>\n<p>                             <img loading=\"lazy\" decoding=\"async\" class=\"aligncenter size-full wp-image-58482\" src=\"https:\/\/blog.corretoraideal.com.br\/wp-content\/uploads\/2024\/03\/proposta-para-motorista-de-app-preve-inss-carga-horaria-e-auxilio-maternidade.jpeg\" alt=\"Proposta para motorista de app prev\u00ea INSS, carga hor\u00e1ria e aux\u00edlio maternidade\" width=\"800\" height=\"400\" \/>       <\/p>\n<p> Proposta para motorista de app prev\u00ea INSS, carga hor\u00e1ria e aux\u00edlio-maternidade <\/p>\n<p> Apresentado pelo governo federal ap\u00f3s um ano de negocia\u00e7\u00f5es, o <a class href=\"https:\/\/g1.globo.com\/politica\/noticia\/2024\/03\/04\/lula-envia-ao-congresso-projeto-que-preve-direitos-e-contribuicao-ao-inss-para-motoristas-de-aplicativos.ghtml\">projeto de lei que cria direitos trabalhistas para motoristas de aplicativos<\/a> foi recebido com uma s\u00e9rie de cr\u00edticas por grupos que representam a classe. <\/p>\n<p> <strong>Nesta reportagem, voc\u00ea vai entender: <\/strong> <\/p>\n<ul>\n<li>Os <strong>principais pontos<\/strong> da proposta <\/li>\n<li>As <strong>justificativas<\/strong> apresentadas pelo governo<\/li>\n<li>O que dizem os <strong>representantes contr\u00e1rios<\/strong> ao projeto<\/li>\n<li>Os <strong>poss\u00edveis reflexos<\/strong> nos pre\u00e7os das corridas<\/li>\n<li>A <strong>tramita\u00e7\u00e3o do projeto<\/strong>, que passar\u00e1 por C\u00e2mara e no <a class href=\"https:\/\/g1.globo.com\/tudo-sobre\/senado-federal\/\">Senado<\/a><\/li>\n<li><strong>Julgamento <\/strong>no <a class href=\"https:\/\/g1.globo.com\/tudo-sobre\/supremo-tribunal-federal\/\">STF<\/a><\/li>\n<\/ul>\n<p><h2>Os principais pontos da proposta<\/h2>\n<\/p>\n<p> A proposta foi enviada na \u00faltima segunda-feira (4) pelo presidente <a class href=\"https:\/\/g1.globo.com\/tudo-sobre\/luiz-inacio-lula-da-silva\/\">Luiz In\u00e1cio Lula da Silva<\/a> (<a class href=\"https:\/\/g1.globo.com\/politica\/partido\/pt\/\">PT<\/a>) ao <a class href=\"https:\/\/g1.globo.com\/tudo-sobre\/congresso-nacional\/\">Congresso Nacional<\/a>. A ideia, conforme disse o presidente durante <a class href=\"https:\/\/g1.globo.com\/trabalho-e-carreira\/noticia\/2024\/03\/04\/o-que-pode-mudar-para-motoristas-com-projeto-de-lei-que-regulamenta-trabalho-por-aplicativo.ghtml\">a cerim\u00f4nia de apresenta\u00e7\u00e3o da proposta<\/a>, \u00e9 manter a \u201cautonomia\u201d dos motoristas com um \u201cm\u00ednimo de garantia\u201d trabalhista. <\/p>\n<p> <strong>Os pontos mais importantes do projeto s\u00e3o os seguintes:<\/strong> <\/p>\n<ul>\n<li>\u27a1\ufe0f <strong>jornada de trabalho de 8 horas di\u00e1rias<\/strong> (podendo chegar a 12 horas se houver acordo coletivo); <\/li>\n<li>\u27a1\ufe0f motorista que cumprir 8 horas di\u00e1rias <strong>n\u00e3o poder\u00e1 receber menos do que R$ 1.412;<\/strong><\/li>\n<li>\u27a1\ufe0f cria\u00e7\u00e3o da categoria <strong>&quot;trabalhador aut\u00f4nomo por plataforma&quot;<\/strong>;<\/li>\n<li>\u27a1\ufe0f mulheres ter\u00e3o acesso a direitos previdenci\u00e1rios previstos no <strong>Aux\u00edlio Maternidade<\/strong>;<\/li>\n<li>\u27a1\ufe0f o motorista poder\u00e1 escolher quando trabalhar e <strong>n\u00e3o haver\u00e1 v\u00ednculo de exclusividade<\/strong>; <\/li>\n<li>\u27a1\ufe0f haver\u00e1 um <strong>sindicato da categoria<\/strong>;<\/li>\n<li>\u27a1\ufe0f transpar\u00eancia sobre as <strong>regras de oferta de viagens<\/strong>; <\/li>\n<li>\u27a1\ufe0f dever\u00e1 ter <strong>remunera\u00e7\u00e3o m\u00ednima<\/strong> mais o ganho vari\u00e1vel com as corridas; <\/li>\n<li>\u27a1\ufe0f a hora trabalhada dever\u00e1 ter <strong>valor m\u00ednimo de R$ 32,09<\/strong>.<\/li>\n<\/ul>\n<p> Al\u00e9m disso, as novas regras <strong>n\u00e3o significam v\u00ednculo de trabalho<\/strong><strong> <\/strong>entre os motoristas e os aplicativos. Ent\u00e3o, eles n\u00e3o estar\u00e3o enquadrados na Consolida\u00e7\u00e3o das Leis do Trabalho (CLT). <\/p>\n<p> Essa \u00e9 uma demanda da categoria porque <strong>elimina a possibilidade de trabalho exclusivo para uma s\u00f3 plataforma.<\/strong><strong> <\/strong> <\/p>\n<p><h2>As justificativas apresentadas pelo governo<\/h2>\n<\/p>\n<p> O governo diz que os trabalhadores <strong>s\u00e3o un\u00e2nimes na reivindica\u00e7\u00e3o por direitos<\/strong>, pois n\u00e3o possuem sal\u00e1rio m\u00ednimo e benef\u00edcios trabalhistas, est\u00e3o sujeitos a jornadas extensas de trabalho e n\u00e3o t\u00eam cobertura previdenci\u00e1ria em casos de afastamentos por doen\u00e7a. <\/p>\n<p> Caso o projeto seja aprovado pelo Congresso Nacional, os motoristas entram na categoria &quot;trabalhador aut\u00f4nomo por plataforma&quot; e todos os direitos propostos pelo governo passam a valer. <\/p>\n<p> Por outro lado, os motoristas passam tamb\u00e9m a contribuir com o <a class href=\"https:\/\/g1.globo.com\/tudo-sobre\/inss\/\">INSS<\/a>, para que estejam segurados pela <a class href=\"https:\/\/g1.globo.com\/tudo-sobre\/previdencia-social\/\">Previd\u00eancia Social<\/a>. As empresas tamb\u00e9m ter\u00e3o que contribuir com um percentual para cada trabalhador. <\/p>\n<p> <strong>Veja o modelo abaixo.<\/strong> <\/p>\n<ul>\n<li>Os motoristas dever\u00e3o recolher <strong>7,5% de contribui\u00e7\u00e3o<\/strong>;<\/li>\n<li>As empresas que comandam os apps, <strong>20% de contribui\u00e7\u00e3o<\/strong>.<\/li>\n<\/ul>\n<p> O governo calcula arrecadar quase <strong>R$ 280 milh\u00f5es<\/strong> para a Previd\u00eancia. Para especialistas ouvidos pelo <a class href=\"https:\/\/g1.globo.com\/\"><strong>g1<\/strong><\/a>, a contribui\u00e7\u00e3o pode aumentar o pre\u00e7o das corridas, j\u00e1 que motoristas e empresas n\u00e3o estar\u00e3o dispostas a incorporar o gasto a mais com impostos. (saiba mais abaixo) <\/p>\n<p>                   <img loading=\"lazy\" decoding=\"async\" class=\"aligncenter size-full wp-image-58483\" src=\"https:\/\/blog.corretoraideal.com.br\/wp-content\/uploads\/2024\/03\/lula-anuncia-pacote-para-motoristas-de-aplicativo.jpeg\" alt=\"Lula anuncia pacote para motoristas de aplicativo\" width=\"800\" height=\"400\" \/>       <\/p>\n<p> Lula anuncia pacote para motoristas de aplicativo <\/p>\n<p><h2>O que dizem os representantes contr\u00e1rios ao projeto<\/h2>\n<\/p>\n<p> A proposta apresentada pelo governo dividiu inclusive representantes da categoria. Apesar da presen\u00e7a de sindicatos e representantes das empresas no grupo de trabalho que formatou o projeto, associa\u00e7\u00f5es reclamaram de exclus\u00e3o nos debates. <\/p>\n<p>&quot;Questionamos o governo: por que apenas os sindicatos foram chamados, sendo que eles n\u00e3o representam a classe dos motoristas? (&#8230;) Agora, as associa\u00e7\u00f5es est\u00e3o trabalhando no Congresso para alterar o texto&quot;, disse Eduardo Lima de Souza, presidente da Associa\u00e7\u00e3o dos Motoristas de Aplicativos de S\u00e3o Paulo (Amasp).<\/p>\n<p> Pelo menos <strong>tr\u00eas principais pontos<\/strong> s\u00e3o fortemente criticados. <\/p>\n<ul>\n<li><strong>\u27a1\ufe0f Jornada de trabalho<\/strong><\/li>\n<\/ul>\n<p> Motoristas e representantes cr\u00edticos ao projeto afirmam que a delimita\u00e7\u00e3o de uma jornada de trabalho representa <strong>perda de autonomia.<\/strong> <\/p>\n<p> A Amasp diz que os profissionais que atuam em apps de transporte podem trabalhar por 12 horas em cada empresa, de acordo com as regras atuais. Uma limita\u00e7\u00e3o da carga, portanto, <strong>reduziria a margem para aqueles que precisam trabalhar mais<\/strong>. <\/p>\n<p> A categoria se preocupa com a <strong>necessidade de acordo coletivo<\/strong> para que se cumpra mais do que as 8 horas definidas pelo governo. Pela regra, motorista que cumprir a jornada b\u00e1sica di\u00e1ria n\u00e3o poder\u00e1 receber menos do que R$ 1.412. Mas dados do Instituto Brasileiro de Geografia e Estat\u00edstica (<a class href=\"https:\/\/g1.globo.com\/tudo-sobre\/ibge\/\">IBGE<\/a>) mostram que <strong>os motoristas de app tiveram renda m\u00e9dia de R$ 2.454 em 2022. <\/strong> <\/p>\n<ul>\n<li><strong>\u27a1\ufe0f Pagamento m\u00ednimo por hora<\/strong><\/li>\n<\/ul>\n<p> A avalia\u00e7\u00e3o de representantes dos motoristas \u00e9 de que o montante final de R$ 32,09 por hora proposto pelo governo <strong>n\u00e3o cobre os custos com gasolina e manuten\u00e7\u00e3o do carro.<\/strong> <\/p>\n<p> Segundo o projeto, o valor foi pensado para dois quesitos principais: R$ 24,07 para cobrir gastos com internet do celular, combust\u00edvel, manuten\u00e7\u00e3o do ve\u00edculo, seguro e impostos. J\u00e1 os R$ 8,02 restantes seriam uma remunera\u00e7\u00e3o correspondente a 25% da hora trabalhada. <\/p>\n<p> O receio tamb\u00e9m \u00e9 que a mudan\u00e7a possa abrir brecha para que as empresas diminuam os valores repassados aos motoristas pelas corridas, seguindo a pol\u00edtica de valor m\u00ednimo na lei. <\/p>\n<p>&quot;Quando a categoria for criticar a empresa por conta do repasse, v\u00e3o justificar que est\u00e3o cumprindo com a obriga\u00e7\u00e3o&quot;, sup\u00f5e o presidente da Amasp, Eduardo de Souza.<\/p>\n<p> Hoje, os motoristas n\u00e3o t\u00eam clareza das pol\u00edticas de repasse, e est\u00e3o sujeitos a crit\u00e9rios estabelecidos pelas empresas do quanto ser\u00e3o remunerados. Por isso, h\u00e1 o temor de que um valor abaixo do que o necess\u00e1rio, estabelecido em lei, vire um argumento para repasses menores. <\/p>\n<ul>\n<li><strong>\u27a1\ufe0f Previd\u00eancia Social<\/strong><\/li>\n<\/ul>\n<p> Motoristas tamb\u00e9m reclamam do valor da contribui\u00e7\u00e3o previdenci\u00e1ria estabelecida no projeto, de 7,5%. O argumento \u00e9 que a medida tira o direito de escolha sobre o formato de contribui\u00e7\u00e3o. <\/p>\n<p> Muitos motoristas optam, por exemplo, por se tornarem MEIs (Microempreendedores Individuais) e seguirem as regras da modalidade. Atualmente, <a class href=\"https:\/\/g1.globo.com\/empreendedorismo\/noticia\/2024\/01\/05\/mei-tem-novo-valor-de-contribuicao-mensal-veja-os-valores-e-datas-para-ficar-atento-em-2024.ghtml\">a contribui\u00e7\u00e3o mensal para o MEI \u00e9 de <strong>R$ 70,60<\/strong><\/a>. <\/p>\n<p> \u00c9 por meio do pagamento em dia dessa contribui\u00e7\u00e3o mensal que o MEI garante benef\u00edcios previdenci\u00e1rios como aposentadoria por idade, aux\u00edlio-doen\u00e7a, aposentadoria por invalidez, aux\u00edlio-reclus\u00e3o, pens\u00e3o por morte e sal\u00e1rio-maternidade. <\/p>\n<p>&quot;O MEI abre oportunidade para comprarmos ve\u00edculos novos com desconto, por conta do CNPJ, al\u00e9m de garantir cr\u00e9ditos em postos de combust\u00edveis e pe\u00e7as com valor mais baixo. Se o motorista precisar do benef\u00edcio, vai receber um sal\u00e1rio m\u00ednimo, que \u00e9 a mesma proposta do governo, mas pagando muito menos&quot;, afirma o presidente da Amasp.<\/p>\n<p> Em um v\u00eddeo publicado nesta quarta-feira (6) nas redes sociais do <a class href=\"https:\/\/g1.globo.com\/tudo-sobre\/ministerio-do-trabalho\/\">Minist\u00e9rio do Trabalho<\/a>, o secret\u00e1rio-executivo da pasta, Francisco Macena, tratou sobre o tema. De acordo com ele, o objetivo da medida \u00e9 &quot;assegurar o direito previdenci\u00e1rio&quot;. <\/p>\n<p>&quot;Os trabalhadores v\u00e3o fazer uma contribui\u00e7\u00e3o com base no sal\u00e1rio m\u00ednimo, que \u00e9 de R$ 8 por hora. Ent\u00e3o, eles v\u00e3o contribuir com 7,5% sobre R$ 8, que d\u00e1 R$ 0,60. E as empresas, 20% sobre R$ 8, que vai dar R$ 1,60&quot;, afirmou.<\/p>\n<p> Sobre os tr\u00eas pontos acima, o Minist\u00e9rio do Trabalho e a Presid\u00eancia foram procurados pelo <a class href=\"https:\/\/g1.globo.com\/\"><strong>g1<\/strong><\/a> para comentar as cr\u00edticas recebidas, mas tamb\u00e9m n\u00e3o se manifestaram. <\/p>\n<p> O <a class href=\"https:\/\/g1.globo.com\/\"><strong>g1<\/strong><\/a> tamb\u00e9m procurou a 99 e a <a class href=\"https:\/\/g1.globo.com\/tudo-sobre\/uber\/\">Uber<\/a> para coment\u00e1rio. At\u00e9 a \u00faltima atualiza\u00e7\u00e3o desta reportagem, a 99 n\u00e3o respondeu. <\/p>\n<p> Em nota, a Uber disse apenas que o projeto &quot;amplia as prote\u00e7\u00f5es desta nova forma de trabalho sem preju\u00edzo da flexibilidade e autonomia&quot; e que est\u00e1 \u00e0 disposi\u00e7\u00e3o do Congresso para &quot;contribuir com o di\u00e1logo e o entendimento que ser\u00e3o cruciais nas pr\u00f3ximas etapas at\u00e9 a implementa\u00e7\u00e3o da nova legisla\u00e7\u00e3o&quot;. <\/p>\n<p>                   <img loading=\"lazy\" decoding=\"async\" class=\"aligncenter size-full wp-image-58484\" src=\"https:\/\/blog.corretoraideal.com.br\/wp-content\/uploads\/2024\/03\/motoristas-de-apps-saiba-como-estao-as-discussoes-sobre-o-tema-no-governo-lula-no-stf-e-no-congresso.jpeg\" alt=\"Motoristas de apps: saiba como est\u00e3o as discuss\u00f5es sobre o tema no governo Lula, no STF e no Congresso\" width=\"800\" height=\"400\" \/>       <\/p>\n<p> Motoristas de apps: saiba como est\u00e3o as discuss\u00f5es sobre o tema no governo Lula, no STF e no Congresso <\/p>\n<p><h2>Os poss\u00edveis reflexos nos pre\u00e7os das corridas<\/h2>\n<\/p>\n<p> O novo modelo de contribui\u00e7\u00e3o com a Previd\u00eancia tamb\u00e9m gerou preocupa\u00e7\u00e3o a respeito do pre\u00e7o do servi\u00e7o de transporte por apps. <\/p>\n<p> Segundo o advogado Gabriel de Britto Silva, especializado em direito empresarial, o aumento da despesa das empresas com o INSS tende a ser repassado aos clientes. <\/p>\n<p>&quot;Considerando que as empresas v\u00e3o arcar com parte dos custos relativos \u00e0s contribui\u00e7\u00f5es dos motoristas ao INSS, n\u00e3o h\u00e1 como imaginar que tais valores ser\u00e3o retirados da margem de lucro&quot;, afirma.<\/p>\n<p> Francisco Macena, do Minist\u00e9rio do Trabalho, afirma em v\u00eddeo publicado nas redes que o valor acrescentado por hora de viagem poder\u00e1 ser de <strong>R$ 2,20.<\/strong> <\/p>\n<p>&quot;Suponhamos que voc\u00ea fa\u00e7a uma viagem de 30 minutos, que \u00e9 muito acima da m\u00e9dia. Voc\u00ea pagaria apenas R$ 1,10. Agora, acredito que nem isso vai pagar, porque \u00e9 um valor muito pequeno e totalmente poss\u00edvel que as empresas incorporem&quot;, disse.<\/p>\n<p> Procuradas, tanto 99 como Uber n\u00e3o comentaram a quest\u00e3o. <\/p>\n<p><h2>Projeto passar\u00e1 pela C\u00e2mara e pelo Senado<\/h2>\n<\/p>\n<p> Para virar lei, o projeto ainda precisa ser aprovado em dois turnos na <a class href=\"https:\/\/g1.globo.com\/tudo-sobre\/camara-dos-deputados\/\">C\u00e2mara dos Deputados<\/a> e no Senado. O texto vai ser discutido em comiss\u00f5es e, no meio do caminho, pode ser alterado. <\/p>\n<p> Como o projeto foi enviado ao Congresso com urg\u00eancia constitucional, se n\u00e3o for votado em 45 dias, passar\u00e1 a trancar a pauta da C\u00e2mara. <\/p>\n<p><h2>Julgamento no STF<\/h2>\n<\/p>\n<p> O Supremo Tribunal Federal (STF) tamb\u00e9m analisa uma a\u00e7\u00e3o que discute se uma motorista de aplicativo tem v\u00ednculo de trabalho com a plataforma. <\/p>\n<p> A decis\u00e3o sobre o tema foi dividida em duas etapas: <\/p>\n<ul>\n<li><strong>Primeira:<\/strong> se o entendimento a ser firmado tem a chamada repercuss\u00e3o geral (ou seja, se valer\u00e1 para todas as inst\u00e2ncias da Justi\u00e7a);<\/li>\n<li><strong>Segunda:<\/strong> se efetivamente h\u00e1 o v\u00ednculo de trabalho.<\/li>\n<\/ul>\n<p> Na \u00faltima sexta-feira (1\u00ba), o STF decidiu por unanimidade pela repercuss\u00e3o geral. Isto \u00e9, o futuro entendimento a ser firmado pela Corte sobre o tema dever\u00e1 ser seguido por todas as demais inst\u00e2ncias da Justi\u00e7a em todos os processos semelhantes. <\/p>\n<p> Tomada a decis\u00e3o sobre a repercuss\u00e3o geral, o relator do caso, ministro <a class href=\"https:\/\/g1.globo.com\/tudo-sobre\/luiz-edson-fachin\/\">Luiz Edson Fachin<\/a>, pode determinar provid\u00eancias como realizar audi\u00eancias p\u00fablicas ou suspender processos que tratam do tema no Poder Judici\u00e1rio at\u00e9 que o plen\u00e1rio do STF julgue o m\u00e9rito do assunto. <\/p>\n<ul>\n<li> <a href=\"https:\/\/g1.globo.com\/tudo-sobre\/congresso-nacional\/\" class=\"entities__list-itemLink\" data-track-click=\"Congresso Nacional\"> Congresso Nacional <\/a> <\/li>\n<li> <a href=\"https:\/\/g1.globo.com\/tudo-sobre\/camara-dos-deputados\/\" class=\"entities__list-itemLink\" data-track-click=\"C\u00e2mara dos Deputados\"> C\u00e2mara dos Deputados <\/a> <\/li>\n<li> <a href=\"https:\/\/g1.globo.com\/tudo-sobre\/ibge\/\" class=\"entities__list-itemLink\" data-track-click=\"IBGE\"> IBGE <\/a> <\/li>\n<li> <a href=\"https:\/\/g1.globo.com\/tudo-sobre\/inss\/\" class=\"entities__list-itemLink\" data-track-click=\"INSS\"> INSS <\/a> <\/li>\n<li> <a href=\"https:\/\/g1.globo.com\/tudo-sobre\/luiz-edson-fachin\/\" class=\"entities__list-itemLink\" data-track-click=\"Luiz Edson Fachin\"> Luiz Edson Fachin <\/a> <\/li>\n<li> <a href=\"https:\/\/g1.globo.com\/tudo-sobre\/luiz-inacio-lula-da-silva\/\" class=\"entities__list-itemLink\" data-track-click=\"Luiz In\u00e1cio Lula da Silva\"> Luiz In\u00e1cio Lula da Silva <\/a> <\/li>\n<li> <a href=\"https:\/\/g1.globo.com\/tudo-sobre\/ministerio-do-trabalho\/\" class=\"entities__list-itemLink\" data-track-click=\"Minist\u00e9rio do Trabalho\"> Minist\u00e9rio do Trabalho <\/a> <\/li>\n<li> <a href=\"https:\/\/g1.globo.com\/politica\/partido\/pt\/\" class=\"entities__list-itemLink\" data-track-click=\"PT\"> PT <\/a> <\/li>\n<li> <a href=\"https:\/\/g1.globo.com\/tudo-sobre\/previdencia-social\/\" class=\"entities__list-itemLink\" data-track-click=\"Previd\u00eancia Social\"> Previd\u00eancia Social <\/a> <\/li>\n<li> <a href=\"https:\/\/g1.globo.com\/tudo-sobre\/supremo-tribunal-federal\/\" class=\"entities__list-itemLink\" data-track-click=\"STF - Supremo Tribunal Federal\"> STF &#8211; Supremo Tribunal Federal <\/a> <\/li>\n<li> <a href=\"https:\/\/g1.globo.com\/tudo-sobre\/senado-federal\/\" class=\"entities__list-itemLink\" data-track-click=\"Senado\"> Senado <\/a> <\/li>\n<li> <a href=\"https:\/\/g1.globo.com\/tudo-sobre\/uber\/\" class=\"entities__list-itemLink\" data-track-click=\"Uber\"> Uber <\/a> <\/li>\n<\/ul>\n<h3> <a id=\"js-next-article-desktop-link\" class=\"next-article-desktop-link\"><\/a> <\/h3>\n<h3> <a id=\"js-next-article-smart-link\" class=\"next-article-smart-link\"><\/a> <\/h3>\n<p>Veja tamb\u00e9m<\/p>\n<\/p>\n<\/p>\n<p>       Anterior   Pr\u00f3ximo     <\/p>\n","protected":false},"excerpt":{"rendered":"<p>Motoristas de apps: entenda o projeto e veja argumentos a favor e contra \u2014 e qual o caminho at\u00e9 virar lei Governo defende que proposta amplia direitos e garante seguran\u00e7a jur\u00eddica. Cr\u00edticos acreditam que a autonomia dos trabalhadores pode ser diminu\u00edda, com brecha para empresas pagarem menos por hora trabalhada. Por Andr\u00e9 Catto, g1 08\/03\/2024 [&hellip;]<\/p>\n","protected":false},"author":1,"featured_media":0,"comment_status":"closed","ping_status":"closed","sticky":false,"template":"","format":"standard","meta":{"footnotes":""},"categories":[],"tags":[],"class_list":["post-58480","post","type-post","status-publish","format-standard","hentry"],"_links":{"self":[{"href":"https:\/\/blog.corretoraideal.com.br\/index.php\/wp-json\/wp\/v2\/posts\/58480","targetHints":{"allow":["GET"]}}],"collection":[{"href":"https:\/\/blog.corretoraideal.com.br\/index.php\/wp-json\/wp\/v2\/posts"}],"about":[{"href":"https:\/\/blog.corretoraideal.com.br\/index.php\/wp-json\/wp\/v2\/types\/post"}],"author":[{"embeddable":true,"href":"https:\/\/blog.corretoraideal.com.br\/index.php\/wp-json\/wp\/v2\/users\/1"}],"replies":[{"embeddable":true,"href":"https:\/\/blog.corretoraideal.com.br\/index.php\/wp-json\/wp\/v2\/comments?post=58480"}],"version-history":[{"count":1,"href":"https:\/\/blog.corretoraideal.com.br\/index.php\/wp-json\/wp\/v2\/posts\/58480\/revisions"}],"predecessor-version":[{"id":58485,"href":"https:\/\/blog.corretoraideal.com.br\/index.php\/wp-json\/wp\/v2\/posts\/58480\/revisions\/58485"}],"wp:attachment":[{"href":"https:\/\/blog.corretoraideal.com.br\/index.php\/wp-json\/wp\/v2\/media?parent=58480"}],"wp:term":[{"taxonomy":"category","embeddable":true,"href":"https:\/\/blog.corretoraideal.com.br\/index.php\/wp-json\/wp\/v2\/categories?post=58480"},{"taxonomy":"post_tag","embeddable":true,"href":"https:\/\/blog.corretoraideal.com.br\/index.php\/wp-json\/wp\/v2\/tags?post=58480"}],"curies":[{"name":"wp","href":"https:\/\/api.w.org\/{rel}","templated":true}]}}