{"id":58490,"date":"2024-03-08T18:29:42","date_gmt":"2024-03-08T18:29:42","guid":{"rendered":"https:\/\/blog.corretoraideal.com.br\/?p=58490"},"modified":"2024-03-08T18:29:42","modified_gmt":"2024-03-08T18:29:42","slug":"homem-e-preso-suspeito-de-torturar-e-manter-mulher-em-carcere-privado-em-campos-norte-fluminense-g1","status":"publish","type":"post","link":"https:\/\/blog.corretoraideal.com.br\/index.php\/2024\/03\/08\/homem-e-preso-suspeito-de-torturar-e-manter-mulher-em-carcere-privado-em-campos-norte-fluminense-g1\/","title":{"rendered":"Homem \u00e9 preso suspeito de torturar e manter mulher em c\u00e1rcere privado em Campos | Norte Fluminense | G1"},"content":{"rendered":"<br \/>\n<h1>Homem \u00e9 preso suspeito de torturar e manter mulher em c\u00e1rcere privado em Campos<\/h1>\n<h2>A v\u00edtima foi liberada pelos policiais na noite desta quinta-feira (7); mandados de pris\u00e3o est\u00e3o sendo cumpridos na cidade.<\/h2>\n<p> Por Yuri Ramos, g1 &mdash; Campos <\/p>\n<p>  08\/03\/2024 14h47    Atualizado  08\/03\/2024    <\/p>\n<p> Um homem foi preso em flagrante na noite desta quinta-feira (7) suspeito de torturar e manter a mulher dele em c\u00e1rcere privado, em <a class href=\"https:\/\/g1.globo.com\/rj\/norte-fluminense\/cidade\/campos-dos-goytacazes\/\">Campos dos Goytacazes<\/a>, no Norte Fluminense. <\/p>\n<p> De acordo com a delegada Madeleine Dykeman, da Delegacia Especializada no Atendimento \u00e0 Mulher (Deam), o homem foi detido no bairro Novo Horizonte, e a v\u00edtima foi libertada pelos policiais. <\/p>\n<p> Ainda de acordo com a Deam, nesta sexta-feira (8), Dia Internacional da Mulher, policiais est\u00e3o nas ruas para cumprir mandados de pris\u00e3o. <\/p>\n<p> <strong>*Esta reportagem segue em atualiza\u00e7\u00e3o.<\/strong> <\/p>\n<ul>\n<li> <a href=\"https:\/\/g1.globo.com\/rj\/norte-fluminense\/cidade\/campos-dos-goytacazes\/\" class=\"entities__list-itemLink\" data-track-click=\"Campos dos Goytacazes\"> Campos dos Goytacazes <\/a> <\/li>\n<\/ul>\n<h3> <a id=\"js-next-article-desktop-link\" class=\"next-article-desktop-link\"><\/a> <\/h3>\n<h3> <a id=\"js-next-article-smart-link\" class=\"next-article-smart-link\"><\/a> <\/h3>\n<p>Veja tamb\u00e9m<\/p>\n<\/p>\n<\/p>\n<p>       Anterior   Pr\u00f3ximo     <\/p>\n","protected":false},"excerpt":{"rendered":"<p>Homem \u00e9 preso suspeito de torturar e manter mulher em c\u00e1rcere privado em Campos A v\u00edtima foi liberada pelos policiais na noite desta quinta-feira (7); mandados de pris\u00e3o est\u00e3o sendo cumpridos na cidade. Por Yuri Ramos, g1 &mdash; Campos 08\/03\/2024 14h47 Atualizado 08\/03\/2024 Um homem foi preso em flagrante na noite desta quinta-feira (7) suspeito [&hellip;]<\/p>\n","protected":false},"author":1,"featured_media":0,"comment_status":"closed","ping_status":"closed","sticky":false,"template":"","format":"standard","meta":{"footnotes":""},"categories":[],"tags":[],"class_list":["post-58490","post","type-post","status-publish","format-standard","hentry"],"_links":{"self":[{"href":"https:\/\/blog.corretoraideal.com.br\/index.php\/wp-json\/wp\/v2\/posts\/58490","targetHints":{"allow":["GET"]}}],"collection":[{"href":"https:\/\/blog.corretoraideal.com.br\/index.php\/wp-json\/wp\/v2\/posts"}],"about":[{"href":"https:\/\/blog.corretoraideal.com.br\/index.php\/wp-json\/wp\/v2\/types\/post"}],"author":[{"embeddable":true,"href":"https:\/\/blog.corretoraideal.com.br\/index.php\/wp-json\/wp\/v2\/users\/1"}],"replies":[{"embeddable":true,"href":"https:\/\/blog.corretoraideal.com.br\/index.php\/wp-json\/wp\/v2\/comments?post=58490"}],"version-history":[{"count":1,"href":"https:\/\/blog.corretoraideal.com.br\/index.php\/wp-json\/wp\/v2\/posts\/58490\/revisions"}],"predecessor-version":[{"id":58492,"href":"https:\/\/blog.corretoraideal.com.br\/index.php\/wp-json\/wp\/v2\/posts\/58490\/revisions\/58492"}],"wp:attachment":[{"href":"https:\/\/blog.corretoraideal.com.br\/index.php\/wp-json\/wp\/v2\/media?parent=58490"}],"wp:term":[{"taxonomy":"category","embeddable":true,"href":"https:\/\/blog.corretoraideal.com.br\/index.php\/wp-json\/wp\/v2\/categories?post=58490"},{"taxonomy":"post_tag","embeddable":true,"href":"https:\/\/blog.corretoraideal.com.br\/index.php\/wp-json\/wp\/v2\/tags?post=58490"}],"curies":[{"name":"wp","href":"https:\/\/api.w.org\/{rel}","templated":true}]}}